{"id":191,"date":"2015-06-16T12:28:59","date_gmt":"2015-06-16T10:28:59","guid":{"rendered":"http:\/\/acltf.org\/wordpressacltf\/?p=191"},"modified":"2015-06-23T14:23:56","modified_gmt":"2015-06-23T12:23:56","slug":"congreso-iberico-de-terapia-familiar","status":"publish","type":"post","link":"http:\/\/acltf.org\/wordpressacltf\/2015\/06\/16\/congreso-iberico-de-terapia-familiar\/","title":{"rendered":"Congreso Ib\u00e9rico de Terapia Familiar"},"content":{"rendered":"<p>Como Presidente del Comit\u00e9 Organizador, te doy la bienvenida a la p\u00e1gina web del III Congreso Ib\u00e9rico de Terapia Familiar. Aqu\u00ed podr\u00e1s encontrar informaci\u00f3n acerca del evento, del lugar donde se realizar\u00e1 y de la ciudad que lo acoge. Podr\u00e1s inscribirte y tambi\u00e9n enviar tus propuestas.<\/p>\n<p>Como comprobar\u00e1s en el Programa, la oferta acad\u00e9mica es de alt\u00edsimo nivel, tanto por los ponentes nacionales, como por los del extranjero. Se cuenta con invitados como Marcelo Rodr\u00edguez Ceberio de Argentina, Ben Furman de Finlandia y Celia Jaes Falicov de EEUU y por supuesto, ponentes y autoridades de nuestro vecino y co-organizador Portugal, como Ana Gomes, Antonio Coelho, Ana Paula Relvas, Margarida Vila\u00e7a, Rita Silveira Machado, Isabel Alberto, Jos\u00e9 Manuel Almeida e Costa, Luciana Sotero, Wolfang Lind, Milice Ribeiro dos Santos, Isabel Brand\u00e3o y Joana Sequeira. De Espa\u00f1a estar\u00e1n Juan Luis Linares, Ana Mar\u00eda Gil, Jos\u00e9 Navarro G\u00f3ngora, Teresa Moratalla Gellida, Roberto Pereira Tercero, Ana P\u00e9rez Mu\u00f1oz, Alberto Rodr\u00edguez Morej\u00f3n, Annette Kreuz Smolinski, Carlos Chimp\u00e9n L\u00f3pez, Jos\u00e9 Mar\u00eda Rodr\u00edguez de Castro, Jos\u00e9 Manuel Gonz\u00e1lez Alonso, Anna Vilaregut, Garazi Rivas, Jos\u00e9 Soriano Pacheco, Carmen Casas Garc\u00eda y Nerea Cervi\u00f1o (el detalle de sus participaciones se puede ver en la pesta\u00f1a del Programa).<!--more--><\/p>\n<p>Habr\u00e1 tres cursos pre congreso, cuatro ponencias plenarias, seis mesas redondas, un simposio, talleres, comunicaciones y exposici\u00f3n de posters. Durante las dos Jornadas Precongreso, se realizar\u00e1n cursos sobre la Violencia y la Dependencia a las Drogas, los Trastornos de P\u00e1nico y las Soluciones que ofrece el Coaching para la Gesti\u00f3n de Organizaciones.<\/p>\n<p>En las tres Jornadas del Congreso, se presentar\u00e1n temas como la Relaci\u00f3n entre la Psicoterapia y las Neurociencias, Intervenciones con Ni\u00f1os y Adolescentes, las Caracter\u00edsticas de la Relaci\u00f3n Terap\u00e9utica, Modelos de Intervenci\u00f3n en Familias Obligadas al Tratamiento, la Multiculturalidad en sus dimensiones Familiar y de Pareja, Infancia y Adopciones, la Violencia en la Familia, la Evaluaci\u00f3n y La Investigaci\u00f3n en Terapia Familiar y la presentaci\u00f3n del SCORE 15 como Herramienta de Evaluaci\u00f3n Europea.<\/p>\n<p>Es decir, una buena combinaci\u00f3n de ponentes de reconocida trayectoria, una variada y atractiva propuesta acad\u00e9mica junto con una estructura adecuada para dar la oportunidad de participaci\u00f3n a aquellos que lo deseen a trav\u00e9s de la presentaci\u00f3n de sus trabajos. Desde ya te invitamos y estaremos gustosos de que propongas iniciativas para talleres, comunicaciones o posters.<\/p>\n<p>El marco del evento, la Instituci\u00f3n Cultural el Brocense, es inmejorable. Se ha contado con el amplio apoyo de la Diputaci\u00f3n de C\u00e1ceres, a cuyas autoridades se debe reconocer y agradecer p\u00fablicamente.<\/p>\n<p>La Ciudad de C\u00e1ceres tiene caracter\u00edsticas distintivas. Su Casco Antiguo, por ser\u00a0uno de los Conjuntos Urbanos de la\u00a0Edad Media\u00a0y del\u00a0Renacimiento\u00a0m\u00e1s completos del mundo,\u00a0 fue declarado por la UNESCO,\u00a0Patrimonio de la Humanidad. Es tambi\u00e9n el Tercer\u00a0Conjunto Monumental de Europa, tras Praga y Tall\u00edn.<\/p>\n<p>Por \u00faltimo, deseo compartir contigo otro tipo de informaci\u00f3n. Este Congreso cont\u00f3 y cuenta con el esfuerzo sostenido de un equipo de trabajo de la Asociaci\u00f3n Extreme\u00f1a de Terapia Familiar Sist\u00e9mica (AETFS) responsable de la organizaci\u00f3n, que junto con la Federaci\u00f3n Espa\u00f1ola de Asociaciones de Terapia Familiar (FEATF) y la Sociedade Portuguesa de Terapia Familiar (SPTF)\u00a0han intentado combinar, creo que con \u00e9xito, una oferta acad\u00e9mica atractiva con un amplio espacio de participaci\u00f3n.<\/p>\n<p>Un saludo y\u2026<\/p>\n<p>\u00a1Nos vemos en C\u00e1ceres!<\/p>\n<div><a class=\"fancybox image\" href=\"https:\/\/i0.wp.com\/www.iiicongresoibericotf.com\/wp-content\/uploads\/2015\/04\/omar-zein.jpg\"><img decoding=\"async\" src=\"https:\/\/i0.wp.com\/www.iiicongresoibericotf.com\/wp-content\/uploads\/2015\/04\/omar-zein.jpg?w=545\" alt=\"\" data-recalc-dims=\"1\" \/><\/a><a class=\"fancybox image\" href=\"https:\/\/i0.wp.com\/www.iiicongresoibericotf.com\/wp-content\/uploads\/2015\/04\/firma-OZ.png\"><img decoding=\"async\" loading=\"lazy\" src=\"https:\/\/i0.wp.com\/www.iiicongresoibericotf.com\/wp-content\/uploads\/2015\/04\/firma-OZ-297x300.png?resize=97%2C100\" alt=\"firma-OZ\" width=\"97\" height=\"100\" data-recalc-dims=\"1\" \/><\/a><\/div>\n<div>Omar Hugo Zein Becherini<\/div>\n<div><\/div>\n<div>Fuente original en\u00a0<a href=\"http:\/\/www.iiicongresoibericotf.com\/\">http:\/\/www.iiicongresoibericotf.com\/\u00a0<\/a><\/div>\n<a class=\"synved-social-button synved-social-button-follow synved-social-size-48 synved-social-resolution-single synved-social-provider-facebook nolightbox\" data-provider=\"facebook\" target=\"_blank\" rel=\"nofollow\" title=\"Follow us on Facebook\" href=\"https:\/\/www.facebook.com\/facebook\" style=\"font-size: 0px;width:48px;height:48px;margin:0;margin-bottom:5px;margin-right:5px\"><img alt=\"Facebook\" title=\"Follow us on Facebook\" class=\"synved-share-image synved-social-image synved-social-image-follow\" width=\"48\" height=\"48\" style=\"display: inline;width:48px;height:48px;margin: 0;padding: 0;border: none\" src=\"https:\/\/i0.wp.com\/acltf.org\/wordpressacltf\/wp-content\/plugins\/social-media-feather\/synved-social\/image\/social\/regular\/96x96\/facebook.png?resize=48%2C48\" data-recalc-dims=\"1\" \/><\/a><a class=\"synved-social-button synved-social-button-follow synved-social-size-48 synved-social-resolution-single synved-social-provider-twitter nolightbox\" data-provider=\"twitter\" target=\"_blank\" rel=\"nofollow\" title=\"Follow us on Twitter\" href=\"https:\/\/twitter.com\/twitter\" style=\"font-size: 0px;width:48px;height:48px;margin:0;margin-bottom:5px;margin-right:5px\"><img alt=\"twitter\" title=\"Follow us on Twitter\" class=\"synved-share-image synved-social-image synved-social-image-follow\" width=\"48\" height=\"48\" style=\"display: inline;width:48px;height:48px;margin: 0;padding: 0;border: none\" src=\"https:\/\/i0.wp.com\/acltf.org\/wordpressacltf\/wp-content\/plugins\/social-media-feather\/synved-social\/image\/social\/regular\/96x96\/twitter.png?resize=48%2C48\" data-recalc-dims=\"1\" \/><\/a><a class=\"synved-social-button synved-social-button-follow synved-social-size-48 synved-social-resolution-single synved-social-provider-linkedin nolightbox\" data-provider=\"linkedin\" target=\"_blank\" rel=\"nofollow\" title=\"Find us on Linkedin\" href=\"https:\/\/www.linkedin.com\/in\/yourid\" style=\"font-size: 0px;width:48px;height:48px;margin:0;margin-bottom:5px;margin-right:5px\"><img alt=\"linkedin\" title=\"Find us on Linkedin\" class=\"synved-share-image synved-social-image synved-social-image-follow\" width=\"48\" height=\"48\" style=\"display: inline;width:48px;height:48px;margin: 0;padding: 0;border: none\" src=\"https:\/\/i0.wp.com\/acltf.org\/wordpressacltf\/wp-content\/plugins\/social-media-feather\/synved-social\/image\/social\/regular\/96x96\/linkedin.png?resize=48%2C48\" data-recalc-dims=\"1\" \/><\/a><a class=\"synved-social-button synved-social-button-follow synved-social-size-48 synved-social-resolution-single synved-social-provider-instagram nolightbox\" data-provider=\"instagram\" target=\"_blank\" rel=\"nofollow\" title=\"Check out our instagram feed\" href=\"https:\/\/instagram.com\/myusername\" style=\"font-size: 0px;width:48px;height:48px;margin:0;margin-bottom:5px;margin-right:5px\"><img alt=\"instagram\" title=\"Check out our instagram feed\" class=\"synved-share-image synved-social-image synved-social-image-follow\" width=\"48\" height=\"48\" style=\"display: inline;width:48px;height:48px;margin: 0;padding: 0;border: none\" src=\"https:\/\/i0.wp.com\/acltf.org\/wordpressacltf\/wp-content\/plugins\/social-media-feather\/synved-social\/image\/social\/regular\/96x96\/instagram.png?resize=48%2C48\" data-recalc-dims=\"1\" \/><\/a><a class=\"synved-social-button synved-social-button-follow synved-social-size-48 synved-social-resolution-single synved-social-provider-flickr nolightbox\" data-provider=\"flickr\" target=\"_blank\" rel=\"nofollow\" title=\"Check out our flickr feed\" href=\"https:\/\/www.flickr.com\/photos\/myusername\/\" style=\"font-size: 0px;width:48px;height:48px;margin:0;margin-bottom:5px;margin-right:5px\"><img alt=\"flickr\" title=\"Check out our flickr feed\" class=\"synved-share-image synved-social-image synved-social-image-follow\" width=\"48\" height=\"48\" style=\"display: inline;width:48px;height:48px;margin: 0;padding: 0;border: none\" src=\"https:\/\/i0.wp.com\/acltf.org\/wordpressacltf\/wp-content\/plugins\/social-media-feather\/synved-social\/image\/social\/regular\/96x96\/flickr.png?resize=48%2C48\" data-recalc-dims=\"1\" \/><\/a><a class=\"synved-social-button synved-social-button-follow synved-social-size-48 synved-social-resolution-single synved-social-provider-foursquare nolightbox\" data-provider=\"foursquare\" target=\"_blank\" rel=\"nofollow\" title=\"Check out our foursquare feed\" href=\"https:\/\/foursquare.com\/myusername\" style=\"font-size: 0px;width:48px;height:48px;margin:0;margin-bottom:5px;margin-right:5px\"><img alt=\"foursquare\" title=\"Check out our foursquare feed\" class=\"synved-share-image synved-social-image synved-social-image-follow\" width=\"48\" height=\"48\" style=\"display: inline;width:48px;height:48px;margin: 0;padding: 0;border: none\" src=\"https:\/\/i0.wp.com\/acltf.org\/wordpressacltf\/wp-content\/plugins\/social-media-feather\/synved-social\/image\/social\/regular\/96x96\/foursquare.png?resize=48%2C48\" data-recalc-dims=\"1\" \/><\/a><a class=\"synved-social-button synved-social-button-follow synved-social-size-48 synved-social-resolution-single synved-social-provider-mail nolightbox\" data-provider=\"mail\" rel=\"nofollow\" title=\"Contact Us\" href=\"mailto:mail@example.com?subject=Contact%20Request\" style=\"font-size: 0px;width:48px;height:48px;margin:0;margin-bottom:5px\"><img alt=\"mail\" title=\"Contact Us\" class=\"synved-share-image synved-social-image synved-social-image-follow\" width=\"48\" height=\"48\" style=\"display: inline;width:48px;height:48px;margin: 0;padding: 0;border: none\" src=\"https:\/\/i0.wp.com\/acltf.org\/wordpressacltf\/wp-content\/plugins\/social-media-feather\/synved-social\/image\/social\/regular\/96x96\/mail.png?resize=48%2C48\" data-recalc-dims=\"1\" \/><\/a>","protected":false},"excerpt":{"rendered":"<p>Como Presidente del Comit\u00e9 Organizador, te doy la bienvenida a la p\u00e1gina web del III Congreso Ib\u00e9rico de Terapia Familiar. Aqu\u00ed podr\u00e1s encontrar informaci\u00f3n acerca del evento, del lugar donde se realizar\u00e1 y de la ciudad que lo acoge. Podr\u00e1s inscribirte y tambi\u00e9n enviar tus propuestas. Como comprobar\u00e1s en el Programa, la oferta acad\u00e9mica es [&hellip;]<\/p>\n","protected":false},"author":1,"featured_media":192,"comment_status":"open","ping_status":"open","sticky":false,"template":"","format":"standard","meta":{"jetpack_post_was_ever_published":false,"_jetpack_newsletter_access":"","_jetpack_newsletter_tier_id":0,"jetpack_publicize_message":"","jetpack_is_tweetstorm":false,"jetpack_publicize_feature_enabled":true,"jetpack_social_post_already_shared":false,"jetpack_social_options":{"image_generator_settings":{"template":"highway","enabled":false}}},"categories":[6],"tags":[],"jetpack_publicize_connections":[],"yoast_head":"<!-- This site is optimized with the Yoast SEO plugin v21.8.1 - https:\/\/yoast.com\/wordpress\/plugins\/seo\/ -->\n<title>Congreso Ib\u00e9rico de Terapia Familiar - Asociaci\u00f3n Castellano Leonesa de Terapia Familiar<\/title>\n<meta name=\"robots\" content=\"index, follow, max-snippet:-1, max-image-preview:large, max-video-preview:-1\" \/>\n<link rel=\"canonical\" href=\"http:\/\/acltf.org\/wordpressacltf\/2015\/06\/16\/congreso-iberico-de-terapia-familiar\/\" \/>\n<meta property=\"og:locale\" content=\"es_ES\" \/>\n<meta property=\"og:type\" content=\"article\" \/>\n<meta property=\"og:title\" content=\"Congreso Ib\u00e9rico de Terapia Familiar - Asociaci\u00f3n Castellano Leonesa de Terapia Familiar\" \/>\n<meta property=\"og:description\" content=\"Como Presidente del Comit\u00e9 Organizador, te doy la bienvenida a la p\u00e1gina web del III Congreso Ib\u00e9rico de Terapia Familiar. Aqu\u00ed podr\u00e1s encontrar informaci\u00f3n acerca del evento, del lugar donde se realizar\u00e1 y de la ciudad que lo acoge. Podr\u00e1s inscribirte y tambi\u00e9n enviar tus propuestas. Como comprobar\u00e1s en el Programa, la oferta acad\u00e9mica es [&hellip;]\" \/>\n<meta property=\"og:url\" content=\"http:\/\/acltf.org\/wordpressacltf\/2015\/06\/16\/congreso-iberico-de-terapia-familiar\/\" \/>\n<meta property=\"og:site_name\" content=\"Asociaci\u00f3n Castellano Leonesa de Terapia Familiar\" \/>\n<meta property=\"article:publisher\" content=\"https:\/\/www.facebook.com\/pages\/Asociaci%c3%b3n-Castellano-Leonesa-de-Terapia-Familiar\/820904984647986?fref=ts\" \/>\n<meta property=\"article:published_time\" content=\"2015-06-16T10:28:59+00:00\" \/>\n<meta property=\"article:modified_time\" content=\"2015-06-23T12:23:56+00:00\" \/>\n<meta property=\"og:image\" content=\"https:\/\/i0.wp.com\/acltf.org\/wordpressacltf\/wp-content\/uploads\/2015\/06\/Captura-de-pantalla-2015-06-16-a-las-12.27.58.png?fit=660%2C327\" \/>\n\t<meta property=\"og:image:width\" content=\"660\" \/>\n\t<meta property=\"og:image:height\" content=\"327\" \/>\n\t<meta property=\"og:image:type\" content=\"image\/png\" \/>\n<meta name=\"author\" content=\"acltf\" \/>\n<meta name=\"twitter:card\" content=\"summary_large_image\" \/>\n<meta name=\"twitter:label1\" content=\"Escrito por\" \/>\n\t<meta name=\"twitter:data1\" content=\"acltf\" \/>\n\t<meta name=\"twitter:label2\" content=\"Tiempo de lectura\" \/>\n\t<meta name=\"twitter:data2\" content=\"3 minutos\" \/>\n<script type=\"application\/ld+json\" class=\"yoast-schema-graph\">{\"@context\":\"https:\/\/schema.org\",\"@graph\":[{\"@type\":\"Article\",\"@id\":\"http:\/\/acltf.org\/wordpressacltf\/2015\/06\/16\/congreso-iberico-de-terapia-familiar\/#article\",\"isPartOf\":{\"@id\":\"http:\/\/acltf.org\/wordpressacltf\/2015\/06\/16\/congreso-iberico-de-terapia-familiar\/\"},\"author\":{\"name\":\"acltf\",\"@id\":\"http:\/\/acltf.org\/wordpressacltf\/#\/schema\/person\/b6c564ade2d2bb9314129dcb39e0e683\"},\"headline\":\"Congreso Ib\u00e9rico de Terapia Familiar\",\"datePublished\":\"2015-06-16T10:28:59+00:00\",\"dateModified\":\"2015-06-23T12:23:56+00:00\",\"mainEntityOfPage\":{\"@id\":\"http:\/\/acltf.org\/wordpressacltf\/2015\/06\/16\/congreso-iberico-de-terapia-familiar\/\"},\"wordCount\":623,\"commentCount\":14,\"publisher\":{\"@id\":\"http:\/\/acltf.org\/wordpressacltf\/#organization\"},\"articleSection\":[\"Noticias\"],\"inLanguage\":\"es\",\"potentialAction\":[{\"@type\":\"CommentAction\",\"name\":\"Comment\",\"target\":[\"http:\/\/acltf.org\/wordpressacltf\/2015\/06\/16\/congreso-iberico-de-terapia-familiar\/#respond\"]}]},{\"@type\":\"WebPage\",\"@id\":\"http:\/\/acltf.org\/wordpressacltf\/2015\/06\/16\/congreso-iberico-de-terapia-familiar\/\",\"url\":\"http:\/\/acltf.org\/wordpressacltf\/2015\/06\/16\/congreso-iberico-de-terapia-familiar\/\",\"name\":\"Congreso Ib\u00e9rico de Terapia Familiar - Asociaci\u00f3n Castellano Leonesa de Terapia Familiar\",\"isPartOf\":{\"@id\":\"http:\/\/acltf.org\/wordpressacltf\/#website\"},\"datePublished\":\"2015-06-16T10:28:59+00:00\",\"dateModified\":\"2015-06-23T12:23:56+00:00\",\"breadcrumb\":{\"@id\":\"http:\/\/acltf.org\/wordpressacltf\/2015\/06\/16\/congreso-iberico-de-terapia-familiar\/#breadcrumb\"},\"inLanguage\":\"es\",\"potentialAction\":[{\"@type\":\"ReadAction\",\"target\":[\"http:\/\/acltf.org\/wordpressacltf\/2015\/06\/16\/congreso-iberico-de-terapia-familiar\/\"]}]},{\"@type\":\"BreadcrumbList\",\"@id\":\"http:\/\/acltf.org\/wordpressacltf\/2015\/06\/16\/congreso-iberico-de-terapia-familiar\/#breadcrumb\",\"itemListElement\":[{\"@type\":\"ListItem\",\"position\":1,\"name\":\"Portada\",\"item\":\"http:\/\/acltf.org\/wordpressacltf\/\"},{\"@type\":\"ListItem\",\"position\":2,\"name\":\"Congreso Ib\u00e9rico de Terapia Familiar\"}]},{\"@type\":\"WebSite\",\"@id\":\"http:\/\/acltf.org\/wordpressacltf\/#website\",\"url\":\"http:\/\/acltf.org\/wordpressacltf\/\",\"name\":\"Asociaci\u00f3n Castellano Leonesa de Terapia Familiar\",\"description\":\"Asociaci\u00f3n de Terapia Familiar\",\"publisher\":{\"@id\":\"http:\/\/acltf.org\/wordpressacltf\/#organization\"},\"potentialAction\":[{\"@type\":\"SearchAction\",\"target\":{\"@type\":\"EntryPoint\",\"urlTemplate\":\"http:\/\/acltf.org\/wordpressacltf\/?s={search_term_string}\"},\"query-input\":\"required name=search_term_string\"}],\"inLanguage\":\"es\"},{\"@type\":\"Organization\",\"@id\":\"http:\/\/acltf.org\/wordpressacltf\/#organization\",\"name\":\"acltf\",\"url\":\"http:\/\/acltf.org\/wordpressacltf\/\",\"logo\":{\"@type\":\"ImageObject\",\"inLanguage\":\"es\",\"@id\":\"http:\/\/acltf.org\/wordpressacltf\/#\/schema\/logo\/image\/\",\"url\":\"http:\/\/acltf.org\/wordpressacltf\/wp-content\/uploads\/2015\/05\/Logo250.png\",\"contentUrl\":\"http:\/\/acltf.org\/wordpressacltf\/wp-content\/uploads\/2015\/05\/Logo250.png\",\"width\":250,\"height\":250,\"caption\":\"acltf\"},\"image\":{\"@id\":\"http:\/\/acltf.org\/wordpressacltf\/#\/schema\/logo\/image\/\"},\"sameAs\":[\"https:\/\/www.facebook.com\/pages\/Asociaci\u00f3n-Castellano-Leonesa-de-Terapia-Familiar\/820904984647986?fref=ts\"]},{\"@type\":\"Person\",\"@id\":\"http:\/\/acltf.org\/wordpressacltf\/#\/schema\/person\/b6c564ade2d2bb9314129dcb39e0e683\",\"name\":\"acltf\",\"image\":{\"@type\":\"ImageObject\",\"inLanguage\":\"es\",\"@id\":\"http:\/\/acltf.org\/wordpressacltf\/#\/schema\/person\/image\/\",\"url\":\"http:\/\/2.gravatar.com\/avatar\/e02eb9fac6bef8ad5fde1db30df7d020?s=96&d=mm&r=g\",\"contentUrl\":\"http:\/\/2.gravatar.com\/avatar\/e02eb9fac6bef8ad5fde1db30df7d020?s=96&d=mm&r=g\",\"caption\":\"acltf\"},\"description\":\"Asociaci\u00f3n de Terapia Familiar de Castilla y Le\u00f3n info@acltf.org\",\"url\":\"http:\/\/acltf.org\/wordpressacltf\/author\/acltf\/\"}]}<\/script>\n<!-- \/ Yoast SEO plugin. -->","yoast_head_json":{"title":"Congreso Ib\u00e9rico de Terapia Familiar - Asociaci\u00f3n Castellano Leonesa de Terapia Familiar","robots":{"index":"index","follow":"follow","max-snippet":"max-snippet:-1","max-image-preview":"max-image-preview:large","max-video-preview":"max-video-preview:-1"},"canonical":"http:\/\/acltf.org\/wordpressacltf\/2015\/06\/16\/congreso-iberico-de-terapia-familiar\/","og_locale":"es_ES","og_type":"article","og_title":"Congreso Ib\u00e9rico de Terapia Familiar - Asociaci\u00f3n Castellano Leonesa de Terapia Familiar","og_description":"Como Presidente del Comit\u00e9 Organizador, te doy la bienvenida a la p\u00e1gina web del III Congreso Ib\u00e9rico de Terapia Familiar. Aqu\u00ed podr\u00e1s encontrar informaci\u00f3n acerca del evento, del lugar donde se realizar\u00e1 y de la ciudad que lo acoge. Podr\u00e1s inscribirte y tambi\u00e9n enviar tus propuestas. Como comprobar\u00e1s en el Programa, la oferta acad\u00e9mica es [&hellip;]","og_url":"http:\/\/acltf.org\/wordpressacltf\/2015\/06\/16\/congreso-iberico-de-terapia-familiar\/","og_site_name":"Asociaci\u00f3n Castellano Leonesa de Terapia Familiar","article_publisher":"https:\/\/www.facebook.com\/pages\/Asociaci%c3%b3n-Castellano-Leonesa-de-Terapia-Familiar\/820904984647986?fref=ts","article_published_time":"2015-06-16T10:28:59+00:00","article_modified_time":"2015-06-23T12:23:56+00:00","og_image":[{"width":660,"height":327,"url":"https:\/\/i0.wp.com\/acltf.org\/wordpressacltf\/wp-content\/uploads\/2015\/06\/Captura-de-pantalla-2015-06-16-a-las-12.27.58.png?fit=660%2C327","type":"image\/png"}],"author":"acltf","twitter_card":"summary_large_image","twitter_misc":{"Escrito por":"acltf","Tiempo de lectura":"3 minutos"},"schema":{"@context":"https:\/\/schema.org","@graph":[{"@type":"Article","@id":"http:\/\/acltf.org\/wordpressacltf\/2015\/06\/16\/congreso-iberico-de-terapia-familiar\/#article","isPartOf":{"@id":"http:\/\/acltf.org\/wordpressacltf\/2015\/06\/16\/congreso-iberico-de-terapia-familiar\/"},"author":{"name":"acltf","@id":"http:\/\/acltf.org\/wordpressacltf\/#\/schema\/person\/b6c564ade2d2bb9314129dcb39e0e683"},"headline":"Congreso Ib\u00e9rico de Terapia Familiar","datePublished":"2015-06-16T10:28:59+00:00","dateModified":"2015-06-23T12:23:56+00:00","mainEntityOfPage":{"@id":"http:\/\/acltf.org\/wordpressacltf\/2015\/06\/16\/congreso-iberico-de-terapia-familiar\/"},"wordCount":623,"commentCount":14,"publisher":{"@id":"http:\/\/acltf.org\/wordpressacltf\/#organization"},"articleSection":["Noticias"],"inLanguage":"es","potentialAction":[{"@type":"CommentAction","name":"Comment","target":["http:\/\/acltf.org\/wordpressacltf\/2015\/06\/16\/congreso-iberico-de-terapia-familiar\/#respond"]}]},{"@type":"WebPage","@id":"http:\/\/acltf.org\/wordpressacltf\/2015\/06\/16\/congreso-iberico-de-terapia-familiar\/","url":"http:\/\/acltf.org\/wordpressacltf\/2015\/06\/16\/congreso-iberico-de-terapia-familiar\/","name":"Congreso Ib\u00e9rico de Terapia Familiar - Asociaci\u00f3n Castellano Leonesa de Terapia Familiar","isPartOf":{"@id":"http:\/\/acltf.org\/wordpressacltf\/#website"},"datePublished":"2015-06-16T10:28:59+00:00","dateModified":"2015-06-23T12:23:56+00:00","breadcrumb":{"@id":"http:\/\/acltf.org\/wordpressacltf\/2015\/06\/16\/congreso-iberico-de-terapia-familiar\/#breadcrumb"},"inLanguage":"es","potentialAction":[{"@type":"ReadAction","target":["http:\/\/acltf.org\/wordpressacltf\/2015\/06\/16\/congreso-iberico-de-terapia-familiar\/"]}]},{"@type":"BreadcrumbList","@id":"http:\/\/acltf.org\/wordpressacltf\/2015\/06\/16\/congreso-iberico-de-terapia-familiar\/#breadcrumb","itemListElement":[{"@type":"ListItem","position":1,"name":"Portada","item":"http:\/\/acltf.org\/wordpressacltf\/"},{"@type":"ListItem","position":2,"name":"Congreso Ib\u00e9rico de Terapia Familiar"}]},{"@type":"WebSite","@id":"http:\/\/acltf.org\/wordpressacltf\/#website","url":"http:\/\/acltf.org\/wordpressacltf\/","name":"Asociaci\u00f3n Castellano Leonesa de Terapia Familiar","description":"Asociaci\u00f3n de Terapia Familiar","publisher":{"@id":"http:\/\/acltf.org\/wordpressacltf\/#organization"},"potentialAction":[{"@type":"SearchAction","target":{"@type":"EntryPoint","urlTemplate":"http:\/\/acltf.org\/wordpressacltf\/?s={search_term_string}"},"query-input":"required name=search_term_string"}],"inLanguage":"es"},{"@type":"Organization","@id":"http:\/\/acltf.org\/wordpressacltf\/#organization","name":"acltf","url":"http:\/\/acltf.org\/wordpressacltf\/","logo":{"@type":"ImageObject","inLanguage":"es","@id":"http:\/\/acltf.org\/wordpressacltf\/#\/schema\/logo\/image\/","url":"http:\/\/acltf.org\/wordpressacltf\/wp-content\/uploads\/2015\/05\/Logo250.png","contentUrl":"http:\/\/acltf.org\/wordpressacltf\/wp-content\/uploads\/2015\/05\/Logo250.png","width":250,"height":250,"caption":"acltf"},"image":{"@id":"http:\/\/acltf.org\/wordpressacltf\/#\/schema\/logo\/image\/"},"sameAs":["https:\/\/www.facebook.com\/pages\/Asociaci\u00f3n-Castellano-Leonesa-de-Terapia-Familiar\/820904984647986?fref=ts"]},{"@type":"Person","@id":"http:\/\/acltf.org\/wordpressacltf\/#\/schema\/person\/b6c564ade2d2bb9314129dcb39e0e683","name":"acltf","image":{"@type":"ImageObject","inLanguage":"es","@id":"http:\/\/acltf.org\/wordpressacltf\/#\/schema\/person\/image\/","url":"http:\/\/2.gravatar.com\/avatar\/e02eb9fac6bef8ad5fde1db30df7d020?s=96&d=mm&r=g","contentUrl":"http:\/\/2.gravatar.com\/avatar\/e02eb9fac6bef8ad5fde1db30df7d020?s=96&d=mm&r=g","caption":"acltf"},"description":"Asociaci\u00f3n de Terapia Familiar de Castilla y Le\u00f3n info@acltf.org","url":"http:\/\/acltf.org\/wordpressacltf\/author\/acltf\/"}]}},"jetpack_featured_media_url":"https:\/\/i0.wp.com\/acltf.org\/wordpressacltf\/wp-content\/uploads\/2015\/06\/Captura-de-pantalla-2015-06-16-a-las-12.27.58.png?fit=660%2C327","jetpack_sharing_enabled":true,"jetpack_shortlink":"https:\/\/wp.me\/p6UE5O-35","jetpack_likes_enabled":true,"_links":{"self":[{"href":"http:\/\/acltf.org\/wordpressacltf\/wp-json\/wp\/v2\/posts\/191"}],"collection":[{"href":"http:\/\/acltf.org\/wordpressacltf\/wp-json\/wp\/v2\/posts"}],"about":[{"href":"http:\/\/acltf.org\/wordpressacltf\/wp-json\/wp\/v2\/types\/post"}],"author":[{"embeddable":true,"href":"http:\/\/acltf.org\/wordpressacltf\/wp-json\/wp\/v2\/users\/1"}],"replies":[{"embeddable":true,"href":"http:\/\/acltf.org\/wordpressacltf\/wp-json\/wp\/v2\/comments?post=191"}],"version-history":[{"count":6,"href":"http:\/\/acltf.org\/wordpressacltf\/wp-json\/wp\/v2\/posts\/191\/revisions"}],"predecessor-version":[{"id":237,"href":"http:\/\/acltf.org\/wordpressacltf\/wp-json\/wp\/v2\/posts\/191\/revisions\/237"}],"wp:featuredmedia":[{"embeddable":true,"href":"http:\/\/acltf.org\/wordpressacltf\/wp-json\/wp\/v2\/media\/192"}],"wp:attachment":[{"href":"http:\/\/acltf.org\/wordpressacltf\/wp-json\/wp\/v2\/media?parent=191"}],"wp:term":[{"taxonomy":"category","embeddable":true,"href":"http:\/\/acltf.org\/wordpressacltf\/wp-json\/wp\/v2\/categories?post=191"},{"taxonomy":"post_tag","embeddable":true,"href":"http:\/\/acltf.org\/wordpressacltf\/wp-json\/wp\/v2\/tags?post=191"}],"curies":[{"name":"wp","href":"https:\/\/api.w.org\/{rel}","templated":true}]}}