{"id":222,"date":"2015-05-23T13:36:38","date_gmt":"2015-05-23T11:36:38","guid":{"rendered":"http:\/\/acltf.org\/wordpressacltf\/?p=222"},"modified":"2015-06-23T14:19:48","modified_gmt":"2015-06-23T12:19:48","slug":"seminario-terapia-familiar-2015","status":"publish","type":"post","link":"http:\/\/acltf.org\/wordpressacltf\/2015\/05\/23\/seminario-terapia-familiar-2015\/","title":{"rendered":"Seminario Terapia Familiar 2015"},"content":{"rendered":"<div class=\"page\" title=\"Page 2\">\n<div class=\"section\">\n<div class=\"layoutArea\">\n<div class=\"column\">\n<p><strong>Adi\u00f3s al \u00abt\u00fa no me entiendes\u00bb. Terapia de Pareja como una misi\u00f3n posible<\/strong><\/p>\n<\/div>\n<\/div>\n<div class=\"layoutArea\">\n<div class=\"column\">\n<p style=\"text-align: left;\"><a href='#' class='small-button smallorange'>PRESENTACI\u00d3N Y CONTENIDO<\/a><\/p>\n<\/div>\n<\/div>\n<div class=\"layoutArea\" style=\"text-align: left;\"><\/div>\n<\/div>\n<\/div>\n<div class=\"page\" title=\"Page 2\">\n<div class=\"section\">\n<div class=\"layoutArea\" style=\"text-align: left;\">\n<div class=\"page\" title=\"Page 2\">\n<div class=\"section\">\n<div class=\"layoutArea\">\n<div class=\"column\">\n<p>Seg\u00fan el Modelo F\u00e1sico de Terapia Sist\u00e9mica, la terapia de pareja se realiza en la llamada Fase de Intimidad, despu\u00e9s de abordar y mejorar los problemas iniciales de los hijos, en relaciones parentofiliales y en la convivencia familiar.<\/p>\n<p>El modelo de trabajo que propone Annette distingue cuatro focos de cambio o cuadrantes que se abordan de manera re- cursiva y van desde lo comportamental observable, pasando por lo emocional, hacia lo hist\u00f3rico y finalmente lo individual intra-ps\u00edquico, incluyendo los aspectos biol\u00f3gicos. El modelo de terapia de pareja que presentamos se centra en ese ter- cero, que es la relaci\u00f3n entre los miembros de la pareja, con el objetivo de fomentar el funcionamiento seguro de una pa- reja funcional y exitosa.<\/p>\n<p>Se presentar\u00e1n las bases conceptuales del modelo (la pa- reja: confirmadora de la identidad bio-psico-social), las ca- racter\u00edsticas del proceso terap\u00e9utico y del rol del terapeuta, as\u00ed como las especificidades de este encuadre. A lo largo del Seminario se plantear\u00e1n las intervenciones pr\u00e1cticas que se utilizan para fomentar la comunicaci\u00f3n y mejorar la interacci\u00f3n en la pareja, as\u00ed como algunas considera- ciones acerca de la intervenci\u00f3n con parejas en las que hay infidelidad y\/o situaci\u00f3n de separaci\u00f3n y divorcio. El taller tendr\u00e1 un car\u00e1cter eminentemente pr\u00e1ctico para la cl\u00ednica e intervenci\u00f3n social basada en la Terapia Familiar.<\/p>\n<\/div>\n<\/div>\n<\/div>\n<\/div>\n<\/div>\n<div class=\"layoutArea\" style=\"text-align: left;\"><a href='#' class='small-button smallorange'>A QUI\u00c9N VA DIRIGIDO<\/a><\/div>\n<\/div>\n<div class=\"section\" style=\"text-align: left;\">\n<div class=\"layoutArea\">\n<div class=\"column\">\n<p>Profesionales que est\u00e9n trabajando en el \u00e1mbito sa- nitario, social y escolar que realicen intervenciones en el \u00e1mbito de la familia y la pareja.<\/p>\n<p>Plazas limitadas: Grupo m\u00e1ximo de 45 personas.<\/p>\n<a href='#' class='small-button smallorange'>METODOLOG\u00cdA<\/a>\n<p>En este seminario, mediante una metodolog\u00eda din\u00e1- mica y participativa se expondr\u00e1n los contenidos por parte de la ponente y promover\u00e1 la intervenci\u00f3n me- diante ejercicios pr\u00e1cticos de los participantes.<\/p>\n<p>Se contar\u00e1 con el apoyo de medio audiovisuales para reforzar la transmisi\u00f3n de los contenidos.<\/p>\n<a href='#' class='small-button smallorange'>LUGAR, FECHAS Y HORARIOS<\/a>\n<p>Viernes 20 de marzo: de 16.30 a 20.30 horas.<\/p>\n<p>S\u00e1bado 21 de marzo: de 9 a 14h y de 16 a 19 horas.<\/p>\n<p>Hotel Enara (C\/ Montero Calvo, 30 &#8211; Valladolid)<\/p>\n<\/div>\n<\/div>\n<\/div>\n<\/div>\n<div class=\"page\" style=\"text-align: left;\" title=\"Page 3\"><\/div>\n<a class=\"synved-social-button synved-social-button-follow synved-social-size-48 synved-social-resolution-single synved-social-provider-facebook nolightbox\" data-provider=\"facebook\" target=\"_blank\" rel=\"nofollow\" title=\"Follow us on Facebook\" href=\"https:\/\/www.facebook.com\/facebook\" style=\"font-size: 0px;width:48px;height:48px;margin:0;margin-bottom:5px;margin-right:5px\"><img alt=\"Facebook\" title=\"Follow us on Facebook\" class=\"synved-share-image synved-social-image synved-social-image-follow\" width=\"48\" height=\"48\" style=\"display: inline;width:48px;height:48px;margin: 0;padding: 0;border: none\" src=\"https:\/\/i0.wp.com\/acltf.org\/wordpressacltf\/wp-content\/plugins\/social-media-feather\/synved-social\/image\/social\/regular\/96x96\/facebook.png?resize=48%2C48\" data-recalc-dims=\"1\" \/><\/a><a class=\"synved-social-button synved-social-button-follow synved-social-size-48 synved-social-resolution-single synved-social-provider-twitter nolightbox\" data-provider=\"twitter\" target=\"_blank\" rel=\"nofollow\" title=\"Follow us on Twitter\" href=\"https:\/\/twitter.com\/twitter\" style=\"font-size: 0px;width:48px;height:48px;margin:0;margin-bottom:5px;margin-right:5px\"><img alt=\"twitter\" title=\"Follow us on Twitter\" class=\"synved-share-image synved-social-image synved-social-image-follow\" width=\"48\" height=\"48\" style=\"display: inline;width:48px;height:48px;margin: 0;padding: 0;border: none\" src=\"https:\/\/i0.wp.com\/acltf.org\/wordpressacltf\/wp-content\/plugins\/social-media-feather\/synved-social\/image\/social\/regular\/96x96\/twitter.png?resize=48%2C48\" data-recalc-dims=\"1\" \/><\/a><a class=\"synved-social-button synved-social-button-follow synved-social-size-48 synved-social-resolution-single synved-social-provider-linkedin nolightbox\" data-provider=\"linkedin\" target=\"_blank\" rel=\"nofollow\" title=\"Find us on Linkedin\" href=\"https:\/\/www.linkedin.com\/in\/yourid\" style=\"font-size: 0px;width:48px;height:48px;margin:0;margin-bottom:5px;margin-right:5px\"><img alt=\"linkedin\" title=\"Find us on Linkedin\" class=\"synved-share-image synved-social-image synved-social-image-follow\" width=\"48\" height=\"48\" style=\"display: inline;width:48px;height:48px;margin: 0;padding: 0;border: none\" src=\"https:\/\/i0.wp.com\/acltf.org\/wordpressacltf\/wp-content\/plugins\/social-media-feather\/synved-social\/image\/social\/regular\/96x96\/linkedin.png?resize=48%2C48\" data-recalc-dims=\"1\" \/><\/a><a class=\"synved-social-button synved-social-button-follow synved-social-size-48 synved-social-resolution-single synved-social-provider-instagram nolightbox\" data-provider=\"instagram\" target=\"_blank\" rel=\"nofollow\" title=\"Check out our instagram feed\" href=\"https:\/\/instagram.com\/myusername\" style=\"font-size: 0px;width:48px;height:48px;margin:0;margin-bottom:5px;margin-right:5px\"><img alt=\"instagram\" title=\"Check out our instagram feed\" class=\"synved-share-image synved-social-image synved-social-image-follow\" width=\"48\" height=\"48\" style=\"display: inline;width:48px;height:48px;margin: 0;padding: 0;border: none\" src=\"https:\/\/i0.wp.com\/acltf.org\/wordpressacltf\/wp-content\/plugins\/social-media-feather\/synved-social\/image\/social\/regular\/96x96\/instagram.png?resize=48%2C48\" data-recalc-dims=\"1\" \/><\/a><a class=\"synved-social-button synved-social-button-follow synved-social-size-48 synved-social-resolution-single synved-social-provider-flickr nolightbox\" data-provider=\"flickr\" target=\"_blank\" rel=\"nofollow\" title=\"Check out our flickr feed\" href=\"https:\/\/www.flickr.com\/photos\/myusername\/\" style=\"font-size: 0px;width:48px;height:48px;margin:0;margin-bottom:5px;margin-right:5px\"><img alt=\"flickr\" title=\"Check out our flickr feed\" class=\"synved-share-image synved-social-image synved-social-image-follow\" width=\"48\" height=\"48\" style=\"display: inline;width:48px;height:48px;margin: 0;padding: 0;border: none\" src=\"https:\/\/i0.wp.com\/acltf.org\/wordpressacltf\/wp-content\/plugins\/social-media-feather\/synved-social\/image\/social\/regular\/96x96\/flickr.png?resize=48%2C48\" data-recalc-dims=\"1\" \/><\/a><a class=\"synved-social-button synved-social-button-follow synved-social-size-48 synved-social-resolution-single synved-social-provider-foursquare nolightbox\" data-provider=\"foursquare\" target=\"_blank\" rel=\"nofollow\" title=\"Check out our foursquare feed\" href=\"https:\/\/foursquare.com\/myusername\" style=\"font-size: 0px;width:48px;height:48px;margin:0;margin-bottom:5px;margin-right:5px\"><img alt=\"foursquare\" title=\"Check out our foursquare feed\" class=\"synved-share-image synved-social-image synved-social-image-follow\" width=\"48\" height=\"48\" style=\"display: inline;width:48px;height:48px;margin: 0;padding: 0;border: none\" src=\"https:\/\/i0.wp.com\/acltf.org\/wordpressacltf\/wp-content\/plugins\/social-media-feather\/synved-social\/image\/social\/regular\/96x96\/foursquare.png?resize=48%2C48\" data-recalc-dims=\"1\" \/><\/a><a class=\"synved-social-button synved-social-button-follow synved-social-size-48 synved-social-resolution-single synved-social-provider-mail nolightbox\" data-provider=\"mail\" rel=\"nofollow\" title=\"Contact Us\" href=\"mailto:mail@example.com?subject=Contact%20Request\" style=\"font-size: 0px;width:48px;height:48px;margin:0;margin-bottom:5px\"><img alt=\"mail\" title=\"Contact Us\" class=\"synved-share-image synved-social-image synved-social-image-follow\" width=\"48\" height=\"48\" style=\"display: inline;width:48px;height:48px;margin: 0;padding: 0;border: none\" src=\"https:\/\/i0.wp.com\/acltf.org\/wordpressacltf\/wp-content\/plugins\/social-media-feather\/synved-social\/image\/social\/regular\/96x96\/mail.png?resize=48%2C48\" data-recalc-dims=\"1\" \/><\/a>","protected":false},"excerpt":{"rendered":"<p>Adi\u00f3s al \u00abt\u00fa no me entiendes\u00bb. Terapia de Pareja como una misi\u00f3n posible Seg\u00fan el Modelo F\u00e1sico de Terapia Sist\u00e9mica, la terapia de pareja se realiza en la llamada Fase de Intimidad, despu\u00e9s de abordar y mejorar los problemas iniciales de los hijos, en relaciones parentofiliales y en la convivencia familiar. El modelo de trabajo [&hellip;]<\/p>\n","protected":false},"author":3,"featured_media":223,"comment_status":"open","ping_status":"open","sticky":false,"template":"","format":"standard","meta":{"jetpack_post_was_ever_published":false,"_jetpack_newsletter_access":"","_jetpack_newsletter_tier_id":0,"jetpack_publicize_message":"","jetpack_is_tweetstorm":false,"jetpack_publicize_feature_enabled":true,"jetpack_social_post_already_shared":false,"jetpack_social_options":{"image_generator_settings":{"template":"highway","enabled":false}}},"categories":[6],"tags":[],"jetpack_publicize_connections":[],"yoast_head":"<!-- This site is optimized with the Yoast SEO plugin v21.8.1 - https:\/\/yoast.com\/wordpress\/plugins\/seo\/ -->\n<title>Seminario Terapia Familiar 2015 - Asociaci\u00f3n Castellano Leonesa de Terapia Familiar<\/title>\n<meta name=\"robots\" content=\"index, follow, max-snippet:-1, max-image-preview:large, max-video-preview:-1\" \/>\n<link rel=\"canonical\" href=\"http:\/\/acltf.org\/wordpressacltf\/2015\/05\/23\/seminario-terapia-familiar-2015\/\" \/>\n<meta property=\"og:locale\" content=\"es_ES\" \/>\n<meta property=\"og:type\" content=\"article\" \/>\n<meta property=\"og:title\" content=\"Seminario Terapia Familiar 2015 - Asociaci\u00f3n Castellano Leonesa de Terapia Familiar\" \/>\n<meta property=\"og:description\" content=\"Adi\u00f3s al \u00abt\u00fa no me entiendes\u00bb. Terapia de Pareja como una misi\u00f3n posible Seg\u00fan el Modelo F\u00e1sico de Terapia Sist\u00e9mica, la terapia de pareja se realiza en la llamada Fase de Intimidad, despu\u00e9s de abordar y mejorar los problemas iniciales de los hijos, en relaciones parentofiliales y en la convivencia familiar. El modelo de trabajo [&hellip;]\" \/>\n<meta property=\"og:url\" content=\"http:\/\/acltf.org\/wordpressacltf\/2015\/05\/23\/seminario-terapia-familiar-2015\/\" \/>\n<meta property=\"og:site_name\" content=\"Asociaci\u00f3n Castellano Leonesa de Terapia Familiar\" \/>\n<meta property=\"article:publisher\" content=\"https:\/\/www.facebook.com\/pages\/Asociaci%c3%b3n-Castellano-Leonesa-de-Terapia-Familiar\/820904984647986?fref=ts\" \/>\n<meta property=\"article:published_time\" content=\"2015-05-23T11:36:38+00:00\" \/>\n<meta property=\"article:modified_time\" content=\"2015-06-23T12:19:48+00:00\" \/>\n<meta property=\"og:image\" content=\"https:\/\/i0.wp.com\/acltf.org\/wordpressacltf\/wp-content\/uploads\/2015\/06\/Captura-de-pantalla-2015-06-23-a-las-13.36.07.png?fit=895%2C632\" \/>\n\t<meta property=\"og:image:width\" content=\"895\" \/>\n\t<meta property=\"og:image:height\" content=\"632\" \/>\n\t<meta property=\"og:image:type\" content=\"image\/png\" \/>\n<meta name=\"author\" content=\"Oscar Ortega\" \/>\n<meta name=\"twitter:card\" content=\"summary_large_image\" \/>\n<meta name=\"twitter:label1\" content=\"Escrito por\" \/>\n\t<meta name=\"twitter:data1\" content=\"Oscar Ortega\" \/>\n\t<meta name=\"twitter:label2\" content=\"Tiempo de lectura\" \/>\n\t<meta name=\"twitter:data2\" content=\"2 minutos\" \/>\n<script type=\"application\/ld+json\" class=\"yoast-schema-graph\">{\"@context\":\"https:\/\/schema.org\",\"@graph\":[{\"@type\":\"Article\",\"@id\":\"http:\/\/acltf.org\/wordpressacltf\/2015\/05\/23\/seminario-terapia-familiar-2015\/#article\",\"isPartOf\":{\"@id\":\"http:\/\/acltf.org\/wordpressacltf\/2015\/05\/23\/seminario-terapia-familiar-2015\/\"},\"author\":{\"name\":\"Oscar Ortega\",\"@id\":\"http:\/\/acltf.org\/wordpressacltf\/#\/schema\/person\/db49d1cc821a0e116ba2e9d6ac6612e2\"},\"headline\":\"Seminario Terapia Familiar 2015\",\"datePublished\":\"2015-05-23T11:36:38+00:00\",\"dateModified\":\"2015-06-23T12:19:48+00:00\",\"mainEntityOfPage\":{\"@id\":\"http:\/\/acltf.org\/wordpressacltf\/2015\/05\/23\/seminario-terapia-familiar-2015\/\"},\"wordCount\":396,\"commentCount\":14,\"publisher\":{\"@id\":\"http:\/\/acltf.org\/wordpressacltf\/#organization\"},\"articleSection\":[\"Noticias\"],\"inLanguage\":\"es\",\"potentialAction\":[{\"@type\":\"CommentAction\",\"name\":\"Comment\",\"target\":[\"http:\/\/acltf.org\/wordpressacltf\/2015\/05\/23\/seminario-terapia-familiar-2015\/#respond\"]}]},{\"@type\":\"WebPage\",\"@id\":\"http:\/\/acltf.org\/wordpressacltf\/2015\/05\/23\/seminario-terapia-familiar-2015\/\",\"url\":\"http:\/\/acltf.org\/wordpressacltf\/2015\/05\/23\/seminario-terapia-familiar-2015\/\",\"name\":\"Seminario Terapia Familiar 2015 - Asociaci\u00f3n Castellano Leonesa de Terapia Familiar\",\"isPartOf\":{\"@id\":\"http:\/\/acltf.org\/wordpressacltf\/#website\"},\"datePublished\":\"2015-05-23T11:36:38+00:00\",\"dateModified\":\"2015-06-23T12:19:48+00:00\",\"breadcrumb\":{\"@id\":\"http:\/\/acltf.org\/wordpressacltf\/2015\/05\/23\/seminario-terapia-familiar-2015\/#breadcrumb\"},\"inLanguage\":\"es\",\"potentialAction\":[{\"@type\":\"ReadAction\",\"target\":[\"http:\/\/acltf.org\/wordpressacltf\/2015\/05\/23\/seminario-terapia-familiar-2015\/\"]}]},{\"@type\":\"BreadcrumbList\",\"@id\":\"http:\/\/acltf.org\/wordpressacltf\/2015\/05\/23\/seminario-terapia-familiar-2015\/#breadcrumb\",\"itemListElement\":[{\"@type\":\"ListItem\",\"position\":1,\"name\":\"Portada\",\"item\":\"http:\/\/acltf.org\/wordpressacltf\/\"},{\"@type\":\"ListItem\",\"position\":2,\"name\":\"Seminario Terapia Familiar 2015\"}]},{\"@type\":\"WebSite\",\"@id\":\"http:\/\/acltf.org\/wordpressacltf\/#website\",\"url\":\"http:\/\/acltf.org\/wordpressacltf\/\",\"name\":\"Asociaci\u00f3n Castellano Leonesa de Terapia Familiar\",\"description\":\"Asociaci\u00f3n de Terapia Familiar\",\"publisher\":{\"@id\":\"http:\/\/acltf.org\/wordpressacltf\/#organization\"},\"potentialAction\":[{\"@type\":\"SearchAction\",\"target\":{\"@type\":\"EntryPoint\",\"urlTemplate\":\"http:\/\/acltf.org\/wordpressacltf\/?s={search_term_string}\"},\"query-input\":\"required name=search_term_string\"}],\"inLanguage\":\"es\"},{\"@type\":\"Organization\",\"@id\":\"http:\/\/acltf.org\/wordpressacltf\/#organization\",\"name\":\"acltf\",\"url\":\"http:\/\/acltf.org\/wordpressacltf\/\",\"logo\":{\"@type\":\"ImageObject\",\"inLanguage\":\"es\",\"@id\":\"http:\/\/acltf.org\/wordpressacltf\/#\/schema\/logo\/image\/\",\"url\":\"http:\/\/acltf.org\/wordpressacltf\/wp-content\/uploads\/2015\/05\/Logo250.png\",\"contentUrl\":\"http:\/\/acltf.org\/wordpressacltf\/wp-content\/uploads\/2015\/05\/Logo250.png\",\"width\":250,\"height\":250,\"caption\":\"acltf\"},\"image\":{\"@id\":\"http:\/\/acltf.org\/wordpressacltf\/#\/schema\/logo\/image\/\"},\"sameAs\":[\"https:\/\/www.facebook.com\/pages\/Asociaci\u00f3n-Castellano-Leonesa-de-Terapia-Familiar\/820904984647986?fref=ts\"]},{\"@type\":\"Person\",\"@id\":\"http:\/\/acltf.org\/wordpressacltf\/#\/schema\/person\/db49d1cc821a0e116ba2e9d6ac6612e2\",\"name\":\"Oscar Ortega\",\"image\":{\"@type\":\"ImageObject\",\"inLanguage\":\"es\",\"@id\":\"http:\/\/acltf.org\/wordpressacltf\/#\/schema\/person\/image\/\",\"url\":\"http:\/\/1.gravatar.com\/avatar\/49f25b105330df8502b60e83a6a3df35?s=96&d=mm&r=g\",\"contentUrl\":\"http:\/\/1.gravatar.com\/avatar\/49f25b105330df8502b60e83a6a3df35?s=96&d=mm&r=g\",\"caption\":\"Oscar Ortega\"},\"description\":\"Bonos personales de 6 horas para aprender a tu ritmo. Tel\u00e9fono: 659965285 Email: neocroma@outlook.com\",\"url\":\"http:\/\/acltf.org\/wordpressacltf\/author\/neocroma\/\"}]}<\/script>\n<!-- \/ Yoast SEO plugin. -->","yoast_head_json":{"title":"Seminario Terapia Familiar 2015 - Asociaci\u00f3n Castellano Leonesa de Terapia Familiar","robots":{"index":"index","follow":"follow","max-snippet":"max-snippet:-1","max-image-preview":"max-image-preview:large","max-video-preview":"max-video-preview:-1"},"canonical":"http:\/\/acltf.org\/wordpressacltf\/2015\/05\/23\/seminario-terapia-familiar-2015\/","og_locale":"es_ES","og_type":"article","og_title":"Seminario Terapia Familiar 2015 - Asociaci\u00f3n Castellano Leonesa de Terapia Familiar","og_description":"Adi\u00f3s al \u00abt\u00fa no me entiendes\u00bb. Terapia de Pareja como una misi\u00f3n posible Seg\u00fan el Modelo F\u00e1sico de Terapia Sist\u00e9mica, la terapia de pareja se realiza en la llamada Fase de Intimidad, despu\u00e9s de abordar y mejorar los problemas iniciales de los hijos, en relaciones parentofiliales y en la convivencia familiar. El modelo de trabajo [&hellip;]","og_url":"http:\/\/acltf.org\/wordpressacltf\/2015\/05\/23\/seminario-terapia-familiar-2015\/","og_site_name":"Asociaci\u00f3n Castellano Leonesa de Terapia Familiar","article_publisher":"https:\/\/www.facebook.com\/pages\/Asociaci%c3%b3n-Castellano-Leonesa-de-Terapia-Familiar\/820904984647986?fref=ts","article_published_time":"2015-05-23T11:36:38+00:00","article_modified_time":"2015-06-23T12:19:48+00:00","og_image":[{"width":895,"height":632,"url":"https:\/\/i0.wp.com\/acltf.org\/wordpressacltf\/wp-content\/uploads\/2015\/06\/Captura-de-pantalla-2015-06-23-a-las-13.36.07.png?fit=895%2C632","type":"image\/png"}],"author":"Oscar Ortega","twitter_card":"summary_large_image","twitter_misc":{"Escrito por":"Oscar Ortega","Tiempo de lectura":"2 minutos"},"schema":{"@context":"https:\/\/schema.org","@graph":[{"@type":"Article","@id":"http:\/\/acltf.org\/wordpressacltf\/2015\/05\/23\/seminario-terapia-familiar-2015\/#article","isPartOf":{"@id":"http:\/\/acltf.org\/wordpressacltf\/2015\/05\/23\/seminario-terapia-familiar-2015\/"},"author":{"name":"Oscar Ortega","@id":"http:\/\/acltf.org\/wordpressacltf\/#\/schema\/person\/db49d1cc821a0e116ba2e9d6ac6612e2"},"headline":"Seminario Terapia Familiar 2015","datePublished":"2015-05-23T11:36:38+00:00","dateModified":"2015-06-23T12:19:48+00:00","mainEntityOfPage":{"@id":"http:\/\/acltf.org\/wordpressacltf\/2015\/05\/23\/seminario-terapia-familiar-2015\/"},"wordCount":396,"commentCount":14,"publisher":{"@id":"http:\/\/acltf.org\/wordpressacltf\/#organization"},"articleSection":["Noticias"],"inLanguage":"es","potentialAction":[{"@type":"CommentAction","name":"Comment","target":["http:\/\/acltf.org\/wordpressacltf\/2015\/05\/23\/seminario-terapia-familiar-2015\/#respond"]}]},{"@type":"WebPage","@id":"http:\/\/acltf.org\/wordpressacltf\/2015\/05\/23\/seminario-terapia-familiar-2015\/","url":"http:\/\/acltf.org\/wordpressacltf\/2015\/05\/23\/seminario-terapia-familiar-2015\/","name":"Seminario Terapia Familiar 2015 - Asociaci\u00f3n Castellano Leonesa de Terapia Familiar","isPartOf":{"@id":"http:\/\/acltf.org\/wordpressacltf\/#website"},"datePublished":"2015-05-23T11:36:38+00:00","dateModified":"2015-06-23T12:19:48+00:00","breadcrumb":{"@id":"http:\/\/acltf.org\/wordpressacltf\/2015\/05\/23\/seminario-terapia-familiar-2015\/#breadcrumb"},"inLanguage":"es","potentialAction":[{"@type":"ReadAction","target":["http:\/\/acltf.org\/wordpressacltf\/2015\/05\/23\/seminario-terapia-familiar-2015\/"]}]},{"@type":"BreadcrumbList","@id":"http:\/\/acltf.org\/wordpressacltf\/2015\/05\/23\/seminario-terapia-familiar-2015\/#breadcrumb","itemListElement":[{"@type":"ListItem","position":1,"name":"Portada","item":"http:\/\/acltf.org\/wordpressacltf\/"},{"@type":"ListItem","position":2,"name":"Seminario Terapia Familiar 2015"}]},{"@type":"WebSite","@id":"http:\/\/acltf.org\/wordpressacltf\/#website","url":"http:\/\/acltf.org\/wordpressacltf\/","name":"Asociaci\u00f3n Castellano Leonesa de Terapia Familiar","description":"Asociaci\u00f3n de Terapia Familiar","publisher":{"@id":"http:\/\/acltf.org\/wordpressacltf\/#organization"},"potentialAction":[{"@type":"SearchAction","target":{"@type":"EntryPoint","urlTemplate":"http:\/\/acltf.org\/wordpressacltf\/?s={search_term_string}"},"query-input":"required name=search_term_string"}],"inLanguage":"es"},{"@type":"Organization","@id":"http:\/\/acltf.org\/wordpressacltf\/#organization","name":"acltf","url":"http:\/\/acltf.org\/wordpressacltf\/","logo":{"@type":"ImageObject","inLanguage":"es","@id":"http:\/\/acltf.org\/wordpressacltf\/#\/schema\/logo\/image\/","url":"http:\/\/acltf.org\/wordpressacltf\/wp-content\/uploads\/2015\/05\/Logo250.png","contentUrl":"http:\/\/acltf.org\/wordpressacltf\/wp-content\/uploads\/2015\/05\/Logo250.png","width":250,"height":250,"caption":"acltf"},"image":{"@id":"http:\/\/acltf.org\/wordpressacltf\/#\/schema\/logo\/image\/"},"sameAs":["https:\/\/www.facebook.com\/pages\/Asociaci\u00f3n-Castellano-Leonesa-de-Terapia-Familiar\/820904984647986?fref=ts"]},{"@type":"Person","@id":"http:\/\/acltf.org\/wordpressacltf\/#\/schema\/person\/db49d1cc821a0e116ba2e9d6ac6612e2","name":"Oscar Ortega","image":{"@type":"ImageObject","inLanguage":"es","@id":"http:\/\/acltf.org\/wordpressacltf\/#\/schema\/person\/image\/","url":"http:\/\/1.gravatar.com\/avatar\/49f25b105330df8502b60e83a6a3df35?s=96&d=mm&r=g","contentUrl":"http:\/\/1.gravatar.com\/avatar\/49f25b105330df8502b60e83a6a3df35?s=96&d=mm&r=g","caption":"Oscar Ortega"},"description":"Bonos personales de 6 horas para aprender a tu ritmo. Tel\u00e9fono: 659965285 Email: neocroma@outlook.com","url":"http:\/\/acltf.org\/wordpressacltf\/author\/neocroma\/"}]}},"jetpack_featured_media_url":"https:\/\/i0.wp.com\/acltf.org\/wordpressacltf\/wp-content\/uploads\/2015\/06\/Captura-de-pantalla-2015-06-23-a-las-13.36.07.png?fit=895%2C632","jetpack_sharing_enabled":true,"jetpack_shortlink":"https:\/\/wp.me\/p6UE5O-3A","jetpack_likes_enabled":true,"_links":{"self":[{"href":"http:\/\/acltf.org\/wordpressacltf\/wp-json\/wp\/v2\/posts\/222"}],"collection":[{"href":"http:\/\/acltf.org\/wordpressacltf\/wp-json\/wp\/v2\/posts"}],"about":[{"href":"http:\/\/acltf.org\/wordpressacltf\/wp-json\/wp\/v2\/types\/post"}],"author":[{"embeddable":true,"href":"http:\/\/acltf.org\/wordpressacltf\/wp-json\/wp\/v2\/users\/3"}],"replies":[{"embeddable":true,"href":"http:\/\/acltf.org\/wordpressacltf\/wp-json\/wp\/v2\/comments?post=222"}],"version-history":[{"count":6,"href":"http:\/\/acltf.org\/wordpressacltf\/wp-json\/wp\/v2\/posts\/222\/revisions"}],"predecessor-version":[{"id":230,"href":"http:\/\/acltf.org\/wordpressacltf\/wp-json\/wp\/v2\/posts\/222\/revisions\/230"}],"wp:featuredmedia":[{"embeddable":true,"href":"http:\/\/acltf.org\/wordpressacltf\/wp-json\/wp\/v2\/media\/223"}],"wp:attachment":[{"href":"http:\/\/acltf.org\/wordpressacltf\/wp-json\/wp\/v2\/media?parent=222"}],"wp:term":[{"taxonomy":"category","embeddable":true,"href":"http:\/\/acltf.org\/wordpressacltf\/wp-json\/wp\/v2\/categories?post=222"},{"taxonomy":"post_tag","embeddable":true,"href":"http:\/\/acltf.org\/wordpressacltf\/wp-json\/wp\/v2\/tags?post=222"}],"curies":[{"name":"wp","href":"https:\/\/api.w.org\/{rel}","templated":true}]}}