{"id":250,"date":"2015-06-24T21:00:08","date_gmt":"2015-06-24T19:00:08","guid":{"rendered":"http:\/\/acltf.org\/wordpressacltf\/?p=250"},"modified":"2015-06-29T14:42:43","modified_gmt":"2015-06-29T12:42:43","slug":"formacion-en-pnl-impartida-por-allan-santos-en-burgos","status":"publish","type":"post","link":"http:\/\/acltf.org\/wordpressacltf\/2015\/06\/24\/formacion-en-pnl-impartida-por-allan-santos-en-burgos\/","title":{"rendered":"Formaci\u00f3n en PNL impartida por Allan Santos en Burgos"},"content":{"rendered":"<p>Hola, queremos compartir con vosotros la informaci\u00f3n en relaci\u00f3n a la formaci\u00f3n que va a tener lugar en Burgos.<\/p>\n<p>Allan Santos viene a Burgos para impartir una formaci\u00f3n en PNL.<\/p>\n<p>Como sabes, Allan Santos es una de las figuras m\u00e1s importantes del \u00e1mbito internacional, y por supuesto de Espa\u00f1a, en lo que a PNL se refiere. Pero no s\u00f3lo es su trayectoria de m\u00e1s de 30 a\u00f1os en PNL la que le hace uno de los mejores, sino su particular manera de transmitir, que no deja indiferente. Te ofrecemos la posibilidad de tener esta experiencia \u00fanica.<\/p>\n<p><!--more-->Las fechas para que puedas reservar tus d\u00edas son del 25 de septiembre al 4 de octubre. La formaci\u00f3n ser\u00e1 en modalidad intensiva (todo el d\u00eda).<\/p>\n<p>Ve reservando los d\u00edas de vacaciones y si quieres conocer m\u00e1s detalles, ponte en contacto con nosotros en este correo o bien en el 692 177 431 o 947 25 18 15.<\/p>\n<p>Te esperamos!<\/p>\n<p>Un cordial saludo.<\/p>\n<p>Equipo ARCCO.<\/p>\n<div style=\"width: 605px\" class=\"wp-caption aligncenter\"><a href=\"http:\/\/www.arccopsicologia.es\/actividades\/wp-content\/uploads\/2015\/09\/La-Hipnosis-Ericksoniana-Y-Los-Trances-GenerativosBURGOS-sept.pdf\"><img decoding=\"async\" loading=\"lazy\" class=\"\" src=\"http:\/\/www.arccopsicologia.es\/actividades\/wp-content\/uploads\/2015\/09\/La-Hipnosis-Ericksoniana-Y-Los-Trances-GenerativosBURGOS-sept.pdf\" alt=\"\" width=\"595\" height=\"843\" \/><\/a><p class=\"wp-caption-text\">Informaci\u00f3n<\/p><\/div>\n<p>ARCCO PSICOLOG\u00cdA<\/p>\n<p>Plaza Alonso Mart\u00ednez, 7 A , 33<br \/>\n09003, Burgos<br \/>\nTlfnos: 947251815\/ 692177431<br \/>\n<a href=\"http:\/\/www.arccopsicologia.es\">http:\/\/www.arccopsicologia.es<\/a><\/p>\n<p><a href=\"mailto:arcco@arccopsicologia.es\" target=\"_blank\">mailto:arcco@arccopsicologia.<wbr \/>es<\/a><\/p>\n<a class=\"synved-social-button synved-social-button-follow synved-social-size-48 synved-social-resolution-single synved-social-provider-facebook nolightbox\" data-provider=\"facebook\" target=\"_blank\" rel=\"nofollow\" title=\"Follow us on Facebook\" href=\"https:\/\/www.facebook.com\/facebook\" style=\"font-size: 0px;width:48px;height:48px;margin:0;margin-bottom:5px;margin-right:5px\"><img alt=\"Facebook\" title=\"Follow us on Facebook\" class=\"synved-share-image synved-social-image synved-social-image-follow\" width=\"48\" height=\"48\" style=\"display: inline;width:48px;height:48px;margin: 0;padding: 0;border: none\" src=\"https:\/\/i0.wp.com\/acltf.org\/wordpressacltf\/wp-content\/plugins\/social-media-feather\/synved-social\/image\/social\/regular\/96x96\/facebook.png?resize=48%2C48\" data-recalc-dims=\"1\" \/><\/a><a class=\"synved-social-button synved-social-button-follow synved-social-size-48 synved-social-resolution-single synved-social-provider-twitter nolightbox\" data-provider=\"twitter\" target=\"_blank\" rel=\"nofollow\" title=\"Follow us on Twitter\" href=\"https:\/\/twitter.com\/twitter\" style=\"font-size: 0px;width:48px;height:48px;margin:0;margin-bottom:5px;margin-right:5px\"><img alt=\"twitter\" title=\"Follow us on Twitter\" class=\"synved-share-image synved-social-image synved-social-image-follow\" width=\"48\" height=\"48\" style=\"display: inline;width:48px;height:48px;margin: 0;padding: 0;border: none\" src=\"https:\/\/i0.wp.com\/acltf.org\/wordpressacltf\/wp-content\/plugins\/social-media-feather\/synved-social\/image\/social\/regular\/96x96\/twitter.png?resize=48%2C48\" data-recalc-dims=\"1\" \/><\/a><a class=\"synved-social-button synved-social-button-follow synved-social-size-48 synved-social-resolution-single synved-social-provider-linkedin nolightbox\" data-provider=\"linkedin\" target=\"_blank\" rel=\"nofollow\" title=\"Find us on Linkedin\" href=\"https:\/\/www.linkedin.com\/in\/yourid\" style=\"font-size: 0px;width:48px;height:48px;margin:0;margin-bottom:5px;margin-right:5px\"><img alt=\"linkedin\" title=\"Find us on Linkedin\" class=\"synved-share-image synved-social-image synved-social-image-follow\" width=\"48\" height=\"48\" style=\"display: inline;width:48px;height:48px;margin: 0;padding: 0;border: none\" src=\"https:\/\/i0.wp.com\/acltf.org\/wordpressacltf\/wp-content\/plugins\/social-media-feather\/synved-social\/image\/social\/regular\/96x96\/linkedin.png?resize=48%2C48\" data-recalc-dims=\"1\" \/><\/a><a class=\"synved-social-button synved-social-button-follow synved-social-size-48 synved-social-resolution-single synved-social-provider-instagram nolightbox\" data-provider=\"instagram\" target=\"_blank\" rel=\"nofollow\" title=\"Check out our instagram feed\" href=\"https:\/\/instagram.com\/myusername\" style=\"font-size: 0px;width:48px;height:48px;margin:0;margin-bottom:5px;margin-right:5px\"><img alt=\"instagram\" title=\"Check out our instagram feed\" class=\"synved-share-image synved-social-image synved-social-image-follow\" width=\"48\" height=\"48\" style=\"display: inline;width:48px;height:48px;margin: 0;padding: 0;border: none\" src=\"https:\/\/i0.wp.com\/acltf.org\/wordpressacltf\/wp-content\/plugins\/social-media-feather\/synved-social\/image\/social\/regular\/96x96\/instagram.png?resize=48%2C48\" data-recalc-dims=\"1\" \/><\/a><a class=\"synved-social-button synved-social-button-follow synved-social-size-48 synved-social-resolution-single synved-social-provider-flickr nolightbox\" data-provider=\"flickr\" target=\"_blank\" rel=\"nofollow\" title=\"Check out our flickr feed\" href=\"https:\/\/www.flickr.com\/photos\/myusername\/\" style=\"font-size: 0px;width:48px;height:48px;margin:0;margin-bottom:5px;margin-right:5px\"><img alt=\"flickr\" title=\"Check out our flickr feed\" class=\"synved-share-image synved-social-image synved-social-image-follow\" width=\"48\" height=\"48\" style=\"display: inline;width:48px;height:48px;margin: 0;padding: 0;border: none\" src=\"https:\/\/i0.wp.com\/acltf.org\/wordpressacltf\/wp-content\/plugins\/social-media-feather\/synved-social\/image\/social\/regular\/96x96\/flickr.png?resize=48%2C48\" data-recalc-dims=\"1\" \/><\/a><a class=\"synved-social-button synved-social-button-follow synved-social-size-48 synved-social-resolution-single synved-social-provider-foursquare nolightbox\" data-provider=\"foursquare\" target=\"_blank\" rel=\"nofollow\" title=\"Check out our foursquare feed\" href=\"https:\/\/foursquare.com\/myusername\" style=\"font-size: 0px;width:48px;height:48px;margin:0;margin-bottom:5px;margin-right:5px\"><img alt=\"foursquare\" title=\"Check out our foursquare feed\" class=\"synved-share-image synved-social-image synved-social-image-follow\" width=\"48\" height=\"48\" style=\"display: inline;width:48px;height:48px;margin: 0;padding: 0;border: none\" src=\"https:\/\/i0.wp.com\/acltf.org\/wordpressacltf\/wp-content\/plugins\/social-media-feather\/synved-social\/image\/social\/regular\/96x96\/foursquare.png?resize=48%2C48\" data-recalc-dims=\"1\" \/><\/a><a class=\"synved-social-button synved-social-button-follow synved-social-size-48 synved-social-resolution-single synved-social-provider-mail nolightbox\" data-provider=\"mail\" rel=\"nofollow\" title=\"Contact Us\" href=\"mailto:mail@example.com?subject=Contact%20Request\" style=\"font-size: 0px;width:48px;height:48px;margin:0;margin-bottom:5px\"><img alt=\"mail\" title=\"Contact Us\" class=\"synved-share-image synved-social-image synved-social-image-follow\" width=\"48\" height=\"48\" style=\"display: inline;width:48px;height:48px;margin: 0;padding: 0;border: none\" src=\"https:\/\/i0.wp.com\/acltf.org\/wordpressacltf\/wp-content\/plugins\/social-media-feather\/synved-social\/image\/social\/regular\/96x96\/mail.png?resize=48%2C48\" data-recalc-dims=\"1\" \/><\/a>","protected":false},"excerpt":{"rendered":"<p>Hola, queremos compartir con vosotros la informaci\u00f3n en relaci\u00f3n a la formaci\u00f3n que va a tener lugar en Burgos. Allan Santos viene a Burgos para impartir una formaci\u00f3n en PNL. Como sabes, Allan Santos es una de las figuras m\u00e1s importantes del \u00e1mbito internacional, y por supuesto de Espa\u00f1a, en lo que a PNL se [&hellip;]<\/p>\n","protected":false},"author":1,"featured_media":253,"comment_status":"open","ping_status":"open","sticky":false,"template":"","format":"standard","meta":{"jetpack_post_was_ever_published":false,"_jetpack_newsletter_access":"","_jetpack_newsletter_tier_id":0,"jetpack_publicize_message":"","jetpack_is_tweetstorm":false,"jetpack_publicize_feature_enabled":true,"jetpack_social_post_already_shared":false,"jetpack_social_options":{"image_generator_settings":{"template":"highway","enabled":false}}},"categories":[6],"tags":[],"jetpack_publicize_connections":[],"yoast_head":"<!-- This site is optimized with the Yoast SEO plugin v21.8.1 - https:\/\/yoast.com\/wordpress\/plugins\/seo\/ -->\n<title>Formaci\u00f3n en PNL impartida por Allan Santos en Burgos - Asociaci\u00f3n Castellano Leonesa de Terapia Familiar<\/title>\n<meta name=\"robots\" content=\"index, follow, max-snippet:-1, max-image-preview:large, max-video-preview:-1\" \/>\n<link rel=\"canonical\" href=\"http:\/\/acltf.org\/wordpressacltf\/2015\/06\/24\/formacion-en-pnl-impartida-por-allan-santos-en-burgos\/\" \/>\n<meta property=\"og:locale\" content=\"es_ES\" \/>\n<meta property=\"og:type\" content=\"article\" \/>\n<meta property=\"og:title\" content=\"Formaci\u00f3n en PNL impartida por Allan Santos en Burgos - Asociaci\u00f3n Castellano Leonesa de Terapia Familiar\" \/>\n<meta property=\"og:description\" content=\"Hola, queremos compartir con vosotros la informaci\u00f3n en relaci\u00f3n a la formaci\u00f3n que va a tener lugar en Burgos. Allan Santos viene a Burgos para impartir una formaci\u00f3n en PNL. Como sabes, Allan Santos es una de las figuras m\u00e1s importantes del \u00e1mbito internacional, y por supuesto de Espa\u00f1a, en lo que a PNL se [&hellip;]\" \/>\n<meta property=\"og:url\" content=\"http:\/\/acltf.org\/wordpressacltf\/2015\/06\/24\/formacion-en-pnl-impartida-por-allan-santos-en-burgos\/\" \/>\n<meta property=\"og:site_name\" content=\"Asociaci\u00f3n Castellano Leonesa de Terapia Familiar\" \/>\n<meta property=\"article:publisher\" content=\"https:\/\/www.facebook.com\/pages\/Asociaci%c3%b3n-Castellano-Leonesa-de-Terapia-Familiar\/820904984647986?fref=ts\" \/>\n<meta property=\"article:published_time\" content=\"2015-06-24T19:00:08+00:00\" \/>\n<meta property=\"article:modified_time\" content=\"2015-06-29T12:42:43+00:00\" \/>\n<meta property=\"og:image\" content=\"https:\/\/i0.wp.com\/acltf.org\/wordpressacltf\/wp-content\/uploads\/2015\/06\/Captura-de-pantalla-2015-06-25-a-las-22.25.32.png?fit=213%2C126\" \/>\n\t<meta property=\"og:image:width\" content=\"213\" \/>\n\t<meta property=\"og:image:height\" content=\"126\" \/>\n\t<meta property=\"og:image:type\" content=\"image\/png\" \/>\n<meta name=\"author\" content=\"acltf\" \/>\n<meta name=\"twitter:card\" content=\"summary_large_image\" \/>\n<meta name=\"twitter:label1\" content=\"Escrito por\" \/>\n\t<meta name=\"twitter:data1\" content=\"acltf\" \/>\n\t<meta name=\"twitter:label2\" content=\"Tiempo de lectura\" \/>\n\t<meta name=\"twitter:data2\" content=\"1 minuto\" \/>\n<script type=\"application\/ld+json\" class=\"yoast-schema-graph\">{\"@context\":\"https:\/\/schema.org\",\"@graph\":[{\"@type\":\"Article\",\"@id\":\"http:\/\/acltf.org\/wordpressacltf\/2015\/06\/24\/formacion-en-pnl-impartida-por-allan-santos-en-burgos\/#article\",\"isPartOf\":{\"@id\":\"http:\/\/acltf.org\/wordpressacltf\/2015\/06\/24\/formacion-en-pnl-impartida-por-allan-santos-en-burgos\/\"},\"author\":{\"name\":\"acltf\",\"@id\":\"http:\/\/acltf.org\/wordpressacltf\/#\/schema\/person\/b6c564ade2d2bb9314129dcb39e0e683\"},\"headline\":\"Formaci\u00f3n en PNL impartida por Allan Santos en Burgos\",\"datePublished\":\"2015-06-24T19:00:08+00:00\",\"dateModified\":\"2015-06-29T12:42:43+00:00\",\"mainEntityOfPage\":{\"@id\":\"http:\/\/acltf.org\/wordpressacltf\/2015\/06\/24\/formacion-en-pnl-impartida-por-allan-santos-en-burgos\/\"},\"wordCount\":201,\"commentCount\":16,\"publisher\":{\"@id\":\"http:\/\/acltf.org\/wordpressacltf\/#organization\"},\"articleSection\":[\"Noticias\"],\"inLanguage\":\"es\",\"potentialAction\":[{\"@type\":\"CommentAction\",\"name\":\"Comment\",\"target\":[\"http:\/\/acltf.org\/wordpressacltf\/2015\/06\/24\/formacion-en-pnl-impartida-por-allan-santos-en-burgos\/#respond\"]}]},{\"@type\":\"WebPage\",\"@id\":\"http:\/\/acltf.org\/wordpressacltf\/2015\/06\/24\/formacion-en-pnl-impartida-por-allan-santos-en-burgos\/\",\"url\":\"http:\/\/acltf.org\/wordpressacltf\/2015\/06\/24\/formacion-en-pnl-impartida-por-allan-santos-en-burgos\/\",\"name\":\"Formaci\u00f3n en PNL impartida por Allan Santos en Burgos - Asociaci\u00f3n Castellano Leonesa de Terapia Familiar\",\"isPartOf\":{\"@id\":\"http:\/\/acltf.org\/wordpressacltf\/#website\"},\"datePublished\":\"2015-06-24T19:00:08+00:00\",\"dateModified\":\"2015-06-29T12:42:43+00:00\",\"breadcrumb\":{\"@id\":\"http:\/\/acltf.org\/wordpressacltf\/2015\/06\/24\/formacion-en-pnl-impartida-por-allan-santos-en-burgos\/#breadcrumb\"},\"inLanguage\":\"es\",\"potentialAction\":[{\"@type\":\"ReadAction\",\"target\":[\"http:\/\/acltf.org\/wordpressacltf\/2015\/06\/24\/formacion-en-pnl-impartida-por-allan-santos-en-burgos\/\"]}]},{\"@type\":\"BreadcrumbList\",\"@id\":\"http:\/\/acltf.org\/wordpressacltf\/2015\/06\/24\/formacion-en-pnl-impartida-por-allan-santos-en-burgos\/#breadcrumb\",\"itemListElement\":[{\"@type\":\"ListItem\",\"position\":1,\"name\":\"Portada\",\"item\":\"http:\/\/acltf.org\/wordpressacltf\/\"},{\"@type\":\"ListItem\",\"position\":2,\"name\":\"Formaci\u00f3n en PNL impartida por Allan Santos en Burgos\"}]},{\"@type\":\"WebSite\",\"@id\":\"http:\/\/acltf.org\/wordpressacltf\/#website\",\"url\":\"http:\/\/acltf.org\/wordpressacltf\/\",\"name\":\"Asociaci\u00f3n Castellano Leonesa de Terapia Familiar\",\"description\":\"Asociaci\u00f3n de Terapia Familiar\",\"publisher\":{\"@id\":\"http:\/\/acltf.org\/wordpressacltf\/#organization\"},\"potentialAction\":[{\"@type\":\"SearchAction\",\"target\":{\"@type\":\"EntryPoint\",\"urlTemplate\":\"http:\/\/acltf.org\/wordpressacltf\/?s={search_term_string}\"},\"query-input\":\"required name=search_term_string\"}],\"inLanguage\":\"es\"},{\"@type\":\"Organization\",\"@id\":\"http:\/\/acltf.org\/wordpressacltf\/#organization\",\"name\":\"acltf\",\"url\":\"http:\/\/acltf.org\/wordpressacltf\/\",\"logo\":{\"@type\":\"ImageObject\",\"inLanguage\":\"es\",\"@id\":\"http:\/\/acltf.org\/wordpressacltf\/#\/schema\/logo\/image\/\",\"url\":\"http:\/\/acltf.org\/wordpressacltf\/wp-content\/uploads\/2015\/05\/Logo250.png\",\"contentUrl\":\"http:\/\/acltf.org\/wordpressacltf\/wp-content\/uploads\/2015\/05\/Logo250.png\",\"width\":250,\"height\":250,\"caption\":\"acltf\"},\"image\":{\"@id\":\"http:\/\/acltf.org\/wordpressacltf\/#\/schema\/logo\/image\/\"},\"sameAs\":[\"https:\/\/www.facebook.com\/pages\/Asociaci\u00f3n-Castellano-Leonesa-de-Terapia-Familiar\/820904984647986?fref=ts\"]},{\"@type\":\"Person\",\"@id\":\"http:\/\/acltf.org\/wordpressacltf\/#\/schema\/person\/b6c564ade2d2bb9314129dcb39e0e683\",\"name\":\"acltf\",\"image\":{\"@type\":\"ImageObject\",\"inLanguage\":\"es\",\"@id\":\"http:\/\/acltf.org\/wordpressacltf\/#\/schema\/person\/image\/\",\"url\":\"http:\/\/2.gravatar.com\/avatar\/e02eb9fac6bef8ad5fde1db30df7d020?s=96&d=mm&r=g\",\"contentUrl\":\"http:\/\/2.gravatar.com\/avatar\/e02eb9fac6bef8ad5fde1db30df7d020?s=96&d=mm&r=g\",\"caption\":\"acltf\"},\"description\":\"Asociaci\u00f3n de Terapia Familiar de Castilla y Le\u00f3n info@acltf.org\",\"url\":\"http:\/\/acltf.org\/wordpressacltf\/author\/acltf\/\"}]}<\/script>\n<!-- \/ Yoast SEO plugin. -->","yoast_head_json":{"title":"Formaci\u00f3n en PNL impartida por Allan Santos en Burgos - Asociaci\u00f3n Castellano Leonesa de Terapia Familiar","robots":{"index":"index","follow":"follow","max-snippet":"max-snippet:-1","max-image-preview":"max-image-preview:large","max-video-preview":"max-video-preview:-1"},"canonical":"http:\/\/acltf.org\/wordpressacltf\/2015\/06\/24\/formacion-en-pnl-impartida-por-allan-santos-en-burgos\/","og_locale":"es_ES","og_type":"article","og_title":"Formaci\u00f3n en PNL impartida por Allan Santos en Burgos - Asociaci\u00f3n Castellano Leonesa de Terapia Familiar","og_description":"Hola, queremos compartir con vosotros la informaci\u00f3n en relaci\u00f3n a la formaci\u00f3n que va a tener lugar en Burgos. Allan Santos viene a Burgos para impartir una formaci\u00f3n en PNL. Como sabes, Allan Santos es una de las figuras m\u00e1s importantes del \u00e1mbito internacional, y por supuesto de Espa\u00f1a, en lo que a PNL se [&hellip;]","og_url":"http:\/\/acltf.org\/wordpressacltf\/2015\/06\/24\/formacion-en-pnl-impartida-por-allan-santos-en-burgos\/","og_site_name":"Asociaci\u00f3n Castellano Leonesa de Terapia Familiar","article_publisher":"https:\/\/www.facebook.com\/pages\/Asociaci%c3%b3n-Castellano-Leonesa-de-Terapia-Familiar\/820904984647986?fref=ts","article_published_time":"2015-06-24T19:00:08+00:00","article_modified_time":"2015-06-29T12:42:43+00:00","og_image":[{"width":213,"height":126,"url":"https:\/\/i0.wp.com\/acltf.org\/wordpressacltf\/wp-content\/uploads\/2015\/06\/Captura-de-pantalla-2015-06-25-a-las-22.25.32.png?fit=213%2C126","type":"image\/png"}],"author":"acltf","twitter_card":"summary_large_image","twitter_misc":{"Escrito por":"acltf","Tiempo de lectura":"1 minuto"},"schema":{"@context":"https:\/\/schema.org","@graph":[{"@type":"Article","@id":"http:\/\/acltf.org\/wordpressacltf\/2015\/06\/24\/formacion-en-pnl-impartida-por-allan-santos-en-burgos\/#article","isPartOf":{"@id":"http:\/\/acltf.org\/wordpressacltf\/2015\/06\/24\/formacion-en-pnl-impartida-por-allan-santos-en-burgos\/"},"author":{"name":"acltf","@id":"http:\/\/acltf.org\/wordpressacltf\/#\/schema\/person\/b6c564ade2d2bb9314129dcb39e0e683"},"headline":"Formaci\u00f3n en PNL impartida por Allan Santos en Burgos","datePublished":"2015-06-24T19:00:08+00:00","dateModified":"2015-06-29T12:42:43+00:00","mainEntityOfPage":{"@id":"http:\/\/acltf.org\/wordpressacltf\/2015\/06\/24\/formacion-en-pnl-impartida-por-allan-santos-en-burgos\/"},"wordCount":201,"commentCount":16,"publisher":{"@id":"http:\/\/acltf.org\/wordpressacltf\/#organization"},"articleSection":["Noticias"],"inLanguage":"es","potentialAction":[{"@type":"CommentAction","name":"Comment","target":["http:\/\/acltf.org\/wordpressacltf\/2015\/06\/24\/formacion-en-pnl-impartida-por-allan-santos-en-burgos\/#respond"]}]},{"@type":"WebPage","@id":"http:\/\/acltf.org\/wordpressacltf\/2015\/06\/24\/formacion-en-pnl-impartida-por-allan-santos-en-burgos\/","url":"http:\/\/acltf.org\/wordpressacltf\/2015\/06\/24\/formacion-en-pnl-impartida-por-allan-santos-en-burgos\/","name":"Formaci\u00f3n en PNL impartida por Allan Santos en Burgos - Asociaci\u00f3n Castellano Leonesa de Terapia Familiar","isPartOf":{"@id":"http:\/\/acltf.org\/wordpressacltf\/#website"},"datePublished":"2015-06-24T19:00:08+00:00","dateModified":"2015-06-29T12:42:43+00:00","breadcrumb":{"@id":"http:\/\/acltf.org\/wordpressacltf\/2015\/06\/24\/formacion-en-pnl-impartida-por-allan-santos-en-burgos\/#breadcrumb"},"inLanguage":"es","potentialAction":[{"@type":"ReadAction","target":["http:\/\/acltf.org\/wordpressacltf\/2015\/06\/24\/formacion-en-pnl-impartida-por-allan-santos-en-burgos\/"]}]},{"@type":"BreadcrumbList","@id":"http:\/\/acltf.org\/wordpressacltf\/2015\/06\/24\/formacion-en-pnl-impartida-por-allan-santos-en-burgos\/#breadcrumb","itemListElement":[{"@type":"ListItem","position":1,"name":"Portada","item":"http:\/\/acltf.org\/wordpressacltf\/"},{"@type":"ListItem","position":2,"name":"Formaci\u00f3n en PNL impartida por Allan Santos en Burgos"}]},{"@type":"WebSite","@id":"http:\/\/acltf.org\/wordpressacltf\/#website","url":"http:\/\/acltf.org\/wordpressacltf\/","name":"Asociaci\u00f3n Castellano Leonesa de Terapia Familiar","description":"Asociaci\u00f3n de Terapia Familiar","publisher":{"@id":"http:\/\/acltf.org\/wordpressacltf\/#organization"},"potentialAction":[{"@type":"SearchAction","target":{"@type":"EntryPoint","urlTemplate":"http:\/\/acltf.org\/wordpressacltf\/?s={search_term_string}"},"query-input":"required name=search_term_string"}],"inLanguage":"es"},{"@type":"Organization","@id":"http:\/\/acltf.org\/wordpressacltf\/#organization","name":"acltf","url":"http:\/\/acltf.org\/wordpressacltf\/","logo":{"@type":"ImageObject","inLanguage":"es","@id":"http:\/\/acltf.org\/wordpressacltf\/#\/schema\/logo\/image\/","url":"http:\/\/acltf.org\/wordpressacltf\/wp-content\/uploads\/2015\/05\/Logo250.png","contentUrl":"http:\/\/acltf.org\/wordpressacltf\/wp-content\/uploads\/2015\/05\/Logo250.png","width":250,"height":250,"caption":"acltf"},"image":{"@id":"http:\/\/acltf.org\/wordpressacltf\/#\/schema\/logo\/image\/"},"sameAs":["https:\/\/www.facebook.com\/pages\/Asociaci\u00f3n-Castellano-Leonesa-de-Terapia-Familiar\/820904984647986?fref=ts"]},{"@type":"Person","@id":"http:\/\/acltf.org\/wordpressacltf\/#\/schema\/person\/b6c564ade2d2bb9314129dcb39e0e683","name":"acltf","image":{"@type":"ImageObject","inLanguage":"es","@id":"http:\/\/acltf.org\/wordpressacltf\/#\/schema\/person\/image\/","url":"http:\/\/2.gravatar.com\/avatar\/e02eb9fac6bef8ad5fde1db30df7d020?s=96&d=mm&r=g","contentUrl":"http:\/\/2.gravatar.com\/avatar\/e02eb9fac6bef8ad5fde1db30df7d020?s=96&d=mm&r=g","caption":"acltf"},"description":"Asociaci\u00f3n de Terapia Familiar de Castilla y Le\u00f3n info@acltf.org","url":"http:\/\/acltf.org\/wordpressacltf\/author\/acltf\/"}]}},"jetpack_featured_media_url":"https:\/\/i0.wp.com\/acltf.org\/wordpressacltf\/wp-content\/uploads\/2015\/06\/Captura-de-pantalla-2015-06-25-a-las-22.25.32.png?fit=213%2C126","jetpack_sharing_enabled":true,"jetpack_shortlink":"https:\/\/wp.me\/p6UE5O-42","jetpack_likes_enabled":true,"_links":{"self":[{"href":"http:\/\/acltf.org\/wordpressacltf\/wp-json\/wp\/v2\/posts\/250"}],"collection":[{"href":"http:\/\/acltf.org\/wordpressacltf\/wp-json\/wp\/v2\/posts"}],"about":[{"href":"http:\/\/acltf.org\/wordpressacltf\/wp-json\/wp\/v2\/types\/post"}],"author":[{"embeddable":true,"href":"http:\/\/acltf.org\/wordpressacltf\/wp-json\/wp\/v2\/users\/1"}],"replies":[{"embeddable":true,"href":"http:\/\/acltf.org\/wordpressacltf\/wp-json\/wp\/v2\/comments?post=250"}],"version-history":[{"count":5,"href":"http:\/\/acltf.org\/wordpressacltf\/wp-json\/wp\/v2\/posts\/250\/revisions"}],"predecessor-version":[{"id":256,"href":"http:\/\/acltf.org\/wordpressacltf\/wp-json\/wp\/v2\/posts\/250\/revisions\/256"}],"wp:featuredmedia":[{"embeddable":true,"href":"http:\/\/acltf.org\/wordpressacltf\/wp-json\/wp\/v2\/media\/253"}],"wp:attachment":[{"href":"http:\/\/acltf.org\/wordpressacltf\/wp-json\/wp\/v2\/media?parent=250"}],"wp:term":[{"taxonomy":"category","embeddable":true,"href":"http:\/\/acltf.org\/wordpressacltf\/wp-json\/wp\/v2\/categories?post=250"},{"taxonomy":"post_tag","embeddable":true,"href":"http:\/\/acltf.org\/wordpressacltf\/wp-json\/wp\/v2\/tags?post=250"}],"curies":[{"name":"wp","href":"https:\/\/api.w.org\/{rel}","templated":true}]}}