{"id":405,"date":"2016-02-15T17:19:47","date_gmt":"2016-02-15T16:19:47","guid":{"rendered":"http:\/\/acltf.org\/wordpressacltf\/?p=405"},"modified":"2016-02-15T17:19:47","modified_gmt":"2016-02-15T16:19:47","slug":"seminario-febrero","status":"publish","type":"post","link":"http:\/\/acltf.org\/wordpressacltf\/2016\/02\/15\/seminario-febrero\/","title":{"rendered":"Seminario febrero"},"content":{"rendered":"<p>Ya no queda nada para el seminario! Este viernes nos vemos en el Centro C\u00edvico de San Agust\u00edn para compartir estas jornadas con I\u00f1igo Ochoa de Alda. <\/p>\n<p><a href=\"http:\/\/i0.wp.com\/acltf.org\/wordpressacltf\/wp-content\/uploads\/2016\/01\/Seminario-Terapia-Familiar-2016-1-1-1.png?w=528\"><img decoding=\"async\" style=\"width:2000px;max-width:2000px;\" title=\"Seminario Terapia Familiar 2016 (1) (1)-1\" class=\"alignnone size-full\" alt=\"image\" src=\"http:\/\/i0.wp.com\/acltf.org\/wordpressacltf\/wp-content\/uploads\/2016\/01\/Seminario-Terapia-Familiar-2016-1-1-1.png?w=528?w=2000\" \/><\/a><\/p>\n<a class=\"synved-social-button synved-social-button-follow synved-social-size-48 synved-social-resolution-single synved-social-provider-facebook nolightbox\" data-provider=\"facebook\" target=\"_blank\" rel=\"nofollow\" title=\"Follow us on Facebook\" href=\"https:\/\/www.facebook.com\/facebook\" style=\"font-size: 0px;width:48px;height:48px;margin:0;margin-bottom:5px;margin-right:5px\"><img alt=\"Facebook\" title=\"Follow us on Facebook\" class=\"synved-share-image synved-social-image synved-social-image-follow\" width=\"48\" height=\"48\" style=\"display: inline;width:48px;height:48px;margin: 0;padding: 0;border: none\" src=\"https:\/\/i0.wp.com\/acltf.org\/wordpressacltf\/wp-content\/plugins\/social-media-feather\/synved-social\/image\/social\/regular\/96x96\/facebook.png?resize=48%2C48\" data-recalc-dims=\"1\" \/><\/a><a class=\"synved-social-button synved-social-button-follow synved-social-size-48 synved-social-resolution-single synved-social-provider-twitter nolightbox\" data-provider=\"twitter\" target=\"_blank\" rel=\"nofollow\" title=\"Follow us on Twitter\" href=\"https:\/\/twitter.com\/twitter\" style=\"font-size: 0px;width:48px;height:48px;margin:0;margin-bottom:5px;margin-right:5px\"><img alt=\"twitter\" title=\"Follow us on Twitter\" class=\"synved-share-image synved-social-image synved-social-image-follow\" width=\"48\" height=\"48\" style=\"display: inline;width:48px;height:48px;margin: 0;padding: 0;border: none\" src=\"https:\/\/i0.wp.com\/acltf.org\/wordpressacltf\/wp-content\/plugins\/social-media-feather\/synved-social\/image\/social\/regular\/96x96\/twitter.png?resize=48%2C48\" data-recalc-dims=\"1\" \/><\/a><a class=\"synved-social-button synved-social-button-follow synved-social-size-48 synved-social-resolution-single synved-social-provider-linkedin nolightbox\" data-provider=\"linkedin\" target=\"_blank\" rel=\"nofollow\" title=\"Find us on Linkedin\" href=\"https:\/\/www.linkedin.com\/in\/yourid\" style=\"font-size: 0px;width:48px;height:48px;margin:0;margin-bottom:5px;margin-right:5px\"><img alt=\"linkedin\" title=\"Find us on Linkedin\" class=\"synved-share-image synved-social-image synved-social-image-follow\" width=\"48\" height=\"48\" style=\"display: inline;width:48px;height:48px;margin: 0;padding: 0;border: none\" src=\"https:\/\/i0.wp.com\/acltf.org\/wordpressacltf\/wp-content\/plugins\/social-media-feather\/synved-social\/image\/social\/regular\/96x96\/linkedin.png?resize=48%2C48\" data-recalc-dims=\"1\" \/><\/a><a class=\"synved-social-button synved-social-button-follow synved-social-size-48 synved-social-resolution-single synved-social-provider-instagram nolightbox\" data-provider=\"instagram\" target=\"_blank\" rel=\"nofollow\" title=\"Check out our instagram feed\" href=\"https:\/\/instagram.com\/myusername\" style=\"font-size: 0px;width:48px;height:48px;margin:0;margin-bottom:5px;margin-right:5px\"><img alt=\"instagram\" title=\"Check out our instagram feed\" class=\"synved-share-image synved-social-image synved-social-image-follow\" width=\"48\" height=\"48\" style=\"display: inline;width:48px;height:48px;margin: 0;padding: 0;border: none\" src=\"https:\/\/i0.wp.com\/acltf.org\/wordpressacltf\/wp-content\/plugins\/social-media-feather\/synved-social\/image\/social\/regular\/96x96\/instagram.png?resize=48%2C48\" data-recalc-dims=\"1\" \/><\/a><a class=\"synved-social-button synved-social-button-follow synved-social-size-48 synved-social-resolution-single synved-social-provider-flickr nolightbox\" data-provider=\"flickr\" target=\"_blank\" rel=\"nofollow\" title=\"Check out our flickr feed\" href=\"https:\/\/www.flickr.com\/photos\/myusername\/\" style=\"font-size: 0px;width:48px;height:48px;margin:0;margin-bottom:5px;margin-right:5px\"><img alt=\"flickr\" title=\"Check out our flickr feed\" class=\"synved-share-image synved-social-image synved-social-image-follow\" width=\"48\" height=\"48\" style=\"display: inline;width:48px;height:48px;margin: 0;padding: 0;border: none\" src=\"https:\/\/i0.wp.com\/acltf.org\/wordpressacltf\/wp-content\/plugins\/social-media-feather\/synved-social\/image\/social\/regular\/96x96\/flickr.png?resize=48%2C48\" data-recalc-dims=\"1\" \/><\/a><a class=\"synved-social-button synved-social-button-follow synved-social-size-48 synved-social-resolution-single synved-social-provider-foursquare nolightbox\" data-provider=\"foursquare\" target=\"_blank\" rel=\"nofollow\" title=\"Check out our foursquare feed\" href=\"https:\/\/foursquare.com\/myusername\" style=\"font-size: 0px;width:48px;height:48px;margin:0;margin-bottom:5px;margin-right:5px\"><img alt=\"foursquare\" title=\"Check out our foursquare feed\" class=\"synved-share-image synved-social-image synved-social-image-follow\" width=\"48\" height=\"48\" style=\"display: inline;width:48px;height:48px;margin: 0;padding: 0;border: none\" src=\"https:\/\/i0.wp.com\/acltf.org\/wordpressacltf\/wp-content\/plugins\/social-media-feather\/synved-social\/image\/social\/regular\/96x96\/foursquare.png?resize=48%2C48\" data-recalc-dims=\"1\" \/><\/a><a class=\"synved-social-button synved-social-button-follow synved-social-size-48 synved-social-resolution-single synved-social-provider-mail nolightbox\" data-provider=\"mail\" rel=\"nofollow\" title=\"Contact Us\" href=\"mailto:mail@example.com?subject=Contact%20Request\" style=\"font-size: 0px;width:48px;height:48px;margin:0;margin-bottom:5px\"><img alt=\"mail\" title=\"Contact Us\" class=\"synved-share-image synved-social-image synved-social-image-follow\" width=\"48\" height=\"48\" style=\"display: inline;width:48px;height:48px;margin: 0;padding: 0;border: none\" src=\"https:\/\/i0.wp.com\/acltf.org\/wordpressacltf\/wp-content\/plugins\/social-media-feather\/synved-social\/image\/social\/regular\/96x96\/mail.png?resize=48%2C48\" data-recalc-dims=\"1\" \/><\/a>","protected":false},"excerpt":{"rendered":"<p>Ya no queda nada para el seminario! Este viernes nos vemos en el Centro C\u00edvico de San Agust\u00edn para compartir estas jornadas con I\u00f1igo Ochoa de Alda.<\/p>\n","protected":false},"author":1,"featured_media":0,"comment_status":"open","ping_status":"open","sticky":false,"template":"","format":"standard","meta":{"jetpack_post_was_ever_published":false,"_jetpack_newsletter_access":"","_jetpack_newsletter_tier_id":0,"jetpack_publicize_message":"","jetpack_is_tweetstorm":false,"jetpack_publicize_feature_enabled":true,"jetpack_social_post_already_shared":true,"jetpack_social_options":{"image_generator_settings":{"template":"highway","enabled":false}}},"categories":[6],"tags":[],"jetpack_publicize_connections":[],"yoast_head":"<!-- This site is optimized with the Yoast SEO plugin v21.8.1 - https:\/\/yoast.com\/wordpress\/plugins\/seo\/ -->\n<title>Seminario febrero - Asociaci\u00f3n Castellano Leonesa de Terapia Familiar<\/title>\n<meta name=\"robots\" content=\"index, follow, max-snippet:-1, max-image-preview:large, max-video-preview:-1\" \/>\n<link rel=\"canonical\" href=\"http:\/\/acltf.org\/wordpressacltf\/2016\/02\/15\/seminario-febrero\/\" \/>\n<meta property=\"og:locale\" content=\"es_ES\" \/>\n<meta property=\"og:type\" content=\"article\" \/>\n<meta property=\"og:title\" content=\"Seminario febrero - Asociaci\u00f3n Castellano Leonesa de Terapia Familiar\" \/>\n<meta property=\"og:description\" content=\"Ya no queda nada para el seminario! Este viernes nos vemos en el Centro C\u00edvico de San Agust\u00edn para compartir estas jornadas con I\u00f1igo Ochoa de Alda.\" \/>\n<meta property=\"og:url\" content=\"http:\/\/acltf.org\/wordpressacltf\/2016\/02\/15\/seminario-febrero\/\" \/>\n<meta property=\"og:site_name\" content=\"Asociaci\u00f3n Castellano Leonesa de Terapia Familiar\" \/>\n<meta property=\"article:publisher\" content=\"https:\/\/www.facebook.com\/pages\/Asociaci%c3%b3n-Castellano-Leonesa-de-Terapia-Familiar\/820904984647986?fref=ts\" \/>\n<meta property=\"article:published_time\" content=\"2016-02-15T16:19:47+00:00\" \/>\n<meta property=\"og:image\" content=\"http:\/\/i0.wp.com\/acltf.org\/wordpressacltf\/wp-content\/uploads\/2016\/01\/Seminario-Terapia-Familiar-2016-1-1-1.png?w=528?w=2000\" \/>\n<meta name=\"author\" content=\"acltf\" \/>\n<meta name=\"twitter:card\" content=\"summary_large_image\" \/>\n<meta name=\"twitter:label1\" content=\"Escrito por\" \/>\n\t<meta name=\"twitter:data1\" content=\"acltf\" \/>\n<script type=\"application\/ld+json\" class=\"yoast-schema-graph\">{\"@context\":\"https:\/\/schema.org\",\"@graph\":[{\"@type\":\"Article\",\"@id\":\"http:\/\/acltf.org\/wordpressacltf\/2016\/02\/15\/seminario-febrero\/#article\",\"isPartOf\":{\"@id\":\"http:\/\/acltf.org\/wordpressacltf\/2016\/02\/15\/seminario-febrero\/\"},\"author\":{\"name\":\"acltf\",\"@id\":\"http:\/\/acltf.org\/wordpressacltf\/#\/schema\/person\/b6c564ade2d2bb9314129dcb39e0e683\"},\"headline\":\"Seminario febrero\",\"datePublished\":\"2016-02-15T16:19:47+00:00\",\"dateModified\":\"2016-02-15T16:19:47+00:00\",\"mainEntityOfPage\":{\"@id\":\"http:\/\/acltf.org\/wordpressacltf\/2016\/02\/15\/seminario-febrero\/\"},\"wordCount\":32,\"commentCount\":10,\"publisher\":{\"@id\":\"http:\/\/acltf.org\/wordpressacltf\/#organization\"},\"articleSection\":[\"Noticias\"],\"inLanguage\":\"es\",\"potentialAction\":[{\"@type\":\"CommentAction\",\"name\":\"Comment\",\"target\":[\"http:\/\/acltf.org\/wordpressacltf\/2016\/02\/15\/seminario-febrero\/#respond\"]}]},{\"@type\":\"WebPage\",\"@id\":\"http:\/\/acltf.org\/wordpressacltf\/2016\/02\/15\/seminario-febrero\/\",\"url\":\"http:\/\/acltf.org\/wordpressacltf\/2016\/02\/15\/seminario-febrero\/\",\"name\":\"Seminario febrero - Asociaci\u00f3n Castellano Leonesa de Terapia Familiar\",\"isPartOf\":{\"@id\":\"http:\/\/acltf.org\/wordpressacltf\/#website\"},\"datePublished\":\"2016-02-15T16:19:47+00:00\",\"dateModified\":\"2016-02-15T16:19:47+00:00\",\"breadcrumb\":{\"@id\":\"http:\/\/acltf.org\/wordpressacltf\/2016\/02\/15\/seminario-febrero\/#breadcrumb\"},\"inLanguage\":\"es\",\"potentialAction\":[{\"@type\":\"ReadAction\",\"target\":[\"http:\/\/acltf.org\/wordpressacltf\/2016\/02\/15\/seminario-febrero\/\"]}]},{\"@type\":\"BreadcrumbList\",\"@id\":\"http:\/\/acltf.org\/wordpressacltf\/2016\/02\/15\/seminario-febrero\/#breadcrumb\",\"itemListElement\":[{\"@type\":\"ListItem\",\"position\":1,\"name\":\"Portada\",\"item\":\"http:\/\/acltf.org\/wordpressacltf\/\"},{\"@type\":\"ListItem\",\"position\":2,\"name\":\"Seminario febrero\"}]},{\"@type\":\"WebSite\",\"@id\":\"http:\/\/acltf.org\/wordpressacltf\/#website\",\"url\":\"http:\/\/acltf.org\/wordpressacltf\/\",\"name\":\"Asociaci\u00f3n Castellano Leonesa de Terapia Familiar\",\"description\":\"Asociaci\u00f3n de Terapia Familiar\",\"publisher\":{\"@id\":\"http:\/\/acltf.org\/wordpressacltf\/#organization\"},\"potentialAction\":[{\"@type\":\"SearchAction\",\"target\":{\"@type\":\"EntryPoint\",\"urlTemplate\":\"http:\/\/acltf.org\/wordpressacltf\/?s={search_term_string}\"},\"query-input\":\"required name=search_term_string\"}],\"inLanguage\":\"es\"},{\"@type\":\"Organization\",\"@id\":\"http:\/\/acltf.org\/wordpressacltf\/#organization\",\"name\":\"acltf\",\"url\":\"http:\/\/acltf.org\/wordpressacltf\/\",\"logo\":{\"@type\":\"ImageObject\",\"inLanguage\":\"es\",\"@id\":\"http:\/\/acltf.org\/wordpressacltf\/#\/schema\/logo\/image\/\",\"url\":\"http:\/\/acltf.org\/wordpressacltf\/wp-content\/uploads\/2015\/05\/Logo250.png\",\"contentUrl\":\"http:\/\/acltf.org\/wordpressacltf\/wp-content\/uploads\/2015\/05\/Logo250.png\",\"width\":250,\"height\":250,\"caption\":\"acltf\"},\"image\":{\"@id\":\"http:\/\/acltf.org\/wordpressacltf\/#\/schema\/logo\/image\/\"},\"sameAs\":[\"https:\/\/www.facebook.com\/pages\/Asociaci\u00f3n-Castellano-Leonesa-de-Terapia-Familiar\/820904984647986?fref=ts\"]},{\"@type\":\"Person\",\"@id\":\"http:\/\/acltf.org\/wordpressacltf\/#\/schema\/person\/b6c564ade2d2bb9314129dcb39e0e683\",\"name\":\"acltf\",\"image\":{\"@type\":\"ImageObject\",\"inLanguage\":\"es\",\"@id\":\"http:\/\/acltf.org\/wordpressacltf\/#\/schema\/person\/image\/\",\"url\":\"http:\/\/2.gravatar.com\/avatar\/e02eb9fac6bef8ad5fde1db30df7d020?s=96&d=mm&r=g\",\"contentUrl\":\"http:\/\/2.gravatar.com\/avatar\/e02eb9fac6bef8ad5fde1db30df7d020?s=96&d=mm&r=g\",\"caption\":\"acltf\"},\"description\":\"Asociaci\u00f3n de Terapia Familiar de Castilla y Le\u00f3n info@acltf.org\",\"url\":\"http:\/\/acltf.org\/wordpressacltf\/author\/acltf\/\"}]}<\/script>\n<!-- \/ Yoast SEO plugin. -->","yoast_head_json":{"title":"Seminario febrero - Asociaci\u00f3n Castellano Leonesa de Terapia Familiar","robots":{"index":"index","follow":"follow","max-snippet":"max-snippet:-1","max-image-preview":"max-image-preview:large","max-video-preview":"max-video-preview:-1"},"canonical":"http:\/\/acltf.org\/wordpressacltf\/2016\/02\/15\/seminario-febrero\/","og_locale":"es_ES","og_type":"article","og_title":"Seminario febrero - Asociaci\u00f3n Castellano Leonesa de Terapia Familiar","og_description":"Ya no queda nada para el seminario! Este viernes nos vemos en el Centro C\u00edvico de San Agust\u00edn para compartir estas jornadas con I\u00f1igo Ochoa de Alda.","og_url":"http:\/\/acltf.org\/wordpressacltf\/2016\/02\/15\/seminario-febrero\/","og_site_name":"Asociaci\u00f3n Castellano Leonesa de Terapia Familiar","article_publisher":"https:\/\/www.facebook.com\/pages\/Asociaci%c3%b3n-Castellano-Leonesa-de-Terapia-Familiar\/820904984647986?fref=ts","article_published_time":"2016-02-15T16:19:47+00:00","og_image":[{"url":"http:\/\/i0.wp.com\/acltf.org\/wordpressacltf\/wp-content\/uploads\/2016\/01\/Seminario-Terapia-Familiar-2016-1-1-1.png?w=528?w=2000"}],"author":"acltf","twitter_card":"summary_large_image","twitter_misc":{"Escrito por":"acltf"},"schema":{"@context":"https:\/\/schema.org","@graph":[{"@type":"Article","@id":"http:\/\/acltf.org\/wordpressacltf\/2016\/02\/15\/seminario-febrero\/#article","isPartOf":{"@id":"http:\/\/acltf.org\/wordpressacltf\/2016\/02\/15\/seminario-febrero\/"},"author":{"name":"acltf","@id":"http:\/\/acltf.org\/wordpressacltf\/#\/schema\/person\/b6c564ade2d2bb9314129dcb39e0e683"},"headline":"Seminario febrero","datePublished":"2016-02-15T16:19:47+00:00","dateModified":"2016-02-15T16:19:47+00:00","mainEntityOfPage":{"@id":"http:\/\/acltf.org\/wordpressacltf\/2016\/02\/15\/seminario-febrero\/"},"wordCount":32,"commentCount":10,"publisher":{"@id":"http:\/\/acltf.org\/wordpressacltf\/#organization"},"articleSection":["Noticias"],"inLanguage":"es","potentialAction":[{"@type":"CommentAction","name":"Comment","target":["http:\/\/acltf.org\/wordpressacltf\/2016\/02\/15\/seminario-febrero\/#respond"]}]},{"@type":"WebPage","@id":"http:\/\/acltf.org\/wordpressacltf\/2016\/02\/15\/seminario-febrero\/","url":"http:\/\/acltf.org\/wordpressacltf\/2016\/02\/15\/seminario-febrero\/","name":"Seminario febrero - Asociaci\u00f3n Castellano Leonesa de Terapia Familiar","isPartOf":{"@id":"http:\/\/acltf.org\/wordpressacltf\/#website"},"datePublished":"2016-02-15T16:19:47+00:00","dateModified":"2016-02-15T16:19:47+00:00","breadcrumb":{"@id":"http:\/\/acltf.org\/wordpressacltf\/2016\/02\/15\/seminario-febrero\/#breadcrumb"},"inLanguage":"es","potentialAction":[{"@type":"ReadAction","target":["http:\/\/acltf.org\/wordpressacltf\/2016\/02\/15\/seminario-febrero\/"]}]},{"@type":"BreadcrumbList","@id":"http:\/\/acltf.org\/wordpressacltf\/2016\/02\/15\/seminario-febrero\/#breadcrumb","itemListElement":[{"@type":"ListItem","position":1,"name":"Portada","item":"http:\/\/acltf.org\/wordpressacltf\/"},{"@type":"ListItem","position":2,"name":"Seminario febrero"}]},{"@type":"WebSite","@id":"http:\/\/acltf.org\/wordpressacltf\/#website","url":"http:\/\/acltf.org\/wordpressacltf\/","name":"Asociaci\u00f3n Castellano Leonesa de Terapia Familiar","description":"Asociaci\u00f3n de Terapia Familiar","publisher":{"@id":"http:\/\/acltf.org\/wordpressacltf\/#organization"},"potentialAction":[{"@type":"SearchAction","target":{"@type":"EntryPoint","urlTemplate":"http:\/\/acltf.org\/wordpressacltf\/?s={search_term_string}"},"query-input":"required name=search_term_string"}],"inLanguage":"es"},{"@type":"Organization","@id":"http:\/\/acltf.org\/wordpressacltf\/#organization","name":"acltf","url":"http:\/\/acltf.org\/wordpressacltf\/","logo":{"@type":"ImageObject","inLanguage":"es","@id":"http:\/\/acltf.org\/wordpressacltf\/#\/schema\/logo\/image\/","url":"http:\/\/acltf.org\/wordpressacltf\/wp-content\/uploads\/2015\/05\/Logo250.png","contentUrl":"http:\/\/acltf.org\/wordpressacltf\/wp-content\/uploads\/2015\/05\/Logo250.png","width":250,"height":250,"caption":"acltf"},"image":{"@id":"http:\/\/acltf.org\/wordpressacltf\/#\/schema\/logo\/image\/"},"sameAs":["https:\/\/www.facebook.com\/pages\/Asociaci\u00f3n-Castellano-Leonesa-de-Terapia-Familiar\/820904984647986?fref=ts"]},{"@type":"Person","@id":"http:\/\/acltf.org\/wordpressacltf\/#\/schema\/person\/b6c564ade2d2bb9314129dcb39e0e683","name":"acltf","image":{"@type":"ImageObject","inLanguage":"es","@id":"http:\/\/acltf.org\/wordpressacltf\/#\/schema\/person\/image\/","url":"http:\/\/2.gravatar.com\/avatar\/e02eb9fac6bef8ad5fde1db30df7d020?s=96&d=mm&r=g","contentUrl":"http:\/\/2.gravatar.com\/avatar\/e02eb9fac6bef8ad5fde1db30df7d020?s=96&d=mm&r=g","caption":"acltf"},"description":"Asociaci\u00f3n de Terapia Familiar de Castilla y Le\u00f3n info@acltf.org","url":"http:\/\/acltf.org\/wordpressacltf\/author\/acltf\/"}]}},"jetpack_featured_media_url":"","jetpack_sharing_enabled":true,"jetpack_shortlink":"https:\/\/wp.me\/p6UE5O-6x","jetpack_likes_enabled":true,"_links":{"self":[{"href":"http:\/\/acltf.org\/wordpressacltf\/wp-json\/wp\/v2\/posts\/405"}],"collection":[{"href":"http:\/\/acltf.org\/wordpressacltf\/wp-json\/wp\/v2\/posts"}],"about":[{"href":"http:\/\/acltf.org\/wordpressacltf\/wp-json\/wp\/v2\/types\/post"}],"author":[{"embeddable":true,"href":"http:\/\/acltf.org\/wordpressacltf\/wp-json\/wp\/v2\/users\/1"}],"replies":[{"embeddable":true,"href":"http:\/\/acltf.org\/wordpressacltf\/wp-json\/wp\/v2\/comments?post=405"}],"version-history":[{"count":1,"href":"http:\/\/acltf.org\/wordpressacltf\/wp-json\/wp\/v2\/posts\/405\/revisions"}],"predecessor-version":[{"id":406,"href":"http:\/\/acltf.org\/wordpressacltf\/wp-json\/wp\/v2\/posts\/405\/revisions\/406"}],"wp:attachment":[{"href":"http:\/\/acltf.org\/wordpressacltf\/wp-json\/wp\/v2\/media?parent=405"}],"wp:term":[{"taxonomy":"category","embeddable":true,"href":"http:\/\/acltf.org\/wordpressacltf\/wp-json\/wp\/v2\/categories?post=405"},{"taxonomy":"post_tag","embeddable":true,"href":"http:\/\/acltf.org\/wordpressacltf\/wp-json\/wp\/v2\/tags?post=405"}],"curies":[{"name":"wp","href":"https:\/\/api.w.org\/{rel}","templated":true}]}}