{"id":410,"date":"2016-03-20T13:47:19","date_gmt":"2016-03-20T12:47:19","guid":{"rendered":"http:\/\/acltf.org\/wordpressacltf\/?p=410"},"modified":"2016-03-20T13:47:19","modified_gmt":"2016-03-20T12:47:19","slug":"curso-intensivo-cuidados-basicos-de-duelo-valladolid-15-y-16-de-abril","status":"publish","type":"post","link":"http:\/\/acltf.org\/wordpressacltf\/2016\/03\/20\/curso-intensivo-cuidados-basicos-de-duelo-valladolid-15-y-16-de-abril\/","title":{"rendered":"CURSO INTENSIVO: CUIDADOS B\u00c1SICOS DE DUELO. Valladolid, 15 y 16 de abril"},"content":{"rendered":"<p>Hola a tod@s!!<\/p>\n<p>Los d\u00edas 15 y 16 de abril tenemos la oportunidad de disfrutar con \u00c1ngel Mar\u00eda Pascual de un curso intensivo sobre &#8220;Cuidados b\u00e1sicos de Duelo&#8221; desde un modelo integrativo-relacional, en el gabinete Antheo de Valladolid. Os dejamos aqu\u00ed la informaci\u00f3n, y esperamos que sea de vuestro inter\u00e9s.<\/p>\n<p><a href=\"http:\/\/acltf.org\/wordpressacltf\/wp-content\/uploads\/2016\/03\/triptico-duelo.pdf\">triptico duelo<\/a><\/p>\n<a class=\"synved-social-button synved-social-button-follow synved-social-size-48 synved-social-resolution-single synved-social-provider-facebook nolightbox\" data-provider=\"facebook\" target=\"_blank\" rel=\"nofollow\" title=\"Follow us on Facebook\" href=\"https:\/\/www.facebook.com\/facebook\" style=\"font-size: 0px;width:48px;height:48px;margin:0;margin-bottom:5px;margin-right:5px\"><img alt=\"Facebook\" title=\"Follow us on Facebook\" class=\"synved-share-image synved-social-image synved-social-image-follow\" width=\"48\" height=\"48\" style=\"display: inline;width:48px;height:48px;margin: 0;padding: 0;border: none\" src=\"https:\/\/i0.wp.com\/acltf.org\/wordpressacltf\/wp-content\/plugins\/social-media-feather\/synved-social\/image\/social\/regular\/96x96\/facebook.png?resize=48%2C48\" data-recalc-dims=\"1\" \/><\/a><a class=\"synved-social-button synved-social-button-follow synved-social-size-48 synved-social-resolution-single synved-social-provider-twitter nolightbox\" data-provider=\"twitter\" target=\"_blank\" rel=\"nofollow\" title=\"Follow us on Twitter\" href=\"https:\/\/twitter.com\/twitter\" style=\"font-size: 0px;width:48px;height:48px;margin:0;margin-bottom:5px;margin-right:5px\"><img alt=\"twitter\" title=\"Follow us on Twitter\" class=\"synved-share-image synved-social-image synved-social-image-follow\" width=\"48\" height=\"48\" style=\"display: inline;width:48px;height:48px;margin: 0;padding: 0;border: none\" src=\"https:\/\/i0.wp.com\/acltf.org\/wordpressacltf\/wp-content\/plugins\/social-media-feather\/synved-social\/image\/social\/regular\/96x96\/twitter.png?resize=48%2C48\" data-recalc-dims=\"1\" \/><\/a><a class=\"synved-social-button synved-social-button-follow synved-social-size-48 synved-social-resolution-single synved-social-provider-linkedin nolightbox\" data-provider=\"linkedin\" target=\"_blank\" rel=\"nofollow\" title=\"Find us on Linkedin\" href=\"https:\/\/www.linkedin.com\/in\/yourid\" style=\"font-size: 0px;width:48px;height:48px;margin:0;margin-bottom:5px;margin-right:5px\"><img alt=\"linkedin\" title=\"Find us on Linkedin\" class=\"synved-share-image synved-social-image synved-social-image-follow\" width=\"48\" height=\"48\" style=\"display: inline;width:48px;height:48px;margin: 0;padding: 0;border: none\" src=\"https:\/\/i0.wp.com\/acltf.org\/wordpressacltf\/wp-content\/plugins\/social-media-feather\/synved-social\/image\/social\/regular\/96x96\/linkedin.png?resize=48%2C48\" data-recalc-dims=\"1\" \/><\/a><a class=\"synved-social-button synved-social-button-follow synved-social-size-48 synved-social-resolution-single synved-social-provider-instagram nolightbox\" data-provider=\"instagram\" target=\"_blank\" rel=\"nofollow\" title=\"Check out our instagram feed\" href=\"https:\/\/instagram.com\/myusername\" style=\"font-size: 0px;width:48px;height:48px;margin:0;margin-bottom:5px;margin-right:5px\"><img alt=\"instagram\" title=\"Check out our instagram feed\" class=\"synved-share-image synved-social-image synved-social-image-follow\" width=\"48\" height=\"48\" style=\"display: inline;width:48px;height:48px;margin: 0;padding: 0;border: none\" src=\"https:\/\/i0.wp.com\/acltf.org\/wordpressacltf\/wp-content\/plugins\/social-media-feather\/synved-social\/image\/social\/regular\/96x96\/instagram.png?resize=48%2C48\" data-recalc-dims=\"1\" \/><\/a><a class=\"synved-social-button synved-social-button-follow synved-social-size-48 synved-social-resolution-single synved-social-provider-flickr nolightbox\" data-provider=\"flickr\" target=\"_blank\" rel=\"nofollow\" title=\"Check out our flickr feed\" href=\"https:\/\/www.flickr.com\/photos\/myusername\/\" style=\"font-size: 0px;width:48px;height:48px;margin:0;margin-bottom:5px;margin-right:5px\"><img alt=\"flickr\" title=\"Check out our flickr feed\" class=\"synved-share-image synved-social-image synved-social-image-follow\" width=\"48\" height=\"48\" style=\"display: inline;width:48px;height:48px;margin: 0;padding: 0;border: none\" src=\"https:\/\/i0.wp.com\/acltf.org\/wordpressacltf\/wp-content\/plugins\/social-media-feather\/synved-social\/image\/social\/regular\/96x96\/flickr.png?resize=48%2C48\" data-recalc-dims=\"1\" \/><\/a><a class=\"synved-social-button synved-social-button-follow synved-social-size-48 synved-social-resolution-single synved-social-provider-foursquare nolightbox\" data-provider=\"foursquare\" target=\"_blank\" rel=\"nofollow\" title=\"Check out our foursquare feed\" href=\"https:\/\/foursquare.com\/myusername\" style=\"font-size: 0px;width:48px;height:48px;margin:0;margin-bottom:5px;margin-right:5px\"><img alt=\"foursquare\" title=\"Check out our foursquare feed\" class=\"synved-share-image synved-social-image synved-social-image-follow\" width=\"48\" height=\"48\" style=\"display: inline;width:48px;height:48px;margin: 0;padding: 0;border: none\" src=\"https:\/\/i0.wp.com\/acltf.org\/wordpressacltf\/wp-content\/plugins\/social-media-feather\/synved-social\/image\/social\/regular\/96x96\/foursquare.png?resize=48%2C48\" data-recalc-dims=\"1\" \/><\/a><a class=\"synved-social-button synved-social-button-follow synved-social-size-48 synved-social-resolution-single synved-social-provider-mail nolightbox\" data-provider=\"mail\" rel=\"nofollow\" title=\"Contact Us\" href=\"mailto:mail@example.com?subject=Contact%20Request\" style=\"font-size: 0px;width:48px;height:48px;margin:0;margin-bottom:5px\"><img alt=\"mail\" title=\"Contact Us\" class=\"synved-share-image synved-social-image synved-social-image-follow\" width=\"48\" height=\"48\" style=\"display: inline;width:48px;height:48px;margin: 0;padding: 0;border: none\" src=\"https:\/\/i0.wp.com\/acltf.org\/wordpressacltf\/wp-content\/plugins\/social-media-feather\/synved-social\/image\/social\/regular\/96x96\/mail.png?resize=48%2C48\" data-recalc-dims=\"1\" \/><\/a>","protected":false},"excerpt":{"rendered":"<p>Hola a tod@s!! Los d\u00edas 15 y 16 de abril tenemos la oportunidad de disfrutar con \u00c1ngel Mar\u00eda Pascual de un curso intensivo sobre &#8220;Cuidados b\u00e1sicos de Duelo&#8221; desde un modelo integrativo-relacional, en el gabinete Antheo de Valladolid. Os dejamos aqu\u00ed la informaci\u00f3n, y esperamos que sea de vuestro inter\u00e9s. triptico duelo<\/p>\n","protected":false},"author":1,"featured_media":0,"comment_status":"open","ping_status":"open","sticky":false,"template":"","format":"standard","meta":{"jetpack_post_was_ever_published":false,"_jetpack_newsletter_access":"","_jetpack_newsletter_tier_id":0,"jetpack_publicize_message":"","jetpack_is_tweetstorm":false,"jetpack_publicize_feature_enabled":true,"jetpack_social_post_already_shared":true,"jetpack_social_options":{"image_generator_settings":{"template":"highway","enabled":false}}},"categories":[6],"tags":[],"jetpack_publicize_connections":[],"yoast_head":"<!-- This site is optimized with the Yoast SEO plugin v21.8.1 - https:\/\/yoast.com\/wordpress\/plugins\/seo\/ -->\n<title>CURSO INTENSIVO: CUIDADOS B\u00c1SICOS DE DUELO. Valladolid, 15 y 16 de abril - Asociaci\u00f3n Castellano Leonesa de Terapia Familiar<\/title>\n<meta name=\"robots\" content=\"index, follow, max-snippet:-1, max-image-preview:large, max-video-preview:-1\" \/>\n<link rel=\"canonical\" href=\"https:\/\/acltf.org\/wordpressacltf\/2016\/03\/20\/curso-intensivo-cuidados-basicos-de-duelo-valladolid-15-y-16-de-abril\/\" \/>\n<meta property=\"og:locale\" content=\"es_ES\" \/>\n<meta property=\"og:type\" content=\"article\" \/>\n<meta property=\"og:title\" content=\"CURSO INTENSIVO: CUIDADOS B\u00c1SICOS DE DUELO. Valladolid, 15 y 16 de abril - Asociaci\u00f3n Castellano Leonesa de Terapia Familiar\" \/>\n<meta property=\"og:description\" content=\"Hola a tod@s!! Los d\u00edas 15 y 16 de abril tenemos la oportunidad de disfrutar con \u00c1ngel Mar\u00eda Pascual de un curso intensivo sobre &#8220;Cuidados b\u00e1sicos de Duelo&#8221; desde un modelo integrativo-relacional, en el gabinete Antheo de Valladolid. Os dejamos aqu\u00ed la informaci\u00f3n, y esperamos que sea de vuestro inter\u00e9s. triptico duelo\" \/>\n<meta property=\"og:url\" content=\"https:\/\/acltf.org\/wordpressacltf\/2016\/03\/20\/curso-intensivo-cuidados-basicos-de-duelo-valladolid-15-y-16-de-abril\/\" \/>\n<meta property=\"og:site_name\" content=\"Asociaci\u00f3n Castellano Leonesa de Terapia Familiar\" \/>\n<meta property=\"article:publisher\" content=\"https:\/\/www.facebook.com\/pages\/Asociaci%c3%b3n-Castellano-Leonesa-de-Terapia-Familiar\/820904984647986?fref=ts\" \/>\n<meta property=\"article:published_time\" content=\"2016-03-20T12:47:19+00:00\" \/>\n<meta name=\"author\" content=\"acltf\" \/>\n<meta name=\"twitter:card\" content=\"summary_large_image\" \/>\n<meta name=\"twitter:label1\" content=\"Escrito por\" \/>\n\t<meta name=\"twitter:data1\" content=\"acltf\" \/>\n<script type=\"application\/ld+json\" class=\"yoast-schema-graph\">{\"@context\":\"https:\/\/schema.org\",\"@graph\":[{\"@type\":\"Article\",\"@id\":\"https:\/\/acltf.org\/wordpressacltf\/2016\/03\/20\/curso-intensivo-cuidados-basicos-de-duelo-valladolid-15-y-16-de-abril\/#article\",\"isPartOf\":{\"@id\":\"https:\/\/acltf.org\/wordpressacltf\/2016\/03\/20\/curso-intensivo-cuidados-basicos-de-duelo-valladolid-15-y-16-de-abril\/\"},\"author\":{\"name\":\"acltf\",\"@id\":\"http:\/\/acltf.org\/wordpressacltf\/#\/schema\/person\/b6c564ade2d2bb9314129dcb39e0e683\"},\"headline\":\"CURSO INTENSIVO: CUIDADOS B\u00c1SICOS DE DUELO. Valladolid, 15 y 16 de abril\",\"datePublished\":\"2016-03-20T12:47:19+00:00\",\"dateModified\":\"2016-03-20T12:47:19+00:00\",\"mainEntityOfPage\":{\"@id\":\"https:\/\/acltf.org\/wordpressacltf\/2016\/03\/20\/curso-intensivo-cuidados-basicos-de-duelo-valladolid-15-y-16-de-abril\/\"},\"wordCount\":67,\"commentCount\":11,\"publisher\":{\"@id\":\"http:\/\/acltf.org\/wordpressacltf\/#organization\"},\"articleSection\":[\"Noticias\"],\"inLanguage\":\"es\",\"potentialAction\":[{\"@type\":\"CommentAction\",\"name\":\"Comment\",\"target\":[\"https:\/\/acltf.org\/wordpressacltf\/2016\/03\/20\/curso-intensivo-cuidados-basicos-de-duelo-valladolid-15-y-16-de-abril\/#respond\"]}]},{\"@type\":\"WebPage\",\"@id\":\"https:\/\/acltf.org\/wordpressacltf\/2016\/03\/20\/curso-intensivo-cuidados-basicos-de-duelo-valladolid-15-y-16-de-abril\/\",\"url\":\"https:\/\/acltf.org\/wordpressacltf\/2016\/03\/20\/curso-intensivo-cuidados-basicos-de-duelo-valladolid-15-y-16-de-abril\/\",\"name\":\"CURSO INTENSIVO: CUIDADOS B\u00c1SICOS DE DUELO. Valladolid, 15 y 16 de abril - Asociaci\u00f3n Castellano Leonesa de Terapia Familiar\",\"isPartOf\":{\"@id\":\"http:\/\/acltf.org\/wordpressacltf\/#website\"},\"datePublished\":\"2016-03-20T12:47:19+00:00\",\"dateModified\":\"2016-03-20T12:47:19+00:00\",\"breadcrumb\":{\"@id\":\"https:\/\/acltf.org\/wordpressacltf\/2016\/03\/20\/curso-intensivo-cuidados-basicos-de-duelo-valladolid-15-y-16-de-abril\/#breadcrumb\"},\"inLanguage\":\"es\",\"potentialAction\":[{\"@type\":\"ReadAction\",\"target\":[\"https:\/\/acltf.org\/wordpressacltf\/2016\/03\/20\/curso-intensivo-cuidados-basicos-de-duelo-valladolid-15-y-16-de-abril\/\"]}]},{\"@type\":\"BreadcrumbList\",\"@id\":\"https:\/\/acltf.org\/wordpressacltf\/2016\/03\/20\/curso-intensivo-cuidados-basicos-de-duelo-valladolid-15-y-16-de-abril\/#breadcrumb\",\"itemListElement\":[{\"@type\":\"ListItem\",\"position\":1,\"name\":\"Portada\",\"item\":\"http:\/\/acltf.org\/wordpressacltf\/\"},{\"@type\":\"ListItem\",\"position\":2,\"name\":\"CURSO INTENSIVO: CUIDADOS B\u00c1SICOS DE DUELO. Valladolid, 15 y 16 de abril\"}]},{\"@type\":\"WebSite\",\"@id\":\"http:\/\/acltf.org\/wordpressacltf\/#website\",\"url\":\"http:\/\/acltf.org\/wordpressacltf\/\",\"name\":\"Asociaci\u00f3n Castellano Leonesa de Terapia Familiar\",\"description\":\"Asociaci\u00f3n de Terapia Familiar\",\"publisher\":{\"@id\":\"http:\/\/acltf.org\/wordpressacltf\/#organization\"},\"potentialAction\":[{\"@type\":\"SearchAction\",\"target\":{\"@type\":\"EntryPoint\",\"urlTemplate\":\"http:\/\/acltf.org\/wordpressacltf\/?s={search_term_string}\"},\"query-input\":\"required name=search_term_string\"}],\"inLanguage\":\"es\"},{\"@type\":\"Organization\",\"@id\":\"http:\/\/acltf.org\/wordpressacltf\/#organization\",\"name\":\"acltf\",\"url\":\"http:\/\/acltf.org\/wordpressacltf\/\",\"logo\":{\"@type\":\"ImageObject\",\"inLanguage\":\"es\",\"@id\":\"http:\/\/acltf.org\/wordpressacltf\/#\/schema\/logo\/image\/\",\"url\":\"http:\/\/acltf.org\/wordpressacltf\/wp-content\/uploads\/2015\/05\/Logo250.png\",\"contentUrl\":\"http:\/\/acltf.org\/wordpressacltf\/wp-content\/uploads\/2015\/05\/Logo250.png\",\"width\":250,\"height\":250,\"caption\":\"acltf\"},\"image\":{\"@id\":\"http:\/\/acltf.org\/wordpressacltf\/#\/schema\/logo\/image\/\"},\"sameAs\":[\"https:\/\/www.facebook.com\/pages\/Asociaci\u00f3n-Castellano-Leonesa-de-Terapia-Familiar\/820904984647986?fref=ts\"]},{\"@type\":\"Person\",\"@id\":\"http:\/\/acltf.org\/wordpressacltf\/#\/schema\/person\/b6c564ade2d2bb9314129dcb39e0e683\",\"name\":\"acltf\",\"image\":{\"@type\":\"ImageObject\",\"inLanguage\":\"es\",\"@id\":\"http:\/\/acltf.org\/wordpressacltf\/#\/schema\/person\/image\/\",\"url\":\"http:\/\/2.gravatar.com\/avatar\/e02eb9fac6bef8ad5fde1db30df7d020?s=96&d=mm&r=g\",\"contentUrl\":\"http:\/\/2.gravatar.com\/avatar\/e02eb9fac6bef8ad5fde1db30df7d020?s=96&d=mm&r=g\",\"caption\":\"acltf\"},\"description\":\"Asociaci\u00f3n de Terapia Familiar de Castilla y Le\u00f3n info@acltf.org\",\"url\":\"http:\/\/acltf.org\/wordpressacltf\/author\/acltf\/\"}]}<\/script>\n<!-- \/ Yoast SEO plugin. -->","yoast_head_json":{"title":"CURSO INTENSIVO: CUIDADOS B\u00c1SICOS DE DUELO. Valladolid, 15 y 16 de abril - Asociaci\u00f3n Castellano Leonesa de Terapia Familiar","robots":{"index":"index","follow":"follow","max-snippet":"max-snippet:-1","max-image-preview":"max-image-preview:large","max-video-preview":"max-video-preview:-1"},"canonical":"https:\/\/acltf.org\/wordpressacltf\/2016\/03\/20\/curso-intensivo-cuidados-basicos-de-duelo-valladolid-15-y-16-de-abril\/","og_locale":"es_ES","og_type":"article","og_title":"CURSO INTENSIVO: CUIDADOS B\u00c1SICOS DE DUELO. Valladolid, 15 y 16 de abril - Asociaci\u00f3n Castellano Leonesa de Terapia Familiar","og_description":"Hola a tod@s!! Los d\u00edas 15 y 16 de abril tenemos la oportunidad de disfrutar con \u00c1ngel Mar\u00eda Pascual de un curso intensivo sobre &#8220;Cuidados b\u00e1sicos de Duelo&#8221; desde un modelo integrativo-relacional, en el gabinete Antheo de Valladolid. Os dejamos aqu\u00ed la informaci\u00f3n, y esperamos que sea de vuestro inter\u00e9s. triptico duelo","og_url":"https:\/\/acltf.org\/wordpressacltf\/2016\/03\/20\/curso-intensivo-cuidados-basicos-de-duelo-valladolid-15-y-16-de-abril\/","og_site_name":"Asociaci\u00f3n Castellano Leonesa de Terapia Familiar","article_publisher":"https:\/\/www.facebook.com\/pages\/Asociaci%c3%b3n-Castellano-Leonesa-de-Terapia-Familiar\/820904984647986?fref=ts","article_published_time":"2016-03-20T12:47:19+00:00","author":"acltf","twitter_card":"summary_large_image","twitter_misc":{"Escrito por":"acltf"},"schema":{"@context":"https:\/\/schema.org","@graph":[{"@type":"Article","@id":"https:\/\/acltf.org\/wordpressacltf\/2016\/03\/20\/curso-intensivo-cuidados-basicos-de-duelo-valladolid-15-y-16-de-abril\/#article","isPartOf":{"@id":"https:\/\/acltf.org\/wordpressacltf\/2016\/03\/20\/curso-intensivo-cuidados-basicos-de-duelo-valladolid-15-y-16-de-abril\/"},"author":{"name":"acltf","@id":"http:\/\/acltf.org\/wordpressacltf\/#\/schema\/person\/b6c564ade2d2bb9314129dcb39e0e683"},"headline":"CURSO INTENSIVO: CUIDADOS B\u00c1SICOS DE DUELO. Valladolid, 15 y 16 de abril","datePublished":"2016-03-20T12:47:19+00:00","dateModified":"2016-03-20T12:47:19+00:00","mainEntityOfPage":{"@id":"https:\/\/acltf.org\/wordpressacltf\/2016\/03\/20\/curso-intensivo-cuidados-basicos-de-duelo-valladolid-15-y-16-de-abril\/"},"wordCount":67,"commentCount":11,"publisher":{"@id":"http:\/\/acltf.org\/wordpressacltf\/#organization"},"articleSection":["Noticias"],"inLanguage":"es","potentialAction":[{"@type":"CommentAction","name":"Comment","target":["https:\/\/acltf.org\/wordpressacltf\/2016\/03\/20\/curso-intensivo-cuidados-basicos-de-duelo-valladolid-15-y-16-de-abril\/#respond"]}]},{"@type":"WebPage","@id":"https:\/\/acltf.org\/wordpressacltf\/2016\/03\/20\/curso-intensivo-cuidados-basicos-de-duelo-valladolid-15-y-16-de-abril\/","url":"https:\/\/acltf.org\/wordpressacltf\/2016\/03\/20\/curso-intensivo-cuidados-basicos-de-duelo-valladolid-15-y-16-de-abril\/","name":"CURSO INTENSIVO: CUIDADOS B\u00c1SICOS DE DUELO. Valladolid, 15 y 16 de abril - Asociaci\u00f3n Castellano Leonesa de Terapia Familiar","isPartOf":{"@id":"http:\/\/acltf.org\/wordpressacltf\/#website"},"datePublished":"2016-03-20T12:47:19+00:00","dateModified":"2016-03-20T12:47:19+00:00","breadcrumb":{"@id":"https:\/\/acltf.org\/wordpressacltf\/2016\/03\/20\/curso-intensivo-cuidados-basicos-de-duelo-valladolid-15-y-16-de-abril\/#breadcrumb"},"inLanguage":"es","potentialAction":[{"@type":"ReadAction","target":["https:\/\/acltf.org\/wordpressacltf\/2016\/03\/20\/curso-intensivo-cuidados-basicos-de-duelo-valladolid-15-y-16-de-abril\/"]}]},{"@type":"BreadcrumbList","@id":"https:\/\/acltf.org\/wordpressacltf\/2016\/03\/20\/curso-intensivo-cuidados-basicos-de-duelo-valladolid-15-y-16-de-abril\/#breadcrumb","itemListElement":[{"@type":"ListItem","position":1,"name":"Portada","item":"http:\/\/acltf.org\/wordpressacltf\/"},{"@type":"ListItem","position":2,"name":"CURSO INTENSIVO: CUIDADOS B\u00c1SICOS DE DUELO. Valladolid, 15 y 16 de abril"}]},{"@type":"WebSite","@id":"http:\/\/acltf.org\/wordpressacltf\/#website","url":"http:\/\/acltf.org\/wordpressacltf\/","name":"Asociaci\u00f3n Castellano Leonesa de Terapia Familiar","description":"Asociaci\u00f3n de Terapia Familiar","publisher":{"@id":"http:\/\/acltf.org\/wordpressacltf\/#organization"},"potentialAction":[{"@type":"SearchAction","target":{"@type":"EntryPoint","urlTemplate":"http:\/\/acltf.org\/wordpressacltf\/?s={search_term_string}"},"query-input":"required name=search_term_string"}],"inLanguage":"es"},{"@type":"Organization","@id":"http:\/\/acltf.org\/wordpressacltf\/#organization","name":"acltf","url":"http:\/\/acltf.org\/wordpressacltf\/","logo":{"@type":"ImageObject","inLanguage":"es","@id":"http:\/\/acltf.org\/wordpressacltf\/#\/schema\/logo\/image\/","url":"http:\/\/acltf.org\/wordpressacltf\/wp-content\/uploads\/2015\/05\/Logo250.png","contentUrl":"http:\/\/acltf.org\/wordpressacltf\/wp-content\/uploads\/2015\/05\/Logo250.png","width":250,"height":250,"caption":"acltf"},"image":{"@id":"http:\/\/acltf.org\/wordpressacltf\/#\/schema\/logo\/image\/"},"sameAs":["https:\/\/www.facebook.com\/pages\/Asociaci\u00f3n-Castellano-Leonesa-de-Terapia-Familiar\/820904984647986?fref=ts"]},{"@type":"Person","@id":"http:\/\/acltf.org\/wordpressacltf\/#\/schema\/person\/b6c564ade2d2bb9314129dcb39e0e683","name":"acltf","image":{"@type":"ImageObject","inLanguage":"es","@id":"http:\/\/acltf.org\/wordpressacltf\/#\/schema\/person\/image\/","url":"http:\/\/2.gravatar.com\/avatar\/e02eb9fac6bef8ad5fde1db30df7d020?s=96&d=mm&r=g","contentUrl":"http:\/\/2.gravatar.com\/avatar\/e02eb9fac6bef8ad5fde1db30df7d020?s=96&d=mm&r=g","caption":"acltf"},"description":"Asociaci\u00f3n de Terapia Familiar de Castilla y Le\u00f3n info@acltf.org","url":"http:\/\/acltf.org\/wordpressacltf\/author\/acltf\/"}]}},"jetpack_featured_media_url":"","jetpack_sharing_enabled":true,"jetpack_shortlink":"https:\/\/wp.me\/p6UE5O-6C","jetpack_likes_enabled":true,"_links":{"self":[{"href":"http:\/\/acltf.org\/wordpressacltf\/wp-json\/wp\/v2\/posts\/410"}],"collection":[{"href":"http:\/\/acltf.org\/wordpressacltf\/wp-json\/wp\/v2\/posts"}],"about":[{"href":"http:\/\/acltf.org\/wordpressacltf\/wp-json\/wp\/v2\/types\/post"}],"author":[{"embeddable":true,"href":"http:\/\/acltf.org\/wordpressacltf\/wp-json\/wp\/v2\/users\/1"}],"replies":[{"embeddable":true,"href":"http:\/\/acltf.org\/wordpressacltf\/wp-json\/wp\/v2\/comments?post=410"}],"version-history":[{"count":1,"href":"http:\/\/acltf.org\/wordpressacltf\/wp-json\/wp\/v2\/posts\/410\/revisions"}],"predecessor-version":[{"id":412,"href":"http:\/\/acltf.org\/wordpressacltf\/wp-json\/wp\/v2\/posts\/410\/revisions\/412"}],"wp:attachment":[{"href":"http:\/\/acltf.org\/wordpressacltf\/wp-json\/wp\/v2\/media?parent=410"}],"wp:term":[{"taxonomy":"category","embeddable":true,"href":"http:\/\/acltf.org\/wordpressacltf\/wp-json\/wp\/v2\/categories?post=410"},{"taxonomy":"post_tag","embeddable":true,"href":"http:\/\/acltf.org\/wordpressacltf\/wp-json\/wp\/v2\/tags?post=410"}],"curies":[{"name":"wp","href":"https:\/\/api.w.org\/{rel}","templated":true}]}}