{"id":474,"date":"2017-05-29T19:15:21","date_gmt":"2017-05-29T17:15:21","guid":{"rendered":"http:\/\/acltf.org\/wordpressacltf\/?p=474"},"modified":"2017-05-29T19:25:31","modified_gmt":"2017-05-29T17:25:31","slug":"congreso-nacional-de-terapia-familiar-en-cartagena-murcia-26-27-y-28-de-octubre-de-2017","status":"publish","type":"post","link":"http:\/\/acltf.org\/wordpressacltf\/2017\/05\/29\/congreso-nacional-de-terapia-familiar-en-cartagena-murcia-26-27-y-28-de-octubre-de-2017\/","title":{"rendered":"Congreso Nacional de Terapia Familiar en Cartagena (Murcia). 26, 27 y 28 de octubre de 2017"},"content":{"rendered":"<p>Nos complace contaros que los d\u00edas 26, 27 y 28 de octubre de este a\u00f1o, celebramos el Congreso Nacional de Terapia Familiar en Cartagena (Murcia).<\/p>\n<p>Para esta ocasi\u00f3n, nos acompa\u00f1aran ponentes internacionales para tratar temas que van desde el abuso infantil a la violencia, pasando por la terapia de pareja y muchos temas m\u00e1s.<\/p>\n<p>Os invitamos a inscribiros en el Congreso, y para ello os facilitamos la web oficial del mismo:<\/p>\n<p>http:\/\/congresocartagena.featf.org\/producto\/inscripcion-al-congreso\/<\/p>\n<p>&nbsp;<\/p>\n<p>Nos vemos en Cartagena!<\/p>\n<p>&nbsp;<\/p>\n<p><a href=\"https:\/\/i0.wp.com\/acltf.org\/wordpressacltf\/wp-content\/uploads\/2015\/06\/0002.jpg\"><img decoding=\"async\" loading=\"lazy\" class=\"alignnone size-medium wp-image-480\" src=\"https:\/\/i0.wp.com\/acltf.org\/wordpressacltf\/wp-content\/uploads\/2015\/06\/0002.jpg?resize=300%2C213\" alt=\"0002\" width=\"300\" height=\"213\" srcset=\"https:\/\/i0.wp.com\/acltf.org\/wordpressacltf\/wp-content\/uploads\/2015\/06\/0002.jpg?resize=300%2C213 300w, https:\/\/i0.wp.com\/acltf.org\/wordpressacltf\/wp-content\/uploads\/2015\/06\/0002.jpg?resize=1024%2C728 1024w, https:\/\/i0.wp.com\/acltf.org\/wordpressacltf\/wp-content\/uploads\/2015\/06\/0002.jpg?resize=220%2C156 220w, https:\/\/i0.wp.com\/acltf.org\/wordpressacltf\/wp-content\/uploads\/2015\/06\/0002.jpg?resize=187%2C133 187w, https:\/\/i0.wp.com\/acltf.org\/wordpressacltf\/wp-content\/uploads\/2015\/06\/0002.jpg?resize=453%2C322 453w, https:\/\/i0.wp.com\/acltf.org\/wordpressacltf\/wp-content\/uploads\/2015\/06\/0002.jpg?w=1090 1090w, https:\/\/i0.wp.com\/acltf.org\/wordpressacltf\/wp-content\/uploads\/2015\/06\/0002.jpg?w=1635 1635w\" sizes=\"(max-width: 300px) 100vw, 300px\" data-recalc-dims=\"1\" \/><\/a> <a href=\"https:\/\/i0.wp.com\/acltf.org\/wordpressacltf\/wp-content\/uploads\/2015\/06\/0001.jpg\"><img decoding=\"async\" loading=\"lazy\" class=\"alignnone size-medium wp-image-479\" src=\"https:\/\/i0.wp.com\/acltf.org\/wordpressacltf\/wp-content\/uploads\/2015\/06\/0001.jpg?resize=300%2C213\" alt=\"0001\" width=\"300\" height=\"213\" srcset=\"https:\/\/i0.wp.com\/acltf.org\/wordpressacltf\/wp-content\/uploads\/2015\/06\/0001.jpg?resize=300%2C213 300w, https:\/\/i0.wp.com\/acltf.org\/wordpressacltf\/wp-content\/uploads\/2015\/06\/0001.jpg?resize=1024%2C728 1024w, https:\/\/i0.wp.com\/acltf.org\/wordpressacltf\/wp-content\/uploads\/2015\/06\/0001.jpg?resize=220%2C156 220w, https:\/\/i0.wp.com\/acltf.org\/wordpressacltf\/wp-content\/uploads\/2015\/06\/0001.jpg?resize=187%2C133 187w, https:\/\/i0.wp.com\/acltf.org\/wordpressacltf\/wp-content\/uploads\/2015\/06\/0001.jpg?resize=453%2C322 453w, https:\/\/i0.wp.com\/acltf.org\/wordpressacltf\/wp-content\/uploads\/2015\/06\/0001.jpg?w=1090 1090w, https:\/\/i0.wp.com\/acltf.org\/wordpressacltf\/wp-content\/uploads\/2015\/06\/0001.jpg?w=1635 1635w\" sizes=\"(max-width: 300px) 100vw, 300px\" data-recalc-dims=\"1\" \/><\/a><\/p>\n<a class=\"synved-social-button synved-social-button-follow synved-social-size-48 synved-social-resolution-single synved-social-provider-facebook nolightbox\" data-provider=\"facebook\" target=\"_blank\" rel=\"nofollow\" title=\"Follow us on Facebook\" href=\"https:\/\/www.facebook.com\/facebook\" style=\"font-size: 0px;width:48px;height:48px;margin:0;margin-bottom:5px;margin-right:5px\"><img alt=\"Facebook\" title=\"Follow us on Facebook\" class=\"synved-share-image synved-social-image synved-social-image-follow\" width=\"48\" height=\"48\" style=\"display: inline;width:48px;height:48px;margin: 0;padding: 0;border: none\" src=\"https:\/\/i0.wp.com\/acltf.org\/wordpressacltf\/wp-content\/plugins\/social-media-feather\/synved-social\/image\/social\/regular\/96x96\/facebook.png?resize=48%2C48\" data-recalc-dims=\"1\" \/><\/a><a class=\"synved-social-button synved-social-button-follow synved-social-size-48 synved-social-resolution-single synved-social-provider-twitter nolightbox\" data-provider=\"twitter\" target=\"_blank\" rel=\"nofollow\" title=\"Follow us on Twitter\" href=\"https:\/\/twitter.com\/twitter\" style=\"font-size: 0px;width:48px;height:48px;margin:0;margin-bottom:5px;margin-right:5px\"><img alt=\"twitter\" title=\"Follow us on Twitter\" class=\"synved-share-image synved-social-image synved-social-image-follow\" width=\"48\" height=\"48\" style=\"display: inline;width:48px;height:48px;margin: 0;padding: 0;border: none\" src=\"https:\/\/i0.wp.com\/acltf.org\/wordpressacltf\/wp-content\/plugins\/social-media-feather\/synved-social\/image\/social\/regular\/96x96\/twitter.png?resize=48%2C48\" data-recalc-dims=\"1\" \/><\/a><a class=\"synved-social-button synved-social-button-follow synved-social-size-48 synved-social-resolution-single synved-social-provider-linkedin nolightbox\" data-provider=\"linkedin\" target=\"_blank\" rel=\"nofollow\" title=\"Find us on Linkedin\" href=\"https:\/\/www.linkedin.com\/in\/yourid\" style=\"font-size: 0px;width:48px;height:48px;margin:0;margin-bottom:5px;margin-right:5px\"><img alt=\"linkedin\" title=\"Find us on Linkedin\" class=\"synved-share-image synved-social-image synved-social-image-follow\" width=\"48\" height=\"48\" style=\"display: inline;width:48px;height:48px;margin: 0;padding: 0;border: none\" src=\"https:\/\/i0.wp.com\/acltf.org\/wordpressacltf\/wp-content\/plugins\/social-media-feather\/synved-social\/image\/social\/regular\/96x96\/linkedin.png?resize=48%2C48\" data-recalc-dims=\"1\" \/><\/a><a class=\"synved-social-button synved-social-button-follow synved-social-size-48 synved-social-resolution-single synved-social-provider-instagram nolightbox\" data-provider=\"instagram\" target=\"_blank\" rel=\"nofollow\" title=\"Check out our instagram feed\" href=\"https:\/\/instagram.com\/myusername\" style=\"font-size: 0px;width:48px;height:48px;margin:0;margin-bottom:5px;margin-right:5px\"><img alt=\"instagram\" title=\"Check out our instagram feed\" class=\"synved-share-image synved-social-image synved-social-image-follow\" width=\"48\" height=\"48\" style=\"display: inline;width:48px;height:48px;margin: 0;padding: 0;border: none\" src=\"https:\/\/i0.wp.com\/acltf.org\/wordpressacltf\/wp-content\/plugins\/social-media-feather\/synved-social\/image\/social\/regular\/96x96\/instagram.png?resize=48%2C48\" data-recalc-dims=\"1\" \/><\/a><a class=\"synved-social-button synved-social-button-follow synved-social-size-48 synved-social-resolution-single synved-social-provider-flickr nolightbox\" data-provider=\"flickr\" target=\"_blank\" rel=\"nofollow\" title=\"Check out our flickr feed\" href=\"https:\/\/www.flickr.com\/photos\/myusername\/\" style=\"font-size: 0px;width:48px;height:48px;margin:0;margin-bottom:5px;margin-right:5px\"><img alt=\"flickr\" title=\"Check out our flickr feed\" class=\"synved-share-image synved-social-image synved-social-image-follow\" width=\"48\" height=\"48\" style=\"display: inline;width:48px;height:48px;margin: 0;padding: 0;border: none\" src=\"https:\/\/i0.wp.com\/acltf.org\/wordpressacltf\/wp-content\/plugins\/social-media-feather\/synved-social\/image\/social\/regular\/96x96\/flickr.png?resize=48%2C48\" data-recalc-dims=\"1\" \/><\/a><a class=\"synved-social-button synved-social-button-follow synved-social-size-48 synved-social-resolution-single synved-social-provider-foursquare nolightbox\" data-provider=\"foursquare\" target=\"_blank\" rel=\"nofollow\" title=\"Check out our foursquare feed\" href=\"https:\/\/foursquare.com\/myusername\" style=\"font-size: 0px;width:48px;height:48px;margin:0;margin-bottom:5px;margin-right:5px\"><img alt=\"foursquare\" title=\"Check out our foursquare feed\" class=\"synved-share-image synved-social-image synved-social-image-follow\" width=\"48\" height=\"48\" style=\"display: inline;width:48px;height:48px;margin: 0;padding: 0;border: none\" src=\"https:\/\/i0.wp.com\/acltf.org\/wordpressacltf\/wp-content\/plugins\/social-media-feather\/synved-social\/image\/social\/regular\/96x96\/foursquare.png?resize=48%2C48\" data-recalc-dims=\"1\" \/><\/a><a class=\"synved-social-button synved-social-button-follow synved-social-size-48 synved-social-resolution-single synved-social-provider-mail nolightbox\" data-provider=\"mail\" rel=\"nofollow\" title=\"Contact Us\" href=\"mailto:mail@example.com?subject=Contact%20Request\" style=\"font-size: 0px;width:48px;height:48px;margin:0;margin-bottom:5px\"><img alt=\"mail\" title=\"Contact Us\" class=\"synved-share-image synved-social-image synved-social-image-follow\" width=\"48\" height=\"48\" style=\"display: inline;width:48px;height:48px;margin: 0;padding: 0;border: none\" src=\"https:\/\/i0.wp.com\/acltf.org\/wordpressacltf\/wp-content\/plugins\/social-media-feather\/synved-social\/image\/social\/regular\/96x96\/mail.png?resize=48%2C48\" data-recalc-dims=\"1\" \/><\/a>","protected":false},"excerpt":{"rendered":"<p>Nos complace contaros que los d\u00edas 26, 27 y 28 de octubre de este a\u00f1o, celebramos el Congreso Nacional de Terapia Familiar en Cartagena (Murcia). Para esta ocasi\u00f3n, nos acompa\u00f1aran ponentes internacionales para tratar temas que van desde el abuso infantil a la violencia, pasando por la terapia de pareja y muchos temas m\u00e1s. Os [&hellip;]<\/p>\n","protected":false},"author":1,"featured_media":479,"comment_status":"open","ping_status":"open","sticky":false,"template":"","format":"standard","meta":{"jetpack_post_was_ever_published":false,"_jetpack_newsletter_access":"","_jetpack_newsletter_tier_id":0,"jetpack_publicize_message":"","jetpack_is_tweetstorm":false,"jetpack_publicize_feature_enabled":true,"jetpack_social_post_already_shared":true,"jetpack_social_options":{"image_generator_settings":{"template":"highway","enabled":false}}},"categories":[6],"tags":[],"jetpack_publicize_connections":[],"yoast_head":"<!-- This site is optimized with the Yoast SEO plugin v21.8.1 - https:\/\/yoast.com\/wordpress\/plugins\/seo\/ -->\n<title>Congreso Nacional de Terapia Familiar en Cartagena (Murcia). 26, 27 y 28 de octubre de 2017 - Asociaci\u00f3n Castellano Leonesa de Terapia Familiar<\/title>\n<meta name=\"robots\" content=\"index, follow, max-snippet:-1, max-image-preview:large, max-video-preview:-1\" \/>\n<link rel=\"canonical\" href=\"http:\/\/acltf.org\/wordpressacltf\/2017\/05\/29\/congreso-nacional-de-terapia-familiar-en-cartagena-murcia-26-27-y-28-de-octubre-de-2017\/\" \/>\n<meta property=\"og:locale\" content=\"es_ES\" \/>\n<meta property=\"og:type\" content=\"article\" \/>\n<meta property=\"og:title\" content=\"Congreso Nacional de Terapia Familiar en Cartagena (Murcia). 26, 27 y 28 de octubre de 2017 - Asociaci\u00f3n Castellano Leonesa de Terapia Familiar\" \/>\n<meta property=\"og:description\" content=\"Nos complace contaros que los d\u00edas 26, 27 y 28 de octubre de este a\u00f1o, celebramos el Congreso Nacional de Terapia Familiar en Cartagena (Murcia). Para esta ocasi\u00f3n, nos acompa\u00f1aran ponentes internacionales para tratar temas que van desde el abuso infantil a la violencia, pasando por la terapia de pareja y muchos temas m\u00e1s. Os [&hellip;]\" \/>\n<meta property=\"og:url\" content=\"http:\/\/acltf.org\/wordpressacltf\/2017\/05\/29\/congreso-nacional-de-terapia-familiar-en-cartagena-murcia-26-27-y-28-de-octubre-de-2017\/\" \/>\n<meta property=\"og:site_name\" content=\"Asociaci\u00f3n Castellano Leonesa de Terapia Familiar\" \/>\n<meta property=\"article:publisher\" content=\"https:\/\/www.facebook.com\/pages\/Asociaci%c3%b3n-Castellano-Leonesa-de-Terapia-Familiar\/820904984647986?fref=ts\" \/>\n<meta property=\"article:published_time\" content=\"2017-05-29T17:15:21+00:00\" \/>\n<meta property=\"article:modified_time\" content=\"2017-05-29T17:25:31+00:00\" \/>\n<meta property=\"og:image\" content=\"https:\/\/i0.wp.com\/acltf.org\/wordpressacltf\/wp-content\/uploads\/2015\/06\/0001.jpg?fit=3556%2C2528\" \/>\n\t<meta property=\"og:image:width\" content=\"3556\" \/>\n\t<meta property=\"og:image:height\" content=\"2528\" \/>\n\t<meta property=\"og:image:type\" content=\"image\/jpeg\" \/>\n<meta name=\"author\" content=\"acltf\" \/>\n<meta name=\"twitter:card\" content=\"summary_large_image\" \/>\n<meta name=\"twitter:label1\" content=\"Escrito por\" \/>\n\t<meta name=\"twitter:data1\" content=\"acltf\" \/>\n<script type=\"application\/ld+json\" class=\"yoast-schema-graph\">{\"@context\":\"https:\/\/schema.org\",\"@graph\":[{\"@type\":\"Article\",\"@id\":\"http:\/\/acltf.org\/wordpressacltf\/2017\/05\/29\/congreso-nacional-de-terapia-familiar-en-cartagena-murcia-26-27-y-28-de-octubre-de-2017\/#article\",\"isPartOf\":{\"@id\":\"http:\/\/acltf.org\/wordpressacltf\/2017\/05\/29\/congreso-nacional-de-terapia-familiar-en-cartagena-murcia-26-27-y-28-de-octubre-de-2017\/\"},\"author\":{\"name\":\"acltf\",\"@id\":\"http:\/\/acltf.org\/wordpressacltf\/#\/schema\/person\/b6c564ade2d2bb9314129dcb39e0e683\"},\"headline\":\"Congreso Nacional de Terapia Familiar en Cartagena (Murcia). 26, 27 y 28 de octubre de 2017\",\"datePublished\":\"2017-05-29T17:15:21+00:00\",\"dateModified\":\"2017-05-29T17:25:31+00:00\",\"mainEntityOfPage\":{\"@id\":\"http:\/\/acltf.org\/wordpressacltf\/2017\/05\/29\/congreso-nacional-de-terapia-familiar-en-cartagena-murcia-26-27-y-28-de-octubre-de-2017\/\"},\"wordCount\":97,\"commentCount\":15,\"publisher\":{\"@id\":\"http:\/\/acltf.org\/wordpressacltf\/#organization\"},\"articleSection\":[\"Noticias\"],\"inLanguage\":\"es\",\"potentialAction\":[{\"@type\":\"CommentAction\",\"name\":\"Comment\",\"target\":[\"http:\/\/acltf.org\/wordpressacltf\/2017\/05\/29\/congreso-nacional-de-terapia-familiar-en-cartagena-murcia-26-27-y-28-de-octubre-de-2017\/#respond\"]}]},{\"@type\":\"WebPage\",\"@id\":\"http:\/\/acltf.org\/wordpressacltf\/2017\/05\/29\/congreso-nacional-de-terapia-familiar-en-cartagena-murcia-26-27-y-28-de-octubre-de-2017\/\",\"url\":\"http:\/\/acltf.org\/wordpressacltf\/2017\/05\/29\/congreso-nacional-de-terapia-familiar-en-cartagena-murcia-26-27-y-28-de-octubre-de-2017\/\",\"name\":\"Congreso Nacional de Terapia Familiar en Cartagena (Murcia). 26, 27 y 28 de octubre de 2017 - Asociaci\u00f3n Castellano Leonesa de Terapia Familiar\",\"isPartOf\":{\"@id\":\"http:\/\/acltf.org\/wordpressacltf\/#website\"},\"datePublished\":\"2017-05-29T17:15:21+00:00\",\"dateModified\":\"2017-05-29T17:25:31+00:00\",\"breadcrumb\":{\"@id\":\"http:\/\/acltf.org\/wordpressacltf\/2017\/05\/29\/congreso-nacional-de-terapia-familiar-en-cartagena-murcia-26-27-y-28-de-octubre-de-2017\/#breadcrumb\"},\"inLanguage\":\"es\",\"potentialAction\":[{\"@type\":\"ReadAction\",\"target\":[\"http:\/\/acltf.org\/wordpressacltf\/2017\/05\/29\/congreso-nacional-de-terapia-familiar-en-cartagena-murcia-26-27-y-28-de-octubre-de-2017\/\"]}]},{\"@type\":\"BreadcrumbList\",\"@id\":\"http:\/\/acltf.org\/wordpressacltf\/2017\/05\/29\/congreso-nacional-de-terapia-familiar-en-cartagena-murcia-26-27-y-28-de-octubre-de-2017\/#breadcrumb\",\"itemListElement\":[{\"@type\":\"ListItem\",\"position\":1,\"name\":\"Portada\",\"item\":\"http:\/\/acltf.org\/wordpressacltf\/\"},{\"@type\":\"ListItem\",\"position\":2,\"name\":\"Congreso Nacional de Terapia Familiar en Cartagena (Murcia). 26, 27 y 28 de octubre de 2017\"}]},{\"@type\":\"WebSite\",\"@id\":\"http:\/\/acltf.org\/wordpressacltf\/#website\",\"url\":\"http:\/\/acltf.org\/wordpressacltf\/\",\"name\":\"Asociaci\u00f3n Castellano Leonesa de Terapia Familiar\",\"description\":\"Asociaci\u00f3n de Terapia Familiar\",\"publisher\":{\"@id\":\"http:\/\/acltf.org\/wordpressacltf\/#organization\"},\"potentialAction\":[{\"@type\":\"SearchAction\",\"target\":{\"@type\":\"EntryPoint\",\"urlTemplate\":\"http:\/\/acltf.org\/wordpressacltf\/?s={search_term_string}\"},\"query-input\":\"required name=search_term_string\"}],\"inLanguage\":\"es\"},{\"@type\":\"Organization\",\"@id\":\"http:\/\/acltf.org\/wordpressacltf\/#organization\",\"name\":\"acltf\",\"url\":\"http:\/\/acltf.org\/wordpressacltf\/\",\"logo\":{\"@type\":\"ImageObject\",\"inLanguage\":\"es\",\"@id\":\"http:\/\/acltf.org\/wordpressacltf\/#\/schema\/logo\/image\/\",\"url\":\"http:\/\/acltf.org\/wordpressacltf\/wp-content\/uploads\/2015\/05\/Logo250.png\",\"contentUrl\":\"http:\/\/acltf.org\/wordpressacltf\/wp-content\/uploads\/2015\/05\/Logo250.png\",\"width\":250,\"height\":250,\"caption\":\"acltf\"},\"image\":{\"@id\":\"http:\/\/acltf.org\/wordpressacltf\/#\/schema\/logo\/image\/\"},\"sameAs\":[\"https:\/\/www.facebook.com\/pages\/Asociaci\u00f3n-Castellano-Leonesa-de-Terapia-Familiar\/820904984647986?fref=ts\"]},{\"@type\":\"Person\",\"@id\":\"http:\/\/acltf.org\/wordpressacltf\/#\/schema\/person\/b6c564ade2d2bb9314129dcb39e0e683\",\"name\":\"acltf\",\"image\":{\"@type\":\"ImageObject\",\"inLanguage\":\"es\",\"@id\":\"http:\/\/acltf.org\/wordpressacltf\/#\/schema\/person\/image\/\",\"url\":\"http:\/\/2.gravatar.com\/avatar\/e02eb9fac6bef8ad5fde1db30df7d020?s=96&d=mm&r=g\",\"contentUrl\":\"http:\/\/2.gravatar.com\/avatar\/e02eb9fac6bef8ad5fde1db30df7d020?s=96&d=mm&r=g\",\"caption\":\"acltf\"},\"description\":\"Asociaci\u00f3n de Terapia Familiar de Castilla y Le\u00f3n info@acltf.org\",\"url\":\"http:\/\/acltf.org\/wordpressacltf\/author\/acltf\/\"}]}<\/script>\n<!-- \/ Yoast SEO plugin. -->","yoast_head_json":{"title":"Congreso Nacional de Terapia Familiar en Cartagena (Murcia). 26, 27 y 28 de octubre de 2017 - Asociaci\u00f3n Castellano Leonesa de Terapia Familiar","robots":{"index":"index","follow":"follow","max-snippet":"max-snippet:-1","max-image-preview":"max-image-preview:large","max-video-preview":"max-video-preview:-1"},"canonical":"http:\/\/acltf.org\/wordpressacltf\/2017\/05\/29\/congreso-nacional-de-terapia-familiar-en-cartagena-murcia-26-27-y-28-de-octubre-de-2017\/","og_locale":"es_ES","og_type":"article","og_title":"Congreso Nacional de Terapia Familiar en Cartagena (Murcia). 26, 27 y 28 de octubre de 2017 - Asociaci\u00f3n Castellano Leonesa de Terapia Familiar","og_description":"Nos complace contaros que los d\u00edas 26, 27 y 28 de octubre de este a\u00f1o, celebramos el Congreso Nacional de Terapia Familiar en Cartagena (Murcia). Para esta ocasi\u00f3n, nos acompa\u00f1aran ponentes internacionales para tratar temas que van desde el abuso infantil a la violencia, pasando por la terapia de pareja y muchos temas m\u00e1s. Os [&hellip;]","og_url":"http:\/\/acltf.org\/wordpressacltf\/2017\/05\/29\/congreso-nacional-de-terapia-familiar-en-cartagena-murcia-26-27-y-28-de-octubre-de-2017\/","og_site_name":"Asociaci\u00f3n Castellano Leonesa de Terapia Familiar","article_publisher":"https:\/\/www.facebook.com\/pages\/Asociaci%c3%b3n-Castellano-Leonesa-de-Terapia-Familiar\/820904984647986?fref=ts","article_published_time":"2017-05-29T17:15:21+00:00","article_modified_time":"2017-05-29T17:25:31+00:00","og_image":[{"width":3556,"height":2528,"url":"https:\/\/i0.wp.com\/acltf.org\/wordpressacltf\/wp-content\/uploads\/2015\/06\/0001.jpg?fit=3556%2C2528","type":"image\/jpeg"}],"author":"acltf","twitter_card":"summary_large_image","twitter_misc":{"Escrito por":"acltf"},"schema":{"@context":"https:\/\/schema.org","@graph":[{"@type":"Article","@id":"http:\/\/acltf.org\/wordpressacltf\/2017\/05\/29\/congreso-nacional-de-terapia-familiar-en-cartagena-murcia-26-27-y-28-de-octubre-de-2017\/#article","isPartOf":{"@id":"http:\/\/acltf.org\/wordpressacltf\/2017\/05\/29\/congreso-nacional-de-terapia-familiar-en-cartagena-murcia-26-27-y-28-de-octubre-de-2017\/"},"author":{"name":"acltf","@id":"http:\/\/acltf.org\/wordpressacltf\/#\/schema\/person\/b6c564ade2d2bb9314129dcb39e0e683"},"headline":"Congreso Nacional de Terapia Familiar en Cartagena (Murcia). 26, 27 y 28 de octubre de 2017","datePublished":"2017-05-29T17:15:21+00:00","dateModified":"2017-05-29T17:25:31+00:00","mainEntityOfPage":{"@id":"http:\/\/acltf.org\/wordpressacltf\/2017\/05\/29\/congreso-nacional-de-terapia-familiar-en-cartagena-murcia-26-27-y-28-de-octubre-de-2017\/"},"wordCount":97,"commentCount":15,"publisher":{"@id":"http:\/\/acltf.org\/wordpressacltf\/#organization"},"articleSection":["Noticias"],"inLanguage":"es","potentialAction":[{"@type":"CommentAction","name":"Comment","target":["http:\/\/acltf.org\/wordpressacltf\/2017\/05\/29\/congreso-nacional-de-terapia-familiar-en-cartagena-murcia-26-27-y-28-de-octubre-de-2017\/#respond"]}]},{"@type":"WebPage","@id":"http:\/\/acltf.org\/wordpressacltf\/2017\/05\/29\/congreso-nacional-de-terapia-familiar-en-cartagena-murcia-26-27-y-28-de-octubre-de-2017\/","url":"http:\/\/acltf.org\/wordpressacltf\/2017\/05\/29\/congreso-nacional-de-terapia-familiar-en-cartagena-murcia-26-27-y-28-de-octubre-de-2017\/","name":"Congreso Nacional de Terapia Familiar en Cartagena (Murcia). 26, 27 y 28 de octubre de 2017 - Asociaci\u00f3n Castellano Leonesa de Terapia Familiar","isPartOf":{"@id":"http:\/\/acltf.org\/wordpressacltf\/#website"},"datePublished":"2017-05-29T17:15:21+00:00","dateModified":"2017-05-29T17:25:31+00:00","breadcrumb":{"@id":"http:\/\/acltf.org\/wordpressacltf\/2017\/05\/29\/congreso-nacional-de-terapia-familiar-en-cartagena-murcia-26-27-y-28-de-octubre-de-2017\/#breadcrumb"},"inLanguage":"es","potentialAction":[{"@type":"ReadAction","target":["http:\/\/acltf.org\/wordpressacltf\/2017\/05\/29\/congreso-nacional-de-terapia-familiar-en-cartagena-murcia-26-27-y-28-de-octubre-de-2017\/"]}]},{"@type":"BreadcrumbList","@id":"http:\/\/acltf.org\/wordpressacltf\/2017\/05\/29\/congreso-nacional-de-terapia-familiar-en-cartagena-murcia-26-27-y-28-de-octubre-de-2017\/#breadcrumb","itemListElement":[{"@type":"ListItem","position":1,"name":"Portada","item":"http:\/\/acltf.org\/wordpressacltf\/"},{"@type":"ListItem","position":2,"name":"Congreso Nacional de Terapia Familiar en Cartagena (Murcia). 26, 27 y 28 de octubre de 2017"}]},{"@type":"WebSite","@id":"http:\/\/acltf.org\/wordpressacltf\/#website","url":"http:\/\/acltf.org\/wordpressacltf\/","name":"Asociaci\u00f3n Castellano Leonesa de Terapia Familiar","description":"Asociaci\u00f3n de Terapia Familiar","publisher":{"@id":"http:\/\/acltf.org\/wordpressacltf\/#organization"},"potentialAction":[{"@type":"SearchAction","target":{"@type":"EntryPoint","urlTemplate":"http:\/\/acltf.org\/wordpressacltf\/?s={search_term_string}"},"query-input":"required name=search_term_string"}],"inLanguage":"es"},{"@type":"Organization","@id":"http:\/\/acltf.org\/wordpressacltf\/#organization","name":"acltf","url":"http:\/\/acltf.org\/wordpressacltf\/","logo":{"@type":"ImageObject","inLanguage":"es","@id":"http:\/\/acltf.org\/wordpressacltf\/#\/schema\/logo\/image\/","url":"http:\/\/acltf.org\/wordpressacltf\/wp-content\/uploads\/2015\/05\/Logo250.png","contentUrl":"http:\/\/acltf.org\/wordpressacltf\/wp-content\/uploads\/2015\/05\/Logo250.png","width":250,"height":250,"caption":"acltf"},"image":{"@id":"http:\/\/acltf.org\/wordpressacltf\/#\/schema\/logo\/image\/"},"sameAs":["https:\/\/www.facebook.com\/pages\/Asociaci\u00f3n-Castellano-Leonesa-de-Terapia-Familiar\/820904984647986?fref=ts"]},{"@type":"Person","@id":"http:\/\/acltf.org\/wordpressacltf\/#\/schema\/person\/b6c564ade2d2bb9314129dcb39e0e683","name":"acltf","image":{"@type":"ImageObject","inLanguage":"es","@id":"http:\/\/acltf.org\/wordpressacltf\/#\/schema\/person\/image\/","url":"http:\/\/2.gravatar.com\/avatar\/e02eb9fac6bef8ad5fde1db30df7d020?s=96&d=mm&r=g","contentUrl":"http:\/\/2.gravatar.com\/avatar\/e02eb9fac6bef8ad5fde1db30df7d020?s=96&d=mm&r=g","caption":"acltf"},"description":"Asociaci\u00f3n de Terapia Familiar de Castilla y Le\u00f3n info@acltf.org","url":"http:\/\/acltf.org\/wordpressacltf\/author\/acltf\/"}]}},"jetpack_featured_media_url":"https:\/\/i0.wp.com\/acltf.org\/wordpressacltf\/wp-content\/uploads\/2015\/06\/0001.jpg?fit=3556%2C2528","jetpack_sharing_enabled":true,"jetpack_shortlink":"https:\/\/wp.me\/p6UE5O-7E","jetpack_likes_enabled":true,"_links":{"self":[{"href":"http:\/\/acltf.org\/wordpressacltf\/wp-json\/wp\/v2\/posts\/474"}],"collection":[{"href":"http:\/\/acltf.org\/wordpressacltf\/wp-json\/wp\/v2\/posts"}],"about":[{"href":"http:\/\/acltf.org\/wordpressacltf\/wp-json\/wp\/v2\/types\/post"}],"author":[{"embeddable":true,"href":"http:\/\/acltf.org\/wordpressacltf\/wp-json\/wp\/v2\/users\/1"}],"replies":[{"embeddable":true,"href":"http:\/\/acltf.org\/wordpressacltf\/wp-json\/wp\/v2\/comments?post=474"}],"version-history":[{"count":4,"href":"http:\/\/acltf.org\/wordpressacltf\/wp-json\/wp\/v2\/posts\/474\/revisions"}],"predecessor-version":[{"id":483,"href":"http:\/\/acltf.org\/wordpressacltf\/wp-json\/wp\/v2\/posts\/474\/revisions\/483"}],"wp:featuredmedia":[{"embeddable":true,"href":"http:\/\/acltf.org\/wordpressacltf\/wp-json\/wp\/v2\/media\/479"}],"wp:attachment":[{"href":"http:\/\/acltf.org\/wordpressacltf\/wp-json\/wp\/v2\/media?parent=474"}],"wp:term":[{"taxonomy":"category","embeddable":true,"href":"http:\/\/acltf.org\/wordpressacltf\/wp-json\/wp\/v2\/categories?post=474"},{"taxonomy":"post_tag","embeddable":true,"href":"http:\/\/acltf.org\/wordpressacltf\/wp-json\/wp\/v2\/tags?post=474"}],"curies":[{"name":"wp","href":"https:\/\/api.w.org\/{rel}","templated":true}]}}