{"id":509,"date":"2018-01-23T18:18:26","date_gmt":"2018-01-23T17:18:26","guid":{"rendered":"http:\/\/acltf.org\/wordpressacltf\/?p=509"},"modified":"2018-01-24T20:44:01","modified_gmt":"2018-01-24T19:44:01","slug":"seminario-3-marzo-de-2018","status":"publish","type":"post","link":"http:\/\/acltf.org\/wordpressacltf\/2018\/01\/23\/seminario-3-marzo-de-2018\/","title":{"rendered":"Seminario 3 marzo de 2018"},"content":{"rendered":"<p>&nbsp;<\/p>\n<p style=\"text-align: justify;\">Nos complace\u00a0compartir con vosotros\u00a0que el 3 marzo tendr\u00e1 lugar en Burgos el seminario que anualmente organizamos desde la Asociaci\u00f3n Castellano Leonesa de Terapia Familiar.<\/p>\n<p style=\"text-align: justify;\">Este a\u00f1o contamos con Blanca Y\u00e1niz Igal, Doctora en Psicol\u00f3g\u00eda, que compartir\u00e1 con nosotros el seminario,<\/p>\n<p style=\"text-align: center;\"><strong>&#8220;Rehabilitaci\u00f3n psicosocial en trastorno mental grave. Locos, enfermos y ciudadanos. Un apunte desde la Terapia Familiar Breve&#8221;<\/strong><\/p>\n<p style=\"text-align: justify;\">Blanca es adem\u00e1s\u00a0Especialista en Psicolog\u00eda Cl\u00ednica, directora del centro de rehabilitaci\u00f3n psicosocial Queiles, concertado con el Gobierno Foral de Navarra, donde desarrolla su trabajo con personas con trastorno mental grave desde el modelo de la Recuperaci\u00f3n en Salud Mental. Es tambi\u00e9n\u00a0directora y profesora del curso Programa Superior de Formaci\u00f3n Pr\u00e1ctica en Psicoterapia y Coautora del libro \u2019Las psicosis at\u00edpicas o transitorias de la epistemolog\u00eda al tratamiento\u2019 (2012).<\/p>\n<p style=\"text-align: justify;\">Para realizar la inscripci\u00f3n al seminario, tan solo\u00a0hay que <strong>rellenar el formulario<\/strong> que aparece m\u00e1s abajo, con vuestro nombre y apellidos, correo electr\u00f3nico, si sois o no socios de la ACLTF y vuestra profesi\u00f3n, adem\u00e1s de realizar el ingreso en el n\u00famero de cuenta de la <strong>La Caixa ES 49 2100 3553 1223 0002 0287<\/strong>. Una vez hecho esto, enviar el justificante de pago a la direcci\u00f3n de correo electr\u00f3nico <strong>info@acltf.org<\/strong>, recibiendo despu\u00e9s un email de confirmaci\u00f3n.<\/p>\n<p>&nbsp;<\/p>\n<p>&nbsp;<\/p>\n<p>&nbsp;<\/p>\n<p>&nbsp;<\/p>\n<div data-test='contact-form' id='contact-form-509' class='wp-block-jetpack-contact-form-container '>\n<form action='http:\/\/acltf.org\/wordpressacltf\/2018\/01\/23\/seminario-3-marzo-de-2018\/#contact-form-509' method='post' class='contact-form commentsblock'>\n<script>\n\t\t\t( function () {\n\t\t\t\tconst contact_forms = document.getElementsByClassName('contact-form');\n\n\t\t\t\tfor ( const form of contact_forms ) {\n\t\t\t\t\tform.onsubmit = function() {\n\t\t\t\t\t\tconst buttons = form.getElementsByTagName('button');\n\n\t\t\t\t\t\tfor( const button of buttons ) {\n\t\t\t\t\t\t\tbutton.setAttribute('disabled', true);\n\t\t\t\t\t\t}\n\t\t\t\t\t}\n\t\t\t\t}\n\t\t\t} )();\n\t\t<\/script>\n<div style=\"\" class='grunion-field-name-wrap grunion-field-wrap'  >\n<label\n\t\t\t\tfor='g509-nombreyapellidos'\n\t\t\t\tclass='grunion-field-label name'>Nombre y apellidos<span class=\"grunion-label-required\">(obligatorio)<\/span><\/label>\n<input\n\t\t\t\t\ttype='text'\n\t\t\t\t\tname='g509-nombreyapellidos'\n\t\t\t\t\tid='g509-nombreyapellidos'\n\t\t\t\t\tvalue=''\n\t\t\t\t\tclass='name  grunion-field' \n\t\t\t\t\trequired aria-required='true' \/>\n\t<\/div>\n\n<div style=\"\" class='grunion-field-email-wrap grunion-field-wrap'  >\n<label\n\t\t\t\tfor='g509-correoelectrnico'\n\t\t\t\tclass='grunion-field-label email'>Correo electr\u00f3nico<span class=\"grunion-label-required\">(obligatorio)<\/span><\/label>\n<input\n\t\t\t\t\ttype='email'\n\t\t\t\t\tname='g509-correoelectrnico'\n\t\t\t\t\tid='g509-correoelectrnico'\n\t\t\t\t\tvalue=''\n\t\t\t\t\tclass='email  grunion-field' \n\t\t\t\t\trequired aria-required='true' \/>\n\t<\/div>\n\n<div style=\"\" class='grunion-field-checkbox-wrap grunion-field-wrap'  >\n<label class='grunion-field-label checkbox' style=''>\t\t<input type='checkbox' name='g509-socioacltf' value='S\u00ed' class='checkbox  grunion-field'  \/> \n\t\tSocio ACLTF<\/label>\n<div class='clear-form'><\/div>\n\t<\/div>\n\n<div style=\"\" class='grunion-field-text-wrap grunion-field-wrap'  >\n<label\n\t\t\t\tfor='g509-profesin'\n\t\t\t\tclass='grunion-field-label text'>Profesi\u00f3n<span class=\"grunion-label-required\">(obligatorio)<\/span><\/label>\n<input\n\t\t\t\t\ttype='text'\n\t\t\t\t\tname='g509-profesin'\n\t\t\t\t\tid='g509-profesin'\n\t\t\t\t\tvalue=''\n\t\t\t\t\tclass='text  grunion-field' \n\t\t\t\t\trequired aria-required='true' \/>\n\t<\/div>\n\t<p class='contact-submit'>\n\t\t<button type='submit' class='pushbutton-wide'>Enviar<\/button>\t\t<input type='hidden' name='contact-form-id' value='509' \/>\n\t\t<input type='hidden' name='action' value='grunion-contact-form' \/>\n\t\t<input type='hidden' name='contact-form-hash' value='f9b7e675b59936afaf51b6641bcef9316686be07' \/>\n\t<\/p>\n<\/form>\n<\/div>\n<p>&nbsp;<\/p>\n<p>Esperamos que sea de vuestro inter\u00e9s.<\/p>\n<p>&nbsp;<\/p>\n<p><a href=\"https:\/\/i0.wp.com\/acltf.org\/wordpressacltf\/wp-content\/uploads\/2018\/01\/Tr\u00edptico-2018-1-2.jpg\"><img decoding=\"async\" loading=\"lazy\" class=\"alignnone size-medium wp-image-529\" src=\"https:\/\/i0.wp.com\/acltf.org\/wordpressacltf\/wp-content\/uploads\/2018\/01\/Tr\u00edptico-2018-1-2.jpg?resize=300%2C212\" alt=\"Maquetaci\u00f3n 1\" width=\"300\" height=\"212\" srcset=\"https:\/\/i0.wp.com\/acltf.org\/wordpressacltf\/wp-content\/uploads\/2018\/01\/Tr\u00edptico-2018-1-2.jpg?resize=300%2C212 300w, https:\/\/i0.wp.com\/acltf.org\/wordpressacltf\/wp-content\/uploads\/2018\/01\/Tr\u00edptico-2018-1-2.jpg?resize=1024%2C724 1024w, https:\/\/i0.wp.com\/acltf.org\/wordpressacltf\/wp-content\/uploads\/2018\/01\/Tr\u00edptico-2018-1-2.jpg?resize=220%2C156 220w, https:\/\/i0.wp.com\/acltf.org\/wordpressacltf\/wp-content\/uploads\/2018\/01\/Tr\u00edptico-2018-1-2.jpg?resize=187%2C132 187w, https:\/\/i0.wp.com\/acltf.org\/wordpressacltf\/wp-content\/uploads\/2018\/01\/Tr\u00edptico-2018-1-2.jpg?resize=453%2C320 453w, https:\/\/i0.wp.com\/acltf.org\/wordpressacltf\/wp-content\/uploads\/2018\/01\/Tr\u00edptico-2018-1-2.jpg?w=1754 1754w, https:\/\/i0.wp.com\/acltf.org\/wordpressacltf\/wp-content\/uploads\/2018\/01\/Tr\u00edptico-2018-1-2.jpg?w=1090 1090w, https:\/\/i0.wp.com\/acltf.org\/wordpressacltf\/wp-content\/uploads\/2018\/01\/Tr\u00edptico-2018-1-2.jpg?w=1635 1635w\" sizes=\"(max-width: 300px) 100vw, 300px\" data-recalc-dims=\"1\" \/><\/a>\u00a0<a href=\"https:\/\/i0.wp.com\/acltf.org\/wordpressacltf\/wp-content\/uploads\/2018\/01\/Tr\u00edptico-2018-2-1.jpg\"><img decoding=\"async\" loading=\"lazy\" class=\"alignnone size-medium wp-image-517\" src=\"https:\/\/i0.wp.com\/acltf.org\/wordpressacltf\/wp-content\/uploads\/2018\/01\/Tr\u00edptico-2018-2-1.jpg?resize=300%2C212\" alt=\"Maquetaci\u00f3n 1\" width=\"300\" height=\"212\" srcset=\"https:\/\/i0.wp.com\/acltf.org\/wordpressacltf\/wp-content\/uploads\/2018\/01\/Tr\u00edptico-2018-2-1.jpg?resize=300%2C212 300w, https:\/\/i0.wp.com\/acltf.org\/wordpressacltf\/wp-content\/uploads\/2018\/01\/Tr\u00edptico-2018-2-1.jpg?resize=1024%2C724 1024w, https:\/\/i0.wp.com\/acltf.org\/wordpressacltf\/wp-content\/uploads\/2018\/01\/Tr\u00edptico-2018-2-1.jpg?resize=220%2C156 220w, https:\/\/i0.wp.com\/acltf.org\/wordpressacltf\/wp-content\/uploads\/2018\/01\/Tr\u00edptico-2018-2-1.jpg?resize=187%2C132 187w, https:\/\/i0.wp.com\/acltf.org\/wordpressacltf\/wp-content\/uploads\/2018\/01\/Tr\u00edptico-2018-2-1.jpg?resize=453%2C320 453w, https:\/\/i0.wp.com\/acltf.org\/wordpressacltf\/wp-content\/uploads\/2018\/01\/Tr\u00edptico-2018-2-1.jpg?w=1753 1753w, https:\/\/i0.wp.com\/acltf.org\/wordpressacltf\/wp-content\/uploads\/2018\/01\/Tr\u00edptico-2018-2-1.jpg?w=1090 1090w, https:\/\/i0.wp.com\/acltf.org\/wordpressacltf\/wp-content\/uploads\/2018\/01\/Tr\u00edptico-2018-2-1.jpg?w=1635 1635w\" sizes=\"(max-width: 300px) 100vw, 300px\" data-recalc-dims=\"1\" \/><\/a><\/p>\n<p>&nbsp;<\/p>\n<a class=\"synved-social-button synved-social-button-follow synved-social-size-48 synved-social-resolution-single synved-social-provider-facebook nolightbox\" data-provider=\"facebook\" target=\"_blank\" rel=\"nofollow\" title=\"Follow us on Facebook\" href=\"https:\/\/www.facebook.com\/facebook\" style=\"font-size: 0px;width:48px;height:48px;margin:0;margin-bottom:5px;margin-right:5px\"><img alt=\"Facebook\" title=\"Follow us on Facebook\" class=\"synved-share-image synved-social-image synved-social-image-follow\" width=\"48\" height=\"48\" style=\"display: inline;width:48px;height:48px;margin: 0;padding: 0;border: none\" src=\"https:\/\/i0.wp.com\/acltf.org\/wordpressacltf\/wp-content\/plugins\/social-media-feather\/synved-social\/image\/social\/regular\/96x96\/facebook.png?resize=48%2C48\" data-recalc-dims=\"1\" \/><\/a><a class=\"synved-social-button synved-social-button-follow synved-social-size-48 synved-social-resolution-single synved-social-provider-twitter nolightbox\" data-provider=\"twitter\" target=\"_blank\" rel=\"nofollow\" title=\"Follow us on Twitter\" href=\"https:\/\/twitter.com\/twitter\" style=\"font-size: 0px;width:48px;height:48px;margin:0;margin-bottom:5px;margin-right:5px\"><img alt=\"twitter\" title=\"Follow us on Twitter\" class=\"synved-share-image synved-social-image synved-social-image-follow\" width=\"48\" height=\"48\" style=\"display: inline;width:48px;height:48px;margin: 0;padding: 0;border: none\" src=\"https:\/\/i0.wp.com\/acltf.org\/wordpressacltf\/wp-content\/plugins\/social-media-feather\/synved-social\/image\/social\/regular\/96x96\/twitter.png?resize=48%2C48\" data-recalc-dims=\"1\" \/><\/a><a class=\"synved-social-button synved-social-button-follow synved-social-size-48 synved-social-resolution-single synved-social-provider-linkedin nolightbox\" data-provider=\"linkedin\" target=\"_blank\" rel=\"nofollow\" title=\"Find us on Linkedin\" href=\"https:\/\/www.linkedin.com\/in\/yourid\" style=\"font-size: 0px;width:48px;height:48px;margin:0;margin-bottom:5px;margin-right:5px\"><img alt=\"linkedin\" title=\"Find us on Linkedin\" class=\"synved-share-image synved-social-image synved-social-image-follow\" width=\"48\" height=\"48\" style=\"display: inline;width:48px;height:48px;margin: 0;padding: 0;border: none\" src=\"https:\/\/i0.wp.com\/acltf.org\/wordpressacltf\/wp-content\/plugins\/social-media-feather\/synved-social\/image\/social\/regular\/96x96\/linkedin.png?resize=48%2C48\" data-recalc-dims=\"1\" \/><\/a><a class=\"synved-social-button synved-social-button-follow synved-social-size-48 synved-social-resolution-single synved-social-provider-instagram nolightbox\" data-provider=\"instagram\" target=\"_blank\" rel=\"nofollow\" title=\"Check out our instagram feed\" href=\"https:\/\/instagram.com\/myusername\" style=\"font-size: 0px;width:48px;height:48px;margin:0;margin-bottom:5px;margin-right:5px\"><img alt=\"instagram\" title=\"Check out our instagram feed\" class=\"synved-share-image synved-social-image synved-social-image-follow\" width=\"48\" height=\"48\" style=\"display: inline;width:48px;height:48px;margin: 0;padding: 0;border: none\" src=\"https:\/\/i0.wp.com\/acltf.org\/wordpressacltf\/wp-content\/plugins\/social-media-feather\/synved-social\/image\/social\/regular\/96x96\/instagram.png?resize=48%2C48\" data-recalc-dims=\"1\" \/><\/a><a class=\"synved-social-button synved-social-button-follow synved-social-size-48 synved-social-resolution-single synved-social-provider-flickr nolightbox\" data-provider=\"flickr\" target=\"_blank\" rel=\"nofollow\" title=\"Check out our flickr feed\" href=\"https:\/\/www.flickr.com\/photos\/myusername\/\" style=\"font-size: 0px;width:48px;height:48px;margin:0;margin-bottom:5px;margin-right:5px\"><img alt=\"flickr\" title=\"Check out our flickr feed\" class=\"synved-share-image synved-social-image synved-social-image-follow\" width=\"48\" height=\"48\" style=\"display: inline;width:48px;height:48px;margin: 0;padding: 0;border: none\" src=\"https:\/\/i0.wp.com\/acltf.org\/wordpressacltf\/wp-content\/plugins\/social-media-feather\/synved-social\/image\/social\/regular\/96x96\/flickr.png?resize=48%2C48\" data-recalc-dims=\"1\" \/><\/a><a class=\"synved-social-button synved-social-button-follow synved-social-size-48 synved-social-resolution-single synved-social-provider-foursquare nolightbox\" data-provider=\"foursquare\" target=\"_blank\" rel=\"nofollow\" title=\"Check out our foursquare feed\" href=\"https:\/\/foursquare.com\/myusername\" style=\"font-size: 0px;width:48px;height:48px;margin:0;margin-bottom:5px;margin-right:5px\"><img alt=\"foursquare\" title=\"Check out our foursquare feed\" class=\"synved-share-image synved-social-image synved-social-image-follow\" width=\"48\" height=\"48\" style=\"display: inline;width:48px;height:48px;margin: 0;padding: 0;border: none\" src=\"https:\/\/i0.wp.com\/acltf.org\/wordpressacltf\/wp-content\/plugins\/social-media-feather\/synved-social\/image\/social\/regular\/96x96\/foursquare.png?resize=48%2C48\" data-recalc-dims=\"1\" \/><\/a><a class=\"synved-social-button synved-social-button-follow synved-social-size-48 synved-social-resolution-single synved-social-provider-mail nolightbox\" data-provider=\"mail\" rel=\"nofollow\" title=\"Contact Us\" href=\"mailto:mail@example.com?subject=Contact%20Request\" style=\"font-size: 0px;width:48px;height:48px;margin:0;margin-bottom:5px\"><img alt=\"mail\" title=\"Contact Us\" class=\"synved-share-image synved-social-image synved-social-image-follow\" width=\"48\" height=\"48\" style=\"display: inline;width:48px;height:48px;margin: 0;padding: 0;border: none\" src=\"https:\/\/i0.wp.com\/acltf.org\/wordpressacltf\/wp-content\/plugins\/social-media-feather\/synved-social\/image\/social\/regular\/96x96\/mail.png?resize=48%2C48\" data-recalc-dims=\"1\" \/><\/a>","protected":false},"excerpt":{"rendered":"<p>&nbsp; Nos complace\u00a0compartir con vosotros\u00a0que el 3 marzo tendr\u00e1 lugar en Burgos el seminario que anualmente organizamos desde la Asociaci\u00f3n Castellano Leonesa de Terapia Familiar. Este a\u00f1o contamos con Blanca Y\u00e1niz Igal, Doctora en Psicol\u00f3g\u00eda, que compartir\u00e1 con nosotros el seminario, &#8220;Rehabilitaci\u00f3n psicosocial en trastorno mental grave. Locos, enfermos y ciudadanos. Un apunte desde la [&hellip;]<\/p>\n","protected":false},"author":1,"featured_media":515,"comment_status":"open","ping_status":"open","sticky":false,"template":"","format":"standard","meta":{"jetpack_post_was_ever_published":false,"_jetpack_newsletter_access":"","_jetpack_newsletter_tier_id":0,"jetpack_publicize_message":"","jetpack_is_tweetstorm":false,"jetpack_publicize_feature_enabled":true,"jetpack_social_post_already_shared":true,"jetpack_social_options":{"image_generator_settings":{"template":"highway","enabled":false}}},"categories":[6],"tags":[],"jetpack_publicize_connections":[],"yoast_head":"<!-- This site is optimized with the Yoast SEO plugin v21.8.1 - https:\/\/yoast.com\/wordpress\/plugins\/seo\/ -->\n<title>Seminario 3 marzo de 2018 - Asociaci\u00f3n Castellano Leonesa de Terapia Familiar<\/title>\n<meta name=\"robots\" content=\"index, follow, max-snippet:-1, max-image-preview:large, max-video-preview:-1\" \/>\n<link rel=\"canonical\" href=\"https:\/\/acltf.org\/wordpressacltf\/2018\/01\/23\/seminario-3-marzo-de-2018\/\" \/>\n<meta property=\"og:locale\" content=\"es_ES\" \/>\n<meta property=\"og:type\" content=\"article\" \/>\n<meta property=\"og:title\" content=\"Seminario 3 marzo de 2018 - Asociaci\u00f3n Castellano Leonesa de Terapia Familiar\" \/>\n<meta property=\"og:description\" content=\"&nbsp; Nos complace\u00a0compartir con vosotros\u00a0que el 3 marzo tendr\u00e1 lugar en Burgos el seminario que anualmente organizamos desde la Asociaci\u00f3n Castellano Leonesa de Terapia Familiar. Este a\u00f1o contamos con Blanca Y\u00e1niz Igal, Doctora en Psicol\u00f3g\u00eda, que compartir\u00e1 con nosotros el seminario, &#8220;Rehabilitaci\u00f3n psicosocial en trastorno mental grave. Locos, enfermos y ciudadanos. Un apunte desde la [&hellip;]\" \/>\n<meta property=\"og:url\" content=\"https:\/\/acltf.org\/wordpressacltf\/2018\/01\/23\/seminario-3-marzo-de-2018\/\" \/>\n<meta property=\"og:site_name\" content=\"Asociaci\u00f3n Castellano Leonesa de Terapia Familiar\" \/>\n<meta property=\"article:publisher\" content=\"https:\/\/www.facebook.com\/pages\/Asociaci%c3%b3n-Castellano-Leonesa-de-Terapia-Familiar\/820904984647986?fref=ts\" \/>\n<meta property=\"article:published_time\" content=\"2018-01-23T17:18:26+00:00\" \/>\n<meta property=\"article:modified_time\" content=\"2018-01-24T19:44:01+00:00\" \/>\n<meta property=\"og:image\" content=\"https:\/\/i0.wp.com\/acltf.org\/wordpressacltf\/wp-content\/uploads\/2018\/01\/SEMINARIO18-VS3.jpg?fit=1299%2C1813&ssl=1\" \/>\n\t<meta property=\"og:image:width\" content=\"1299\" \/>\n\t<meta property=\"og:image:height\" content=\"1813\" \/>\n\t<meta property=\"og:image:type\" content=\"image\/jpeg\" \/>\n<meta name=\"author\" content=\"acltf\" \/>\n<meta name=\"twitter:card\" content=\"summary_large_image\" \/>\n<meta name=\"twitter:label1\" content=\"Escrito por\" \/>\n\t<meta name=\"twitter:data1\" content=\"acltf\" \/>\n\t<meta name=\"twitter:label2\" content=\"Tiempo de lectura\" \/>\n\t<meta name=\"twitter:data2\" content=\"1 minuto\" \/>\n<script type=\"application\/ld+json\" class=\"yoast-schema-graph\">{\"@context\":\"https:\/\/schema.org\",\"@graph\":[{\"@type\":\"Article\",\"@id\":\"https:\/\/acltf.org\/wordpressacltf\/2018\/01\/23\/seminario-3-marzo-de-2018\/#article\",\"isPartOf\":{\"@id\":\"https:\/\/acltf.org\/wordpressacltf\/2018\/01\/23\/seminario-3-marzo-de-2018\/\"},\"author\":{\"name\":\"acltf\",\"@id\":\"http:\/\/acltf.org\/wordpressacltf\/#\/schema\/person\/b6c564ade2d2bb9314129dcb39e0e683\"},\"headline\":\"Seminario 3 marzo de 2018\",\"datePublished\":\"2018-01-23T17:18:26+00:00\",\"dateModified\":\"2018-01-24T19:44:01+00:00\",\"mainEntityOfPage\":{\"@id\":\"https:\/\/acltf.org\/wordpressacltf\/2018\/01\/23\/seminario-3-marzo-de-2018\/\"},\"wordCount\":290,\"commentCount\":23,\"publisher\":{\"@id\":\"http:\/\/acltf.org\/wordpressacltf\/#organization\"},\"articleSection\":[\"Noticias\"],\"inLanguage\":\"es\",\"potentialAction\":[{\"@type\":\"CommentAction\",\"name\":\"Comment\",\"target\":[\"https:\/\/acltf.org\/wordpressacltf\/2018\/01\/23\/seminario-3-marzo-de-2018\/#respond\"]}]},{\"@type\":\"WebPage\",\"@id\":\"https:\/\/acltf.org\/wordpressacltf\/2018\/01\/23\/seminario-3-marzo-de-2018\/\",\"url\":\"https:\/\/acltf.org\/wordpressacltf\/2018\/01\/23\/seminario-3-marzo-de-2018\/\",\"name\":\"Seminario 3 marzo de 2018 - Asociaci\u00f3n Castellano Leonesa de Terapia Familiar\",\"isPartOf\":{\"@id\":\"http:\/\/acltf.org\/wordpressacltf\/#website\"},\"datePublished\":\"2018-01-23T17:18:26+00:00\",\"dateModified\":\"2018-01-24T19:44:01+00:00\",\"breadcrumb\":{\"@id\":\"https:\/\/acltf.org\/wordpressacltf\/2018\/01\/23\/seminario-3-marzo-de-2018\/#breadcrumb\"},\"inLanguage\":\"es\",\"potentialAction\":[{\"@type\":\"ReadAction\",\"target\":[\"https:\/\/acltf.org\/wordpressacltf\/2018\/01\/23\/seminario-3-marzo-de-2018\/\"]}]},{\"@type\":\"BreadcrumbList\",\"@id\":\"https:\/\/acltf.org\/wordpressacltf\/2018\/01\/23\/seminario-3-marzo-de-2018\/#breadcrumb\",\"itemListElement\":[{\"@type\":\"ListItem\",\"position\":1,\"name\":\"Portada\",\"item\":\"http:\/\/acltf.org\/wordpressacltf\/\"},{\"@type\":\"ListItem\",\"position\":2,\"name\":\"Seminario 3 marzo de 2018\"}]},{\"@type\":\"WebSite\",\"@id\":\"http:\/\/acltf.org\/wordpressacltf\/#website\",\"url\":\"http:\/\/acltf.org\/wordpressacltf\/\",\"name\":\"Asociaci\u00f3n Castellano Leonesa de Terapia Familiar\",\"description\":\"Asociaci\u00f3n de Terapia Familiar\",\"publisher\":{\"@id\":\"http:\/\/acltf.org\/wordpressacltf\/#organization\"},\"potentialAction\":[{\"@type\":\"SearchAction\",\"target\":{\"@type\":\"EntryPoint\",\"urlTemplate\":\"http:\/\/acltf.org\/wordpressacltf\/?s={search_term_string}\"},\"query-input\":\"required name=search_term_string\"}],\"inLanguage\":\"es\"},{\"@type\":\"Organization\",\"@id\":\"http:\/\/acltf.org\/wordpressacltf\/#organization\",\"name\":\"acltf\",\"url\":\"http:\/\/acltf.org\/wordpressacltf\/\",\"logo\":{\"@type\":\"ImageObject\",\"inLanguage\":\"es\",\"@id\":\"http:\/\/acltf.org\/wordpressacltf\/#\/schema\/logo\/image\/\",\"url\":\"http:\/\/acltf.org\/wordpressacltf\/wp-content\/uploads\/2015\/05\/Logo250.png\",\"contentUrl\":\"http:\/\/acltf.org\/wordpressacltf\/wp-content\/uploads\/2015\/05\/Logo250.png\",\"width\":250,\"height\":250,\"caption\":\"acltf\"},\"image\":{\"@id\":\"http:\/\/acltf.org\/wordpressacltf\/#\/schema\/logo\/image\/\"},\"sameAs\":[\"https:\/\/www.facebook.com\/pages\/Asociaci\u00f3n-Castellano-Leonesa-de-Terapia-Familiar\/820904984647986?fref=ts\"]},{\"@type\":\"Person\",\"@id\":\"http:\/\/acltf.org\/wordpressacltf\/#\/schema\/person\/b6c564ade2d2bb9314129dcb39e0e683\",\"name\":\"acltf\",\"image\":{\"@type\":\"ImageObject\",\"inLanguage\":\"es\",\"@id\":\"http:\/\/acltf.org\/wordpressacltf\/#\/schema\/person\/image\/\",\"url\":\"http:\/\/2.gravatar.com\/avatar\/e02eb9fac6bef8ad5fde1db30df7d020?s=96&d=mm&r=g\",\"contentUrl\":\"http:\/\/2.gravatar.com\/avatar\/e02eb9fac6bef8ad5fde1db30df7d020?s=96&d=mm&r=g\",\"caption\":\"acltf\"},\"description\":\"Asociaci\u00f3n de Terapia Familiar de Castilla y Le\u00f3n info@acltf.org\",\"url\":\"http:\/\/acltf.org\/wordpressacltf\/author\/acltf\/\"}]}<\/script>\n<!-- \/ Yoast SEO plugin. -->","yoast_head_json":{"title":"Seminario 3 marzo de 2018 - Asociaci\u00f3n Castellano Leonesa de Terapia Familiar","robots":{"index":"index","follow":"follow","max-snippet":"max-snippet:-1","max-image-preview":"max-image-preview:large","max-video-preview":"max-video-preview:-1"},"canonical":"https:\/\/acltf.org\/wordpressacltf\/2018\/01\/23\/seminario-3-marzo-de-2018\/","og_locale":"es_ES","og_type":"article","og_title":"Seminario 3 marzo de 2018 - Asociaci\u00f3n Castellano Leonesa de Terapia Familiar","og_description":"&nbsp; Nos complace\u00a0compartir con vosotros\u00a0que el 3 marzo tendr\u00e1 lugar en Burgos el seminario que anualmente organizamos desde la Asociaci\u00f3n Castellano Leonesa de Terapia Familiar. Este a\u00f1o contamos con Blanca Y\u00e1niz Igal, Doctora en Psicol\u00f3g\u00eda, que compartir\u00e1 con nosotros el seminario, &#8220;Rehabilitaci\u00f3n psicosocial en trastorno mental grave. Locos, enfermos y ciudadanos. Un apunte desde la [&hellip;]","og_url":"https:\/\/acltf.org\/wordpressacltf\/2018\/01\/23\/seminario-3-marzo-de-2018\/","og_site_name":"Asociaci\u00f3n Castellano Leonesa de Terapia Familiar","article_publisher":"https:\/\/www.facebook.com\/pages\/Asociaci%c3%b3n-Castellano-Leonesa-de-Terapia-Familiar\/820904984647986?fref=ts","article_published_time":"2018-01-23T17:18:26+00:00","article_modified_time":"2018-01-24T19:44:01+00:00","og_image":[{"width":1299,"height":1813,"url":"https:\/\/i0.wp.com\/acltf.org\/wordpressacltf\/wp-content\/uploads\/2018\/01\/SEMINARIO18-VS3.jpg?fit=1299%2C1813&ssl=1","type":"image\/jpeg"}],"author":"acltf","twitter_card":"summary_large_image","twitter_misc":{"Escrito por":"acltf","Tiempo de lectura":"1 minuto"},"schema":{"@context":"https:\/\/schema.org","@graph":[{"@type":"Article","@id":"https:\/\/acltf.org\/wordpressacltf\/2018\/01\/23\/seminario-3-marzo-de-2018\/#article","isPartOf":{"@id":"https:\/\/acltf.org\/wordpressacltf\/2018\/01\/23\/seminario-3-marzo-de-2018\/"},"author":{"name":"acltf","@id":"http:\/\/acltf.org\/wordpressacltf\/#\/schema\/person\/b6c564ade2d2bb9314129dcb39e0e683"},"headline":"Seminario 3 marzo de 2018","datePublished":"2018-01-23T17:18:26+00:00","dateModified":"2018-01-24T19:44:01+00:00","mainEntityOfPage":{"@id":"https:\/\/acltf.org\/wordpressacltf\/2018\/01\/23\/seminario-3-marzo-de-2018\/"},"wordCount":290,"commentCount":23,"publisher":{"@id":"http:\/\/acltf.org\/wordpressacltf\/#organization"},"articleSection":["Noticias"],"inLanguage":"es","potentialAction":[{"@type":"CommentAction","name":"Comment","target":["https:\/\/acltf.org\/wordpressacltf\/2018\/01\/23\/seminario-3-marzo-de-2018\/#respond"]}]},{"@type":"WebPage","@id":"https:\/\/acltf.org\/wordpressacltf\/2018\/01\/23\/seminario-3-marzo-de-2018\/","url":"https:\/\/acltf.org\/wordpressacltf\/2018\/01\/23\/seminario-3-marzo-de-2018\/","name":"Seminario 3 marzo de 2018 - Asociaci\u00f3n Castellano Leonesa de Terapia Familiar","isPartOf":{"@id":"http:\/\/acltf.org\/wordpressacltf\/#website"},"datePublished":"2018-01-23T17:18:26+00:00","dateModified":"2018-01-24T19:44:01+00:00","breadcrumb":{"@id":"https:\/\/acltf.org\/wordpressacltf\/2018\/01\/23\/seminario-3-marzo-de-2018\/#breadcrumb"},"inLanguage":"es","potentialAction":[{"@type":"ReadAction","target":["https:\/\/acltf.org\/wordpressacltf\/2018\/01\/23\/seminario-3-marzo-de-2018\/"]}]},{"@type":"BreadcrumbList","@id":"https:\/\/acltf.org\/wordpressacltf\/2018\/01\/23\/seminario-3-marzo-de-2018\/#breadcrumb","itemListElement":[{"@type":"ListItem","position":1,"name":"Portada","item":"http:\/\/acltf.org\/wordpressacltf\/"},{"@type":"ListItem","position":2,"name":"Seminario 3 marzo de 2018"}]},{"@type":"WebSite","@id":"http:\/\/acltf.org\/wordpressacltf\/#website","url":"http:\/\/acltf.org\/wordpressacltf\/","name":"Asociaci\u00f3n Castellano Leonesa de Terapia Familiar","description":"Asociaci\u00f3n de Terapia Familiar","publisher":{"@id":"http:\/\/acltf.org\/wordpressacltf\/#organization"},"potentialAction":[{"@type":"SearchAction","target":{"@type":"EntryPoint","urlTemplate":"http:\/\/acltf.org\/wordpressacltf\/?s={search_term_string}"},"query-input":"required name=search_term_string"}],"inLanguage":"es"},{"@type":"Organization","@id":"http:\/\/acltf.org\/wordpressacltf\/#organization","name":"acltf","url":"http:\/\/acltf.org\/wordpressacltf\/","logo":{"@type":"ImageObject","inLanguage":"es","@id":"http:\/\/acltf.org\/wordpressacltf\/#\/schema\/logo\/image\/","url":"http:\/\/acltf.org\/wordpressacltf\/wp-content\/uploads\/2015\/05\/Logo250.png","contentUrl":"http:\/\/acltf.org\/wordpressacltf\/wp-content\/uploads\/2015\/05\/Logo250.png","width":250,"height":250,"caption":"acltf"},"image":{"@id":"http:\/\/acltf.org\/wordpressacltf\/#\/schema\/logo\/image\/"},"sameAs":["https:\/\/www.facebook.com\/pages\/Asociaci\u00f3n-Castellano-Leonesa-de-Terapia-Familiar\/820904984647986?fref=ts"]},{"@type":"Person","@id":"http:\/\/acltf.org\/wordpressacltf\/#\/schema\/person\/b6c564ade2d2bb9314129dcb39e0e683","name":"acltf","image":{"@type":"ImageObject","inLanguage":"es","@id":"http:\/\/acltf.org\/wordpressacltf\/#\/schema\/person\/image\/","url":"http:\/\/2.gravatar.com\/avatar\/e02eb9fac6bef8ad5fde1db30df7d020?s=96&d=mm&r=g","contentUrl":"http:\/\/2.gravatar.com\/avatar\/e02eb9fac6bef8ad5fde1db30df7d020?s=96&d=mm&r=g","caption":"acltf"},"description":"Asociaci\u00f3n de Terapia Familiar de Castilla y Le\u00f3n info@acltf.org","url":"http:\/\/acltf.org\/wordpressacltf\/author\/acltf\/"}]}},"jetpack_featured_media_url":"https:\/\/i0.wp.com\/acltf.org\/wordpressacltf\/wp-content\/uploads\/2018\/01\/SEMINARIO18-VS3.jpg?fit=1299%2C1813","jetpack_sharing_enabled":true,"jetpack_shortlink":"https:\/\/wp.me\/p6UE5O-8d","jetpack_likes_enabled":true,"_links":{"self":[{"href":"http:\/\/acltf.org\/wordpressacltf\/wp-json\/wp\/v2\/posts\/509"}],"collection":[{"href":"http:\/\/acltf.org\/wordpressacltf\/wp-json\/wp\/v2\/posts"}],"about":[{"href":"http:\/\/acltf.org\/wordpressacltf\/wp-json\/wp\/v2\/types\/post"}],"author":[{"embeddable":true,"href":"http:\/\/acltf.org\/wordpressacltf\/wp-json\/wp\/v2\/users\/1"}],"replies":[{"embeddable":true,"href":"http:\/\/acltf.org\/wordpressacltf\/wp-json\/wp\/v2\/comments?post=509"}],"version-history":[{"count":11,"href":"http:\/\/acltf.org\/wordpressacltf\/wp-json\/wp\/v2\/posts\/509\/revisions"}],"predecessor-version":[{"id":530,"href":"http:\/\/acltf.org\/wordpressacltf\/wp-json\/wp\/v2\/posts\/509\/revisions\/530"}],"wp:featuredmedia":[{"embeddable":true,"href":"http:\/\/acltf.org\/wordpressacltf\/wp-json\/wp\/v2\/media\/515"}],"wp:attachment":[{"href":"http:\/\/acltf.org\/wordpressacltf\/wp-json\/wp\/v2\/media?parent=509"}],"wp:term":[{"taxonomy":"category","embeddable":true,"href":"http:\/\/acltf.org\/wordpressacltf\/wp-json\/wp\/v2\/categories?post=509"},{"taxonomy":"post_tag","embeddable":true,"href":"http:\/\/acltf.org\/wordpressacltf\/wp-json\/wp\/v2\/tags?post=509"}],"curies":[{"name":"wp","href":"https:\/\/api.w.org\/{rel}","templated":true}]}}