{"id":604,"date":"2019-03-21T18:30:37","date_gmt":"2019-03-21T17:30:37","guid":{"rendered":"http:\/\/acltf.org\/wordpressacltf\/?p=604"},"modified":"2019-09-17T09:36:56","modified_gmt":"2019-09-17T07:36:56","slug":"seminario-hipnosis-ericksoniana-con-agusti-camino-en-valladolid","status":"publish","type":"post","link":"http:\/\/acltf.org\/wordpressacltf\/2019\/03\/21\/seminario-hipnosis-ericksoniana-con-agusti-camino-en-valladolid\/","title":{"rendered":"Seminario Hipnosis Ericksoniana con Agust\u00ed Camino en Valladolid"},"content":{"rendered":"<p style=\"text-align: left;\">El pasado s\u00e1bado tuvimos el placer de disfrutar de 2 d\u00edas de formaci\u00f3n muy intensa junto a Agust\u00ed Camino en Valladolid.<\/p>\n<p style=\"text-align: left;\">Han sido unas jornadas muy pr\u00e1cticas y enriquecedoras, en las que hemos tenido la oportunidad de tener en nuestra Comunidad Aut\u00f3noma un referente de la Hipnosis Ericksoniana en Espa\u00f1a, que nos ha acercado a sus t\u00e9cnicas, hemos practicado con ellas y adem\u00e1s hemos podido trabajar con casos reales en lo que poder analizar la aplicaci\u00f3n de&nbsp;estas t\u00e9cnicas y la Terapia Familiar.<\/p>\n<p style=\"text-align: left;\">Quer\u00edamos mostrar nuestro agradecimiento, en primer lugar a Agust\u00ed por aceptar nuestra invitaci\u00f3n a Valladolid, ha sido un placer contar con \u00e9l en nuestro seminario anual. Tambi\u00e9n a nuestros socios y a las personas que se han acercado a participar en las jornadas que cada a\u00f1o organizamos y que gracias a vuestra presencia, podemos seguir manteniendo a\u00f1o tras a\u00f1o.<\/p>\n<p style=\"text-align: left;\">ACLTF<\/p>\n<p style=\"text-align: left;\">&nbsp; &nbsp; &nbsp; &nbsp; &nbsp; &nbsp; &nbsp; &nbsp; &nbsp; &nbsp; &nbsp; &nbsp; &nbsp; &nbsp; &nbsp; &nbsp; &nbsp; &nbsp; &nbsp; &nbsp; &nbsp; &nbsp;<img decoding=\"async\" loading=\"lazy\" class=\"alignnone size-medium wp-image-608 aligncenter\" src=\"https:\/\/i0.wp.com\/acltf.org\/wordpressacltf\/wp-content\/uploads\/2019\/03\/20190316_164220.jpg?resize=300%2C169\" alt=\"20190316_164220\" width=\"300\" height=\"169\" srcset=\"https:\/\/i0.wp.com\/acltf.org\/wordpressacltf\/wp-content\/uploads\/2019\/03\/20190316_164220.jpg?resize=300%2C169 300w, https:\/\/i0.wp.com\/acltf.org\/wordpressacltf\/wp-content\/uploads\/2019\/03\/20190316_164220.jpg?resize=1024%2C576 1024w, https:\/\/i0.wp.com\/acltf.org\/wordpressacltf\/wp-content\/uploads\/2019\/03\/20190316_164220.jpg?resize=220%2C124 220w, https:\/\/i0.wp.com\/acltf.org\/wordpressacltf\/wp-content\/uploads\/2019\/03\/20190316_164220.jpg?resize=187%2C105 187w, https:\/\/i0.wp.com\/acltf.org\/wordpressacltf\/wp-content\/uploads\/2019\/03\/20190316_164220.jpg?resize=453%2C255 453w, https:\/\/i0.wp.com\/acltf.org\/wordpressacltf\/wp-content\/uploads\/2019\/03\/20190316_164220.jpg?w=1090 1090w, https:\/\/i0.wp.com\/acltf.org\/wordpressacltf\/wp-content\/uploads\/2019\/03\/20190316_164220.jpg?w=1635 1635w\" sizes=\"(max-width: 300px) 100vw, 300px\" data-recalc-dims=\"1\" \/><\/p>\n<p style=\"text-align: center;\"><a href=\"https:\/\/i0.wp.com\/acltf.org\/wordpressacltf\/wp-content\/uploads\/2019\/03\/IMG-20190320-WA0029.jpg\"><img decoding=\"async\" loading=\"lazy\" class=\"alignnone size-medium wp-image-609\" src=\"https:\/\/i0.wp.com\/acltf.org\/wordpressacltf\/wp-content\/uploads\/2019\/03\/IMG-20190320-WA0029.jpg?resize=300%2C225\" alt=\"IMG-20190320-WA0029\" width=\"300\" height=\"225\" srcset=\"https:\/\/i0.wp.com\/acltf.org\/wordpressacltf\/wp-content\/uploads\/2019\/03\/IMG-20190320-WA0029.jpg?resize=300%2C225 300w, https:\/\/i0.wp.com\/acltf.org\/wordpressacltf\/wp-content\/uploads\/2019\/03\/IMG-20190320-WA0029.jpg?resize=1024%2C768 1024w, https:\/\/i0.wp.com\/acltf.org\/wordpressacltf\/wp-content\/uploads\/2019\/03\/IMG-20190320-WA0029.jpg?resize=220%2C165 220w, https:\/\/i0.wp.com\/acltf.org\/wordpressacltf\/wp-content\/uploads\/2019\/03\/IMG-20190320-WA0029.jpg?resize=187%2C140 187w, https:\/\/i0.wp.com\/acltf.org\/wordpressacltf\/wp-content\/uploads\/2019\/03\/IMG-20190320-WA0029.jpg?resize=453%2C340 453w, https:\/\/i0.wp.com\/acltf.org\/wordpressacltf\/wp-content\/uploads\/2019\/03\/IMG-20190320-WA0029.jpg?w=1600 1600w, https:\/\/i0.wp.com\/acltf.org\/wordpressacltf\/wp-content\/uploads\/2019\/03\/IMG-20190320-WA0029.jpg?w=1090 1090w\" sizes=\"(max-width: 300px) 100vw, 300px\" data-recalc-dims=\"1\" \/><\/a><\/p>\n<p style=\"text-align: left;\"><a href=\"https:\/\/i0.wp.com\/acltf.org\/wordpressacltf\/wp-content\/uploads\/2019\/03\/IMG-20190320-WA0030.jpg\"><img decoding=\"async\" loading=\"lazy\" class=\"alignnone size-medium wp-image-610 aligncenter\" src=\"https:\/\/i0.wp.com\/acltf.org\/wordpressacltf\/wp-content\/uploads\/2019\/03\/IMG-20190320-WA0030.jpg?resize=300%2C225\" alt=\"IMG-20190320-WA0030\" width=\"300\" height=\"225\" srcset=\"https:\/\/i0.wp.com\/acltf.org\/wordpressacltf\/wp-content\/uploads\/2019\/03\/IMG-20190320-WA0030.jpg?resize=300%2C225 300w, https:\/\/i0.wp.com\/acltf.org\/wordpressacltf\/wp-content\/uploads\/2019\/03\/IMG-20190320-WA0030.jpg?resize=1024%2C768 1024w, https:\/\/i0.wp.com\/acltf.org\/wordpressacltf\/wp-content\/uploads\/2019\/03\/IMG-20190320-WA0030.jpg?resize=220%2C165 220w, https:\/\/i0.wp.com\/acltf.org\/wordpressacltf\/wp-content\/uploads\/2019\/03\/IMG-20190320-WA0030.jpg?resize=187%2C140 187w, https:\/\/i0.wp.com\/acltf.org\/wordpressacltf\/wp-content\/uploads\/2019\/03\/IMG-20190320-WA0030.jpg?resize=453%2C340 453w, https:\/\/i0.wp.com\/acltf.org\/wordpressacltf\/wp-content\/uploads\/2019\/03\/IMG-20190320-WA0030.jpg?w=1600 1600w, https:\/\/i0.wp.com\/acltf.org\/wordpressacltf\/wp-content\/uploads\/2019\/03\/IMG-20190320-WA0030.jpg?w=1090 1090w\" sizes=\"(max-width: 300px) 100vw, 300px\" data-recalc-dims=\"1\" \/><\/a><\/p>\n<a class=\"synved-social-button synved-social-button-follow synved-social-size-48 synved-social-resolution-single synved-social-provider-facebook nolightbox\" data-provider=\"facebook\" target=\"_blank\" rel=\"nofollow\" title=\"Follow us on Facebook\" href=\"https:\/\/www.facebook.com\/facebook\" style=\"font-size: 0px;width:48px;height:48px;margin:0;margin-bottom:5px;margin-right:5px\"><img alt=\"Facebook\" title=\"Follow us on Facebook\" class=\"synved-share-image synved-social-image synved-social-image-follow\" width=\"48\" height=\"48\" style=\"display: inline;width:48px;height:48px;margin: 0;padding: 0;border: none\" src=\"https:\/\/i0.wp.com\/acltf.org\/wordpressacltf\/wp-content\/plugins\/social-media-feather\/synved-social\/image\/social\/regular\/96x96\/facebook.png?resize=48%2C48\" data-recalc-dims=\"1\" \/><\/a><a class=\"synved-social-button synved-social-button-follow synved-social-size-48 synved-social-resolution-single synved-social-provider-twitter nolightbox\" data-provider=\"twitter\" target=\"_blank\" rel=\"nofollow\" title=\"Follow us on Twitter\" href=\"https:\/\/twitter.com\/twitter\" style=\"font-size: 0px;width:48px;height:48px;margin:0;margin-bottom:5px;margin-right:5px\"><img alt=\"twitter\" title=\"Follow us on Twitter\" class=\"synved-share-image synved-social-image synved-social-image-follow\" width=\"48\" height=\"48\" style=\"display: inline;width:48px;height:48px;margin: 0;padding: 0;border: none\" src=\"https:\/\/i0.wp.com\/acltf.org\/wordpressacltf\/wp-content\/plugins\/social-media-feather\/synved-social\/image\/social\/regular\/96x96\/twitter.png?resize=48%2C48\" data-recalc-dims=\"1\" \/><\/a><a class=\"synved-social-button synved-social-button-follow synved-social-size-48 synved-social-resolution-single synved-social-provider-linkedin nolightbox\" data-provider=\"linkedin\" target=\"_blank\" rel=\"nofollow\" title=\"Find us on Linkedin\" href=\"https:\/\/www.linkedin.com\/in\/yourid\" style=\"font-size: 0px;width:48px;height:48px;margin:0;margin-bottom:5px;margin-right:5px\"><img alt=\"linkedin\" title=\"Find us on Linkedin\" class=\"synved-share-image synved-social-image synved-social-image-follow\" width=\"48\" height=\"48\" style=\"display: inline;width:48px;height:48px;margin: 0;padding: 0;border: none\" src=\"https:\/\/i0.wp.com\/acltf.org\/wordpressacltf\/wp-content\/plugins\/social-media-feather\/synved-social\/image\/social\/regular\/96x96\/linkedin.png?resize=48%2C48\" data-recalc-dims=\"1\" \/><\/a><a class=\"synved-social-button synved-social-button-follow synved-social-size-48 synved-social-resolution-single synved-social-provider-instagram nolightbox\" data-provider=\"instagram\" target=\"_blank\" rel=\"nofollow\" title=\"Check out our instagram feed\" href=\"https:\/\/instagram.com\/myusername\" style=\"font-size: 0px;width:48px;height:48px;margin:0;margin-bottom:5px;margin-right:5px\"><img alt=\"instagram\" title=\"Check out our instagram feed\" class=\"synved-share-image synved-social-image synved-social-image-follow\" width=\"48\" height=\"48\" style=\"display: inline;width:48px;height:48px;margin: 0;padding: 0;border: none\" src=\"https:\/\/i0.wp.com\/acltf.org\/wordpressacltf\/wp-content\/plugins\/social-media-feather\/synved-social\/image\/social\/regular\/96x96\/instagram.png?resize=48%2C48\" data-recalc-dims=\"1\" \/><\/a><a class=\"synved-social-button synved-social-button-follow synved-social-size-48 synved-social-resolution-single synved-social-provider-flickr nolightbox\" data-provider=\"flickr\" target=\"_blank\" rel=\"nofollow\" title=\"Check out our flickr feed\" href=\"https:\/\/www.flickr.com\/photos\/myusername\/\" style=\"font-size: 0px;width:48px;height:48px;margin:0;margin-bottom:5px;margin-right:5px\"><img alt=\"flickr\" title=\"Check out our flickr feed\" class=\"synved-share-image synved-social-image synved-social-image-follow\" width=\"48\" height=\"48\" style=\"display: inline;width:48px;height:48px;margin: 0;padding: 0;border: none\" src=\"https:\/\/i0.wp.com\/acltf.org\/wordpressacltf\/wp-content\/plugins\/social-media-feather\/synved-social\/image\/social\/regular\/96x96\/flickr.png?resize=48%2C48\" data-recalc-dims=\"1\" \/><\/a><a class=\"synved-social-button synved-social-button-follow synved-social-size-48 synved-social-resolution-single synved-social-provider-foursquare nolightbox\" data-provider=\"foursquare\" target=\"_blank\" rel=\"nofollow\" title=\"Check out our foursquare feed\" href=\"https:\/\/foursquare.com\/myusername\" style=\"font-size: 0px;width:48px;height:48px;margin:0;margin-bottom:5px;margin-right:5px\"><img alt=\"foursquare\" title=\"Check out our foursquare feed\" class=\"synved-share-image synved-social-image synved-social-image-follow\" width=\"48\" height=\"48\" style=\"display: inline;width:48px;height:48px;margin: 0;padding: 0;border: none\" src=\"https:\/\/i0.wp.com\/acltf.org\/wordpressacltf\/wp-content\/plugins\/social-media-feather\/synved-social\/image\/social\/regular\/96x96\/foursquare.png?resize=48%2C48\" data-recalc-dims=\"1\" \/><\/a><a class=\"synved-social-button synved-social-button-follow synved-social-size-48 synved-social-resolution-single synved-social-provider-mail nolightbox\" data-provider=\"mail\" rel=\"nofollow\" title=\"Contact Us\" href=\"mailto:mail@example.com?subject=Contact%20Request\" style=\"font-size: 0px;width:48px;height:48px;margin:0;margin-bottom:5px\"><img alt=\"mail\" title=\"Contact Us\" class=\"synved-share-image synved-social-image synved-social-image-follow\" width=\"48\" height=\"48\" style=\"display: inline;width:48px;height:48px;margin: 0;padding: 0;border: none\" src=\"https:\/\/i0.wp.com\/acltf.org\/wordpressacltf\/wp-content\/plugins\/social-media-feather\/synved-social\/image\/social\/regular\/96x96\/mail.png?resize=48%2C48\" data-recalc-dims=\"1\" \/><\/a>","protected":false},"excerpt":{"rendered":"<p>El pasado s\u00e1bado tuvimos el placer de disfrutar de 2 d\u00edas de formaci\u00f3n muy intensa junto a Agust\u00ed Camino en Valladolid. Han sido unas jornadas muy pr\u00e1cticas y enriquecedoras, en las que hemos tenido la oportunidad de tener en nuestra Comunidad Aut\u00f3noma un referente de la Hipnosis Ericksoniana en Espa\u00f1a, que nos ha acercado a [&hellip;]<\/p>\n","protected":false},"author":1,"featured_media":613,"comment_status":"open","ping_status":"open","sticky":false,"template":"","format":"standard","meta":{"jetpack_post_was_ever_published":false,"_jetpack_newsletter_access":"","_jetpack_newsletter_tier_id":0,"jetpack_publicize_message":"","jetpack_is_tweetstorm":false,"jetpack_publicize_feature_enabled":true,"jetpack_social_post_already_shared":true,"jetpack_social_options":{"image_generator_settings":{"template":"highway","enabled":false}}},"categories":[6],"tags":[],"jetpack_publicize_connections":[],"yoast_head":"<!-- This site is optimized with the Yoast SEO plugin v21.8.1 - https:\/\/yoast.com\/wordpress\/plugins\/seo\/ -->\n<title>Seminario Hipnosis Ericksoniana con Agust\u00ed Camino en Valladolid - Asociaci\u00f3n Castellano Leonesa de Terapia Familiar<\/title>\n<meta name=\"robots\" content=\"index, follow, max-snippet:-1, max-image-preview:large, max-video-preview:-1\" \/>\n<link rel=\"canonical\" href=\"https:\/\/acltf.org\/wordpressacltf\/2019\/03\/21\/seminario-hipnosis-ericksoniana-con-agusti-camino-en-valladolid\/\" \/>\n<meta property=\"og:locale\" content=\"es_ES\" \/>\n<meta property=\"og:type\" content=\"article\" \/>\n<meta property=\"og:title\" content=\"Seminario Hipnosis Ericksoniana con Agust\u00ed Camino en Valladolid - Asociaci\u00f3n Castellano Leonesa de Terapia Familiar\" \/>\n<meta property=\"og:description\" content=\"El pasado s\u00e1bado tuvimos el placer de disfrutar de 2 d\u00edas de formaci\u00f3n muy intensa junto a Agust\u00ed Camino en Valladolid. Han sido unas jornadas muy pr\u00e1cticas y enriquecedoras, en las que hemos tenido la oportunidad de tener en nuestra Comunidad Aut\u00f3noma un referente de la Hipnosis Ericksoniana en Espa\u00f1a, que nos ha acercado a [&hellip;]\" \/>\n<meta property=\"og:url\" content=\"https:\/\/acltf.org\/wordpressacltf\/2019\/03\/21\/seminario-hipnosis-ericksoniana-con-agusti-camino-en-valladolid\/\" \/>\n<meta property=\"og:site_name\" content=\"Asociaci\u00f3n Castellano Leonesa de Terapia Familiar\" \/>\n<meta property=\"article:publisher\" content=\"https:\/\/www.facebook.com\/pages\/Asociaci%c3%b3n-Castellano-Leonesa-de-Terapia-Familiar\/820904984647986?fref=ts\" \/>\n<meta property=\"article:published_time\" content=\"2019-03-21T17:30:37+00:00\" \/>\n<meta property=\"article:modified_time\" content=\"2019-09-17T07:36:56+00:00\" \/>\n<meta property=\"og:image\" content=\"https:\/\/i0.wp.com\/acltf.org\/wordpressacltf\/wp-content\/uploads\/2019\/03\/IMG-20190320-WA0027.jpg?fit=1600%2C1200&ssl=1\" \/>\n\t<meta property=\"og:image:width\" content=\"1600\" \/>\n\t<meta property=\"og:image:height\" content=\"1200\" \/>\n\t<meta property=\"og:image:type\" content=\"image\/jpeg\" \/>\n<meta name=\"author\" content=\"acltf\" \/>\n<meta name=\"twitter:card\" content=\"summary_large_image\" \/>\n<meta name=\"twitter:label1\" content=\"Escrito por\" \/>\n\t<meta name=\"twitter:data1\" content=\"acltf\" \/>\n\t<meta name=\"twitter:label2\" content=\"Tiempo de lectura\" \/>\n\t<meta name=\"twitter:data2\" content=\"1 minuto\" \/>\n<script type=\"application\/ld+json\" class=\"yoast-schema-graph\">{\"@context\":\"https:\/\/schema.org\",\"@graph\":[{\"@type\":\"Article\",\"@id\":\"https:\/\/acltf.org\/wordpressacltf\/2019\/03\/21\/seminario-hipnosis-ericksoniana-con-agusti-camino-en-valladolid\/#article\",\"isPartOf\":{\"@id\":\"https:\/\/acltf.org\/wordpressacltf\/2019\/03\/21\/seminario-hipnosis-ericksoniana-con-agusti-camino-en-valladolid\/\"},\"author\":{\"name\":\"acltf\",\"@id\":\"http:\/\/acltf.org\/wordpressacltf\/#\/schema\/person\/b6c564ade2d2bb9314129dcb39e0e683\"},\"headline\":\"Seminario Hipnosis Ericksoniana con Agust\u00ed Camino en Valladolid\",\"datePublished\":\"2019-03-21T17:30:37+00:00\",\"dateModified\":\"2019-09-17T07:36:56+00:00\",\"mainEntityOfPage\":{\"@id\":\"https:\/\/acltf.org\/wordpressacltf\/2019\/03\/21\/seminario-hipnosis-ericksoniana-con-agusti-camino-en-valladolid\/\"},\"wordCount\":189,\"commentCount\":26,\"publisher\":{\"@id\":\"http:\/\/acltf.org\/wordpressacltf\/#organization\"},\"articleSection\":[\"Noticias\"],\"inLanguage\":\"es\",\"potentialAction\":[{\"@type\":\"CommentAction\",\"name\":\"Comment\",\"target\":[\"https:\/\/acltf.org\/wordpressacltf\/2019\/03\/21\/seminario-hipnosis-ericksoniana-con-agusti-camino-en-valladolid\/#respond\"]}]},{\"@type\":\"WebPage\",\"@id\":\"https:\/\/acltf.org\/wordpressacltf\/2019\/03\/21\/seminario-hipnosis-ericksoniana-con-agusti-camino-en-valladolid\/\",\"url\":\"https:\/\/acltf.org\/wordpressacltf\/2019\/03\/21\/seminario-hipnosis-ericksoniana-con-agusti-camino-en-valladolid\/\",\"name\":\"Seminario Hipnosis Ericksoniana con Agust\u00ed Camino en Valladolid - Asociaci\u00f3n Castellano Leonesa de Terapia Familiar\",\"isPartOf\":{\"@id\":\"http:\/\/acltf.org\/wordpressacltf\/#website\"},\"datePublished\":\"2019-03-21T17:30:37+00:00\",\"dateModified\":\"2019-09-17T07:36:56+00:00\",\"breadcrumb\":{\"@id\":\"https:\/\/acltf.org\/wordpressacltf\/2019\/03\/21\/seminario-hipnosis-ericksoniana-con-agusti-camino-en-valladolid\/#breadcrumb\"},\"inLanguage\":\"es\",\"potentialAction\":[{\"@type\":\"ReadAction\",\"target\":[\"https:\/\/acltf.org\/wordpressacltf\/2019\/03\/21\/seminario-hipnosis-ericksoniana-con-agusti-camino-en-valladolid\/\"]}]},{\"@type\":\"BreadcrumbList\",\"@id\":\"https:\/\/acltf.org\/wordpressacltf\/2019\/03\/21\/seminario-hipnosis-ericksoniana-con-agusti-camino-en-valladolid\/#breadcrumb\",\"itemListElement\":[{\"@type\":\"ListItem\",\"position\":1,\"name\":\"Portada\",\"item\":\"http:\/\/acltf.org\/wordpressacltf\/\"},{\"@type\":\"ListItem\",\"position\":2,\"name\":\"Seminario Hipnosis Ericksoniana con Agust\u00ed Camino en Valladolid\"}]},{\"@type\":\"WebSite\",\"@id\":\"http:\/\/acltf.org\/wordpressacltf\/#website\",\"url\":\"http:\/\/acltf.org\/wordpressacltf\/\",\"name\":\"Asociaci\u00f3n Castellano Leonesa de Terapia Familiar\",\"description\":\"Asociaci\u00f3n de Terapia Familiar\",\"publisher\":{\"@id\":\"http:\/\/acltf.org\/wordpressacltf\/#organization\"},\"potentialAction\":[{\"@type\":\"SearchAction\",\"target\":{\"@type\":\"EntryPoint\",\"urlTemplate\":\"http:\/\/acltf.org\/wordpressacltf\/?s={search_term_string}\"},\"query-input\":\"required name=search_term_string\"}],\"inLanguage\":\"es\"},{\"@type\":\"Organization\",\"@id\":\"http:\/\/acltf.org\/wordpressacltf\/#organization\",\"name\":\"acltf\",\"url\":\"http:\/\/acltf.org\/wordpressacltf\/\",\"logo\":{\"@type\":\"ImageObject\",\"inLanguage\":\"es\",\"@id\":\"http:\/\/acltf.org\/wordpressacltf\/#\/schema\/logo\/image\/\",\"url\":\"http:\/\/acltf.org\/wordpressacltf\/wp-content\/uploads\/2015\/05\/Logo250.png\",\"contentUrl\":\"http:\/\/acltf.org\/wordpressacltf\/wp-content\/uploads\/2015\/05\/Logo250.png\",\"width\":250,\"height\":250,\"caption\":\"acltf\"},\"image\":{\"@id\":\"http:\/\/acltf.org\/wordpressacltf\/#\/schema\/logo\/image\/\"},\"sameAs\":[\"https:\/\/www.facebook.com\/pages\/Asociaci\u00f3n-Castellano-Leonesa-de-Terapia-Familiar\/820904984647986?fref=ts\"]},{\"@type\":\"Person\",\"@id\":\"http:\/\/acltf.org\/wordpressacltf\/#\/schema\/person\/b6c564ade2d2bb9314129dcb39e0e683\",\"name\":\"acltf\",\"image\":{\"@type\":\"ImageObject\",\"inLanguage\":\"es\",\"@id\":\"http:\/\/acltf.org\/wordpressacltf\/#\/schema\/person\/image\/\",\"url\":\"http:\/\/2.gravatar.com\/avatar\/e02eb9fac6bef8ad5fde1db30df7d020?s=96&d=mm&r=g\",\"contentUrl\":\"http:\/\/2.gravatar.com\/avatar\/e02eb9fac6bef8ad5fde1db30df7d020?s=96&d=mm&r=g\",\"caption\":\"acltf\"},\"description\":\"Asociaci\u00f3n de Terapia Familiar de Castilla y Le\u00f3n info@acltf.org\",\"url\":\"http:\/\/acltf.org\/wordpressacltf\/author\/acltf\/\"}]}<\/script>\n<!-- \/ Yoast SEO plugin. -->","yoast_head_json":{"title":"Seminario Hipnosis Ericksoniana con Agust\u00ed Camino en Valladolid - Asociaci\u00f3n Castellano Leonesa de Terapia Familiar","robots":{"index":"index","follow":"follow","max-snippet":"max-snippet:-1","max-image-preview":"max-image-preview:large","max-video-preview":"max-video-preview:-1"},"canonical":"https:\/\/acltf.org\/wordpressacltf\/2019\/03\/21\/seminario-hipnosis-ericksoniana-con-agusti-camino-en-valladolid\/","og_locale":"es_ES","og_type":"article","og_title":"Seminario Hipnosis Ericksoniana con Agust\u00ed Camino en Valladolid - Asociaci\u00f3n Castellano Leonesa de Terapia Familiar","og_description":"El pasado s\u00e1bado tuvimos el placer de disfrutar de 2 d\u00edas de formaci\u00f3n muy intensa junto a Agust\u00ed Camino en Valladolid. Han sido unas jornadas muy pr\u00e1cticas y enriquecedoras, en las que hemos tenido la oportunidad de tener en nuestra Comunidad Aut\u00f3noma un referente de la Hipnosis Ericksoniana en Espa\u00f1a, que nos ha acercado a [&hellip;]","og_url":"https:\/\/acltf.org\/wordpressacltf\/2019\/03\/21\/seminario-hipnosis-ericksoniana-con-agusti-camino-en-valladolid\/","og_site_name":"Asociaci\u00f3n Castellano Leonesa de Terapia Familiar","article_publisher":"https:\/\/www.facebook.com\/pages\/Asociaci%c3%b3n-Castellano-Leonesa-de-Terapia-Familiar\/820904984647986?fref=ts","article_published_time":"2019-03-21T17:30:37+00:00","article_modified_time":"2019-09-17T07:36:56+00:00","og_image":[{"width":1600,"height":1200,"url":"https:\/\/i0.wp.com\/acltf.org\/wordpressacltf\/wp-content\/uploads\/2019\/03\/IMG-20190320-WA0027.jpg?fit=1600%2C1200&ssl=1","type":"image\/jpeg"}],"author":"acltf","twitter_card":"summary_large_image","twitter_misc":{"Escrito por":"acltf","Tiempo de lectura":"1 minuto"},"schema":{"@context":"https:\/\/schema.org","@graph":[{"@type":"Article","@id":"https:\/\/acltf.org\/wordpressacltf\/2019\/03\/21\/seminario-hipnosis-ericksoniana-con-agusti-camino-en-valladolid\/#article","isPartOf":{"@id":"https:\/\/acltf.org\/wordpressacltf\/2019\/03\/21\/seminario-hipnosis-ericksoniana-con-agusti-camino-en-valladolid\/"},"author":{"name":"acltf","@id":"http:\/\/acltf.org\/wordpressacltf\/#\/schema\/person\/b6c564ade2d2bb9314129dcb39e0e683"},"headline":"Seminario Hipnosis Ericksoniana con Agust\u00ed Camino en Valladolid","datePublished":"2019-03-21T17:30:37+00:00","dateModified":"2019-09-17T07:36:56+00:00","mainEntityOfPage":{"@id":"https:\/\/acltf.org\/wordpressacltf\/2019\/03\/21\/seminario-hipnosis-ericksoniana-con-agusti-camino-en-valladolid\/"},"wordCount":189,"commentCount":26,"publisher":{"@id":"http:\/\/acltf.org\/wordpressacltf\/#organization"},"articleSection":["Noticias"],"inLanguage":"es","potentialAction":[{"@type":"CommentAction","name":"Comment","target":["https:\/\/acltf.org\/wordpressacltf\/2019\/03\/21\/seminario-hipnosis-ericksoniana-con-agusti-camino-en-valladolid\/#respond"]}]},{"@type":"WebPage","@id":"https:\/\/acltf.org\/wordpressacltf\/2019\/03\/21\/seminario-hipnosis-ericksoniana-con-agusti-camino-en-valladolid\/","url":"https:\/\/acltf.org\/wordpressacltf\/2019\/03\/21\/seminario-hipnosis-ericksoniana-con-agusti-camino-en-valladolid\/","name":"Seminario Hipnosis Ericksoniana con Agust\u00ed Camino en Valladolid - Asociaci\u00f3n Castellano Leonesa de Terapia Familiar","isPartOf":{"@id":"http:\/\/acltf.org\/wordpressacltf\/#website"},"datePublished":"2019-03-21T17:30:37+00:00","dateModified":"2019-09-17T07:36:56+00:00","breadcrumb":{"@id":"https:\/\/acltf.org\/wordpressacltf\/2019\/03\/21\/seminario-hipnosis-ericksoniana-con-agusti-camino-en-valladolid\/#breadcrumb"},"inLanguage":"es","potentialAction":[{"@type":"ReadAction","target":["https:\/\/acltf.org\/wordpressacltf\/2019\/03\/21\/seminario-hipnosis-ericksoniana-con-agusti-camino-en-valladolid\/"]}]},{"@type":"BreadcrumbList","@id":"https:\/\/acltf.org\/wordpressacltf\/2019\/03\/21\/seminario-hipnosis-ericksoniana-con-agusti-camino-en-valladolid\/#breadcrumb","itemListElement":[{"@type":"ListItem","position":1,"name":"Portada","item":"http:\/\/acltf.org\/wordpressacltf\/"},{"@type":"ListItem","position":2,"name":"Seminario Hipnosis Ericksoniana con Agust\u00ed Camino en Valladolid"}]},{"@type":"WebSite","@id":"http:\/\/acltf.org\/wordpressacltf\/#website","url":"http:\/\/acltf.org\/wordpressacltf\/","name":"Asociaci\u00f3n Castellano Leonesa de Terapia Familiar","description":"Asociaci\u00f3n de Terapia Familiar","publisher":{"@id":"http:\/\/acltf.org\/wordpressacltf\/#organization"},"potentialAction":[{"@type":"SearchAction","target":{"@type":"EntryPoint","urlTemplate":"http:\/\/acltf.org\/wordpressacltf\/?s={search_term_string}"},"query-input":"required name=search_term_string"}],"inLanguage":"es"},{"@type":"Organization","@id":"http:\/\/acltf.org\/wordpressacltf\/#organization","name":"acltf","url":"http:\/\/acltf.org\/wordpressacltf\/","logo":{"@type":"ImageObject","inLanguage":"es","@id":"http:\/\/acltf.org\/wordpressacltf\/#\/schema\/logo\/image\/","url":"http:\/\/acltf.org\/wordpressacltf\/wp-content\/uploads\/2015\/05\/Logo250.png","contentUrl":"http:\/\/acltf.org\/wordpressacltf\/wp-content\/uploads\/2015\/05\/Logo250.png","width":250,"height":250,"caption":"acltf"},"image":{"@id":"http:\/\/acltf.org\/wordpressacltf\/#\/schema\/logo\/image\/"},"sameAs":["https:\/\/www.facebook.com\/pages\/Asociaci\u00f3n-Castellano-Leonesa-de-Terapia-Familiar\/820904984647986?fref=ts"]},{"@type":"Person","@id":"http:\/\/acltf.org\/wordpressacltf\/#\/schema\/person\/b6c564ade2d2bb9314129dcb39e0e683","name":"acltf","image":{"@type":"ImageObject","inLanguage":"es","@id":"http:\/\/acltf.org\/wordpressacltf\/#\/schema\/person\/image\/","url":"http:\/\/2.gravatar.com\/avatar\/e02eb9fac6bef8ad5fde1db30df7d020?s=96&d=mm&r=g","contentUrl":"http:\/\/2.gravatar.com\/avatar\/e02eb9fac6bef8ad5fde1db30df7d020?s=96&d=mm&r=g","caption":"acltf"},"description":"Asociaci\u00f3n de Terapia Familiar de Castilla y Le\u00f3n info@acltf.org","url":"http:\/\/acltf.org\/wordpressacltf\/author\/acltf\/"}]}},"jetpack_featured_media_url":"https:\/\/i0.wp.com\/acltf.org\/wordpressacltf\/wp-content\/uploads\/2019\/03\/IMG-20190320-WA0027.jpg?fit=1600%2C1200","jetpack_sharing_enabled":true,"jetpack_shortlink":"https:\/\/wp.me\/p6UE5O-9K","jetpack_likes_enabled":true,"_links":{"self":[{"href":"http:\/\/acltf.org\/wordpressacltf\/wp-json\/wp\/v2\/posts\/604"}],"collection":[{"href":"http:\/\/acltf.org\/wordpressacltf\/wp-json\/wp\/v2\/posts"}],"about":[{"href":"http:\/\/acltf.org\/wordpressacltf\/wp-json\/wp\/v2\/types\/post"}],"author":[{"embeddable":true,"href":"http:\/\/acltf.org\/wordpressacltf\/wp-json\/wp\/v2\/users\/1"}],"replies":[{"embeddable":true,"href":"http:\/\/acltf.org\/wordpressacltf\/wp-json\/wp\/v2\/comments?post=604"}],"version-history":[{"count":7,"href":"http:\/\/acltf.org\/wordpressacltf\/wp-json\/wp\/v2\/posts\/604\/revisions"}],"predecessor-version":[{"id":628,"href":"http:\/\/acltf.org\/wordpressacltf\/wp-json\/wp\/v2\/posts\/604\/revisions\/628"}],"wp:featuredmedia":[{"embeddable":true,"href":"http:\/\/acltf.org\/wordpressacltf\/wp-json\/wp\/v2\/media\/613"}],"wp:attachment":[{"href":"http:\/\/acltf.org\/wordpressacltf\/wp-json\/wp\/v2\/media?parent=604"}],"wp:term":[{"taxonomy":"category","embeddable":true,"href":"http:\/\/acltf.org\/wordpressacltf\/wp-json\/wp\/v2\/categories?post=604"},{"taxonomy":"post_tag","embeddable":true,"href":"http:\/\/acltf.org\/wordpressacltf\/wp-json\/wp\/v2\/tags?post=604"}],"curies":[{"name":"wp","href":"https:\/\/api.w.org\/{rel}","templated":true}]}}