{"id":630,"date":"2019-09-17T10:32:07","date_gmt":"2019-09-17T08:32:07","guid":{"rendered":"http:\/\/acltf.org\/wordpressacltf\/?p=630"},"modified":"2019-09-19T17:25:57","modified_gmt":"2019-09-19T15:25:57","slug":"queda-muy-poco-xxxix-jornadas-nacionales-de-terapia-familiar","status":"publish","type":"post","link":"http:\/\/acltf.org\/wordpressacltf\/2019\/09\/17\/queda-muy-poco-xxxix-jornadas-nacionales-de-terapia-familiar\/","title":{"rendered":"\u00a1QUEDA MUY POCO! XXXIX JORNADAS NACIONALES DE TERAPIA FAMILIAR."},"content":{"rendered":"\n<p>8 y 9 de NOVIEMBRE 2019. SANTIAGO DE COMPOSTELA<\/p>\n\n\n\n<div class=\"wp-block-image\"><figure class=\"alignleft\"><img decoding=\"async\" loading=\"lazy\" width=\"1215\" height=\"650\" src=\"https:\/\/i0.wp.com\/acltf.org\/wordpressacltf\/wp-content\/uploads\/2019\/09\/fachada_catedral_1-1.jpg?fit=545%2C292\" alt=\"\" class=\"wp-image-636\" srcset=\"https:\/\/i0.wp.com\/acltf.org\/wordpressacltf\/wp-content\/uploads\/2019\/09\/fachada_catedral_1-1.jpg?w=1215 1215w, https:\/\/i0.wp.com\/acltf.org\/wordpressacltf\/wp-content\/uploads\/2019\/09\/fachada_catedral_1-1.jpg?resize=300%2C160 300w, https:\/\/i0.wp.com\/acltf.org\/wordpressacltf\/wp-content\/uploads\/2019\/09\/fachada_catedral_1-1.jpg?resize=768%2C411 768w, https:\/\/i0.wp.com\/acltf.org\/wordpressacltf\/wp-content\/uploads\/2019\/09\/fachada_catedral_1-1.jpg?resize=1024%2C548 1024w, https:\/\/i0.wp.com\/acltf.org\/wordpressacltf\/wp-content\/uploads\/2019\/09\/fachada_catedral_1-1.jpg?resize=220%2C118 220w, https:\/\/i0.wp.com\/acltf.org\/wordpressacltf\/wp-content\/uploads\/2019\/09\/fachada_catedral_1-1.jpg?resize=187%2C100 187w, https:\/\/i0.wp.com\/acltf.org\/wordpressacltf\/wp-content\/uploads\/2019\/09\/fachada_catedral_1-1.jpg?resize=453%2C242 453w, https:\/\/i0.wp.com\/acltf.org\/wordpressacltf\/wp-content\/uploads\/2019\/09\/fachada_catedral_1-1.jpg?w=1090 1090w\" sizes=\"(max-width: 545px) 100vw, 545px\" \/><\/figure><\/div>\n\n\n\n<p>Tras el t\u00edtulo &#8220;Cruce de Caminos, los factores comunes en terapia familiar&#8221; se organizan las pr\u00f3ximas jornadas nacionales de terapia familiar en la bell\u00edsima ciudad de Santiago de Compostela (Galicia).<\/p>\n\n\n\n<p>Ser\u00e1 un encuentro donde los diferentes modelos de terapia familiar podr\u00e1n hablar en boca de sus ponentes, mostrando como se articulan en el trabajo psicoterap\u00e9utico para buscar una complementariedad que genere el tan deseado cambio.<\/p>\n\n\n\n<p>Sin duda, participar de ellas es una ocasi\u00f3n para acercarse al trabajo de grandes profesionales de nuestro pa\u00eds y pa\u00edses vecinos Italia y Portugal. Ten\u00e9is toda la informaci\u00f3n para formar parte de estas jornadas en la web oficial. <\/p>\n\n\n\n<p><a href=\"https:\/\/jntf2019.es\">https:\/\/jntf2019.es<\/a><\/p>\n\n\n\n<p><a href=\"https:\/\/jntf2019.es\/programa\/\">https:\/\/jntf2019.es\/programa\/<\/a><\/p>\n\n\n\n<p>Qu\u00e9 suene la m\u00fasica y a disfrutar de la magia gallega!<\/p>\n<a class=\"synved-social-button synved-social-button-follow synved-social-size-48 synved-social-resolution-single synved-social-provider-facebook nolightbox\" data-provider=\"facebook\" target=\"_blank\" rel=\"nofollow\" title=\"Follow us on Facebook\" href=\"https:\/\/www.facebook.com\/facebook\" style=\"font-size: 0px;width:48px;height:48px;margin:0;margin-bottom:5px;margin-right:5px\"><img alt=\"Facebook\" title=\"Follow us on Facebook\" class=\"synved-share-image synved-social-image synved-social-image-follow\" width=\"48\" height=\"48\" style=\"display: inline;width:48px;height:48px;margin: 0;padding: 0;border: none\" src=\"https:\/\/i0.wp.com\/acltf.org\/wordpressacltf\/wp-content\/plugins\/social-media-feather\/synved-social\/image\/social\/regular\/96x96\/facebook.png?resize=48%2C48\" data-recalc-dims=\"1\" \/><\/a><a class=\"synved-social-button synved-social-button-follow synved-social-size-48 synved-social-resolution-single synved-social-provider-twitter nolightbox\" data-provider=\"twitter\" target=\"_blank\" rel=\"nofollow\" title=\"Follow us on Twitter\" href=\"https:\/\/twitter.com\/twitter\" style=\"font-size: 0px;width:48px;height:48px;margin:0;margin-bottom:5px;margin-right:5px\"><img alt=\"twitter\" title=\"Follow us on Twitter\" class=\"synved-share-image synved-social-image synved-social-image-follow\" width=\"48\" height=\"48\" style=\"display: inline;width:48px;height:48px;margin: 0;padding: 0;border: none\" src=\"https:\/\/i0.wp.com\/acltf.org\/wordpressacltf\/wp-content\/plugins\/social-media-feather\/synved-social\/image\/social\/regular\/96x96\/twitter.png?resize=48%2C48\" data-recalc-dims=\"1\" \/><\/a><a class=\"synved-social-button synved-social-button-follow synved-social-size-48 synved-social-resolution-single synved-social-provider-linkedin nolightbox\" data-provider=\"linkedin\" target=\"_blank\" rel=\"nofollow\" title=\"Find us on Linkedin\" href=\"https:\/\/www.linkedin.com\/in\/yourid\" style=\"font-size: 0px;width:48px;height:48px;margin:0;margin-bottom:5px;margin-right:5px\"><img alt=\"linkedin\" title=\"Find us on Linkedin\" class=\"synved-share-image synved-social-image synved-social-image-follow\" width=\"48\" height=\"48\" style=\"display: inline;width:48px;height:48px;margin: 0;padding: 0;border: none\" src=\"https:\/\/i0.wp.com\/acltf.org\/wordpressacltf\/wp-content\/plugins\/social-media-feather\/synved-social\/image\/social\/regular\/96x96\/linkedin.png?resize=48%2C48\" data-recalc-dims=\"1\" \/><\/a><a class=\"synved-social-button synved-social-button-follow synved-social-size-48 synved-social-resolution-single synved-social-provider-instagram nolightbox\" data-provider=\"instagram\" target=\"_blank\" rel=\"nofollow\" title=\"Check out our instagram feed\" href=\"https:\/\/instagram.com\/myusername\" style=\"font-size: 0px;width:48px;height:48px;margin:0;margin-bottom:5px;margin-right:5px\"><img alt=\"instagram\" title=\"Check out our instagram feed\" class=\"synved-share-image synved-social-image synved-social-image-follow\" width=\"48\" height=\"48\" style=\"display: inline;width:48px;height:48px;margin: 0;padding: 0;border: none\" src=\"https:\/\/i0.wp.com\/acltf.org\/wordpressacltf\/wp-content\/plugins\/social-media-feather\/synved-social\/image\/social\/regular\/96x96\/instagram.png?resize=48%2C48\" data-recalc-dims=\"1\" \/><\/a><a class=\"synved-social-button synved-social-button-follow synved-social-size-48 synved-social-resolution-single synved-social-provider-flickr nolightbox\" data-provider=\"flickr\" target=\"_blank\" rel=\"nofollow\" title=\"Check out our flickr feed\" href=\"https:\/\/www.flickr.com\/photos\/myusername\/\" style=\"font-size: 0px;width:48px;height:48px;margin:0;margin-bottom:5px;margin-right:5px\"><img alt=\"flickr\" title=\"Check out our flickr feed\" class=\"synved-share-image synved-social-image synved-social-image-follow\" width=\"48\" height=\"48\" style=\"display: inline;width:48px;height:48px;margin: 0;padding: 0;border: none\" src=\"https:\/\/i0.wp.com\/acltf.org\/wordpressacltf\/wp-content\/plugins\/social-media-feather\/synved-social\/image\/social\/regular\/96x96\/flickr.png?resize=48%2C48\" data-recalc-dims=\"1\" \/><\/a><a class=\"synved-social-button synved-social-button-follow synved-social-size-48 synved-social-resolution-single synved-social-provider-foursquare nolightbox\" data-provider=\"foursquare\" target=\"_blank\" rel=\"nofollow\" title=\"Check out our foursquare feed\" href=\"https:\/\/foursquare.com\/myusername\" style=\"font-size: 0px;width:48px;height:48px;margin:0;margin-bottom:5px;margin-right:5px\"><img alt=\"foursquare\" title=\"Check out our foursquare feed\" class=\"synved-share-image synved-social-image synved-social-image-follow\" width=\"48\" height=\"48\" style=\"display: inline;width:48px;height:48px;margin: 0;padding: 0;border: none\" src=\"https:\/\/i0.wp.com\/acltf.org\/wordpressacltf\/wp-content\/plugins\/social-media-feather\/synved-social\/image\/social\/regular\/96x96\/foursquare.png?resize=48%2C48\" data-recalc-dims=\"1\" \/><\/a><a class=\"synved-social-button synved-social-button-follow synved-social-size-48 synved-social-resolution-single synved-social-provider-mail nolightbox\" data-provider=\"mail\" rel=\"nofollow\" title=\"Contact Us\" href=\"mailto:mail@example.com?subject=Contact%20Request\" style=\"font-size: 0px;width:48px;height:48px;margin:0;margin-bottom:5px\"><img alt=\"mail\" title=\"Contact Us\" class=\"synved-share-image synved-social-image synved-social-image-follow\" width=\"48\" height=\"48\" style=\"display: inline;width:48px;height:48px;margin: 0;padding: 0;border: none\" src=\"https:\/\/i0.wp.com\/acltf.org\/wordpressacltf\/wp-content\/plugins\/social-media-feather\/synved-social\/image\/social\/regular\/96x96\/mail.png?resize=48%2C48\" data-recalc-dims=\"1\" \/><\/a>","protected":false},"excerpt":{"rendered":"<p>8 y 9 de NOVIEMBRE 2019. SANTIAGO DE COMPOSTELA Tras el t\u00edtulo &#8220;Cruce de Caminos, los factores comunes en terapia familiar&#8221; se organizan las pr\u00f3ximas jornadas nacionales de terapia familiar en la bell\u00edsima ciudad de Santiago de Compostela (Galicia). Ser\u00e1 un encuentro donde los diferentes modelos de terapia familiar podr\u00e1n hablar en boca de sus [&hellip;]<\/p>\n","protected":false},"author":1,"featured_media":629,"comment_status":"open","ping_status":"open","sticky":false,"template":"","format":"standard","meta":{"jetpack_post_was_ever_published":false,"_jetpack_newsletter_access":"","_jetpack_newsletter_tier_id":0,"jetpack_publicize_message":"","jetpack_is_tweetstorm":false,"jetpack_publicize_feature_enabled":true,"jetpack_social_post_already_shared":true,"jetpack_social_options":{"image_generator_settings":{"template":"highway","enabled":false}}},"categories":[6],"tags":[8,9,10,7],"jetpack_publicize_connections":[],"yoast_head":"<!-- This site is optimized with the Yoast SEO plugin v21.8.1 - https:\/\/yoast.com\/wordpress\/plugins\/seo\/ -->\n<title>\u00a1QUEDA MUY POCO! XXXIX JORNADAS NACIONALES DE TERAPIA FAMILIAR. - Asociaci\u00f3n Castellano Leonesa de Terapia Familiar<\/title>\n<meta name=\"robots\" content=\"index, follow, max-snippet:-1, max-image-preview:large, max-video-preview:-1\" \/>\n<link rel=\"canonical\" href=\"https:\/\/acltf.org\/wordpressacltf\/2019\/09\/17\/queda-muy-poco-xxxix-jornadas-nacionales-de-terapia-familiar\/\" \/>\n<meta property=\"og:locale\" content=\"es_ES\" \/>\n<meta property=\"og:type\" content=\"article\" \/>\n<meta property=\"og:title\" content=\"\u00a1QUEDA MUY POCO! XXXIX JORNADAS NACIONALES DE TERAPIA FAMILIAR. - Asociaci\u00f3n Castellano Leonesa de Terapia Familiar\" \/>\n<meta property=\"og:description\" content=\"8 y 9 de NOVIEMBRE 2019. SANTIAGO DE COMPOSTELA Tras el t\u00edtulo &#8220;Cruce de Caminos, los factores comunes en terapia familiar&#8221; se organizan las pr\u00f3ximas jornadas nacionales de terapia familiar en la bell\u00edsima ciudad de Santiago de Compostela (Galicia). Ser\u00e1 un encuentro donde los diferentes modelos de terapia familiar podr\u00e1n hablar en boca de sus [&hellip;]\" \/>\n<meta property=\"og:url\" content=\"https:\/\/acltf.org\/wordpressacltf\/2019\/09\/17\/queda-muy-poco-xxxix-jornadas-nacionales-de-terapia-familiar\/\" \/>\n<meta property=\"og:site_name\" content=\"Asociaci\u00f3n Castellano Leonesa de Terapia Familiar\" \/>\n<meta property=\"article:publisher\" content=\"https:\/\/www.facebook.com\/pages\/Asociaci%c3%b3n-Castellano-Leonesa-de-Terapia-Familiar\/820904984647986?fref=ts\" \/>\n<meta property=\"article:published_time\" content=\"2019-09-17T08:32:07+00:00\" \/>\n<meta property=\"article:modified_time\" content=\"2019-09-19T15:25:57+00:00\" \/>\n<meta property=\"og:image\" content=\"https:\/\/i0.wp.com\/acltf.org\/wordpressacltf\/wp-content\/uploads\/2019\/09\/Programa_Jornadas_CAS_P\u00e1gina_1-e1568709007789.jpg?fit=942%2C476&ssl=1\" \/>\n\t<meta property=\"og:image:width\" content=\"942\" \/>\n\t<meta property=\"og:image:height\" content=\"476\" \/>\n\t<meta property=\"og:image:type\" content=\"image\/jpeg\" \/>\n<meta name=\"author\" content=\"acltf\" \/>\n<meta name=\"twitter:card\" content=\"summary_large_image\" \/>\n<meta name=\"twitter:label1\" content=\"Escrito por\" \/>\n\t<meta name=\"twitter:data1\" content=\"acltf\" \/>\n\t<meta name=\"twitter:label2\" content=\"Tiempo de lectura\" \/>\n\t<meta name=\"twitter:data2\" content=\"1 minuto\" \/>\n<script type=\"application\/ld+json\" class=\"yoast-schema-graph\">{\"@context\":\"https:\/\/schema.org\",\"@graph\":[{\"@type\":\"Article\",\"@id\":\"https:\/\/acltf.org\/wordpressacltf\/2019\/09\/17\/queda-muy-poco-xxxix-jornadas-nacionales-de-terapia-familiar\/#article\",\"isPartOf\":{\"@id\":\"https:\/\/acltf.org\/wordpressacltf\/2019\/09\/17\/queda-muy-poco-xxxix-jornadas-nacionales-de-terapia-familiar\/\"},\"author\":{\"name\":\"acltf\",\"@id\":\"http:\/\/acltf.org\/wordpressacltf\/#\/schema\/person\/b6c564ade2d2bb9314129dcb39e0e683\"},\"headline\":\"\u00a1QUEDA MUY POCO! XXXIX JORNADAS NACIONALES DE TERAPIA FAMILIAR.\",\"datePublished\":\"2019-09-17T08:32:07+00:00\",\"dateModified\":\"2019-09-19T15:25:57+00:00\",\"mainEntityOfPage\":{\"@id\":\"https:\/\/acltf.org\/wordpressacltf\/2019\/09\/17\/queda-muy-poco-xxxix-jornadas-nacionales-de-terapia-familiar\/\"},\"wordCount\":147,\"commentCount\":21,\"publisher\":{\"@id\":\"http:\/\/acltf.org\/wordpressacltf\/#organization\"},\"keywords\":[\"formaci\u00f3n terapia\",\"jornadas terapia\",\"santiago compostela terapia\",\"terapia familiar\"],\"articleSection\":[\"Noticias\"],\"inLanguage\":\"es\",\"potentialAction\":[{\"@type\":\"CommentAction\",\"name\":\"Comment\",\"target\":[\"https:\/\/acltf.org\/wordpressacltf\/2019\/09\/17\/queda-muy-poco-xxxix-jornadas-nacionales-de-terapia-familiar\/#respond\"]}]},{\"@type\":\"WebPage\",\"@id\":\"https:\/\/acltf.org\/wordpressacltf\/2019\/09\/17\/queda-muy-poco-xxxix-jornadas-nacionales-de-terapia-familiar\/\",\"url\":\"https:\/\/acltf.org\/wordpressacltf\/2019\/09\/17\/queda-muy-poco-xxxix-jornadas-nacionales-de-terapia-familiar\/\",\"name\":\"\u00a1QUEDA MUY POCO! XXXIX JORNADAS NACIONALES DE TERAPIA FAMILIAR. - Asociaci\u00f3n Castellano Leonesa de Terapia Familiar\",\"isPartOf\":{\"@id\":\"http:\/\/acltf.org\/wordpressacltf\/#website\"},\"datePublished\":\"2019-09-17T08:32:07+00:00\",\"dateModified\":\"2019-09-19T15:25:57+00:00\",\"breadcrumb\":{\"@id\":\"https:\/\/acltf.org\/wordpressacltf\/2019\/09\/17\/queda-muy-poco-xxxix-jornadas-nacionales-de-terapia-familiar\/#breadcrumb\"},\"inLanguage\":\"es\",\"potentialAction\":[{\"@type\":\"ReadAction\",\"target\":[\"https:\/\/acltf.org\/wordpressacltf\/2019\/09\/17\/queda-muy-poco-xxxix-jornadas-nacionales-de-terapia-familiar\/\"]}]},{\"@type\":\"BreadcrumbList\",\"@id\":\"https:\/\/acltf.org\/wordpressacltf\/2019\/09\/17\/queda-muy-poco-xxxix-jornadas-nacionales-de-terapia-familiar\/#breadcrumb\",\"itemListElement\":[{\"@type\":\"ListItem\",\"position\":1,\"name\":\"Portada\",\"item\":\"http:\/\/acltf.org\/wordpressacltf\/\"},{\"@type\":\"ListItem\",\"position\":2,\"name\":\"\u00a1QUEDA MUY POCO! XXXIX JORNADAS NACIONALES DE TERAPIA FAMILIAR.\"}]},{\"@type\":\"WebSite\",\"@id\":\"http:\/\/acltf.org\/wordpressacltf\/#website\",\"url\":\"http:\/\/acltf.org\/wordpressacltf\/\",\"name\":\"Asociaci\u00f3n Castellano Leonesa de Terapia Familiar\",\"description\":\"Asociaci\u00f3n de Terapia Familiar\",\"publisher\":{\"@id\":\"http:\/\/acltf.org\/wordpressacltf\/#organization\"},\"potentialAction\":[{\"@type\":\"SearchAction\",\"target\":{\"@type\":\"EntryPoint\",\"urlTemplate\":\"http:\/\/acltf.org\/wordpressacltf\/?s={search_term_string}\"},\"query-input\":\"required name=search_term_string\"}],\"inLanguage\":\"es\"},{\"@type\":\"Organization\",\"@id\":\"http:\/\/acltf.org\/wordpressacltf\/#organization\",\"name\":\"acltf\",\"url\":\"http:\/\/acltf.org\/wordpressacltf\/\",\"logo\":{\"@type\":\"ImageObject\",\"inLanguage\":\"es\",\"@id\":\"http:\/\/acltf.org\/wordpressacltf\/#\/schema\/logo\/image\/\",\"url\":\"http:\/\/acltf.org\/wordpressacltf\/wp-content\/uploads\/2015\/05\/Logo250.png\",\"contentUrl\":\"http:\/\/acltf.org\/wordpressacltf\/wp-content\/uploads\/2015\/05\/Logo250.png\",\"width\":250,\"height\":250,\"caption\":\"acltf\"},\"image\":{\"@id\":\"http:\/\/acltf.org\/wordpressacltf\/#\/schema\/logo\/image\/\"},\"sameAs\":[\"https:\/\/www.facebook.com\/pages\/Asociaci\u00f3n-Castellano-Leonesa-de-Terapia-Familiar\/820904984647986?fref=ts\"]},{\"@type\":\"Person\",\"@id\":\"http:\/\/acltf.org\/wordpressacltf\/#\/schema\/person\/b6c564ade2d2bb9314129dcb39e0e683\",\"name\":\"acltf\",\"image\":{\"@type\":\"ImageObject\",\"inLanguage\":\"es\",\"@id\":\"http:\/\/acltf.org\/wordpressacltf\/#\/schema\/person\/image\/\",\"url\":\"http:\/\/2.gravatar.com\/avatar\/e02eb9fac6bef8ad5fde1db30df7d020?s=96&d=mm&r=g\",\"contentUrl\":\"http:\/\/2.gravatar.com\/avatar\/e02eb9fac6bef8ad5fde1db30df7d020?s=96&d=mm&r=g\",\"caption\":\"acltf\"},\"description\":\"Asociaci\u00f3n de Terapia Familiar de Castilla y Le\u00f3n info@acltf.org\",\"url\":\"http:\/\/acltf.org\/wordpressacltf\/author\/acltf\/\"}]}<\/script>\n<!-- \/ Yoast SEO plugin. -->","yoast_head_json":{"title":"\u00a1QUEDA MUY POCO! XXXIX JORNADAS NACIONALES DE TERAPIA FAMILIAR. - Asociaci\u00f3n Castellano Leonesa de Terapia Familiar","robots":{"index":"index","follow":"follow","max-snippet":"max-snippet:-1","max-image-preview":"max-image-preview:large","max-video-preview":"max-video-preview:-1"},"canonical":"https:\/\/acltf.org\/wordpressacltf\/2019\/09\/17\/queda-muy-poco-xxxix-jornadas-nacionales-de-terapia-familiar\/","og_locale":"es_ES","og_type":"article","og_title":"\u00a1QUEDA MUY POCO! XXXIX JORNADAS NACIONALES DE TERAPIA FAMILIAR. - Asociaci\u00f3n Castellano Leonesa de Terapia Familiar","og_description":"8 y 9 de NOVIEMBRE 2019. SANTIAGO DE COMPOSTELA Tras el t\u00edtulo &#8220;Cruce de Caminos, los factores comunes en terapia familiar&#8221; se organizan las pr\u00f3ximas jornadas nacionales de terapia familiar en la bell\u00edsima ciudad de Santiago de Compostela (Galicia). Ser\u00e1 un encuentro donde los diferentes modelos de terapia familiar podr\u00e1n hablar en boca de sus [&hellip;]","og_url":"https:\/\/acltf.org\/wordpressacltf\/2019\/09\/17\/queda-muy-poco-xxxix-jornadas-nacionales-de-terapia-familiar\/","og_site_name":"Asociaci\u00f3n Castellano Leonesa de Terapia Familiar","article_publisher":"https:\/\/www.facebook.com\/pages\/Asociaci%c3%b3n-Castellano-Leonesa-de-Terapia-Familiar\/820904984647986?fref=ts","article_published_time":"2019-09-17T08:32:07+00:00","article_modified_time":"2019-09-19T15:25:57+00:00","og_image":[{"width":942,"height":476,"url":"https:\/\/i0.wp.com\/acltf.org\/wordpressacltf\/wp-content\/uploads\/2019\/09\/Programa_Jornadas_CAS_P\u00e1gina_1-e1568709007789.jpg?fit=942%2C476&ssl=1","type":"image\/jpeg"}],"author":"acltf","twitter_card":"summary_large_image","twitter_misc":{"Escrito por":"acltf","Tiempo de lectura":"1 minuto"},"schema":{"@context":"https:\/\/schema.org","@graph":[{"@type":"Article","@id":"https:\/\/acltf.org\/wordpressacltf\/2019\/09\/17\/queda-muy-poco-xxxix-jornadas-nacionales-de-terapia-familiar\/#article","isPartOf":{"@id":"https:\/\/acltf.org\/wordpressacltf\/2019\/09\/17\/queda-muy-poco-xxxix-jornadas-nacionales-de-terapia-familiar\/"},"author":{"name":"acltf","@id":"http:\/\/acltf.org\/wordpressacltf\/#\/schema\/person\/b6c564ade2d2bb9314129dcb39e0e683"},"headline":"\u00a1QUEDA MUY POCO! XXXIX JORNADAS NACIONALES DE TERAPIA FAMILIAR.","datePublished":"2019-09-17T08:32:07+00:00","dateModified":"2019-09-19T15:25:57+00:00","mainEntityOfPage":{"@id":"https:\/\/acltf.org\/wordpressacltf\/2019\/09\/17\/queda-muy-poco-xxxix-jornadas-nacionales-de-terapia-familiar\/"},"wordCount":147,"commentCount":21,"publisher":{"@id":"http:\/\/acltf.org\/wordpressacltf\/#organization"},"keywords":["formaci\u00f3n terapia","jornadas terapia","santiago compostela terapia","terapia familiar"],"articleSection":["Noticias"],"inLanguage":"es","potentialAction":[{"@type":"CommentAction","name":"Comment","target":["https:\/\/acltf.org\/wordpressacltf\/2019\/09\/17\/queda-muy-poco-xxxix-jornadas-nacionales-de-terapia-familiar\/#respond"]}]},{"@type":"WebPage","@id":"https:\/\/acltf.org\/wordpressacltf\/2019\/09\/17\/queda-muy-poco-xxxix-jornadas-nacionales-de-terapia-familiar\/","url":"https:\/\/acltf.org\/wordpressacltf\/2019\/09\/17\/queda-muy-poco-xxxix-jornadas-nacionales-de-terapia-familiar\/","name":"\u00a1QUEDA MUY POCO! XXXIX JORNADAS NACIONALES DE TERAPIA FAMILIAR. - Asociaci\u00f3n Castellano Leonesa de Terapia Familiar","isPartOf":{"@id":"http:\/\/acltf.org\/wordpressacltf\/#website"},"datePublished":"2019-09-17T08:32:07+00:00","dateModified":"2019-09-19T15:25:57+00:00","breadcrumb":{"@id":"https:\/\/acltf.org\/wordpressacltf\/2019\/09\/17\/queda-muy-poco-xxxix-jornadas-nacionales-de-terapia-familiar\/#breadcrumb"},"inLanguage":"es","potentialAction":[{"@type":"ReadAction","target":["https:\/\/acltf.org\/wordpressacltf\/2019\/09\/17\/queda-muy-poco-xxxix-jornadas-nacionales-de-terapia-familiar\/"]}]},{"@type":"BreadcrumbList","@id":"https:\/\/acltf.org\/wordpressacltf\/2019\/09\/17\/queda-muy-poco-xxxix-jornadas-nacionales-de-terapia-familiar\/#breadcrumb","itemListElement":[{"@type":"ListItem","position":1,"name":"Portada","item":"http:\/\/acltf.org\/wordpressacltf\/"},{"@type":"ListItem","position":2,"name":"\u00a1QUEDA MUY POCO! XXXIX JORNADAS NACIONALES DE TERAPIA FAMILIAR."}]},{"@type":"WebSite","@id":"http:\/\/acltf.org\/wordpressacltf\/#website","url":"http:\/\/acltf.org\/wordpressacltf\/","name":"Asociaci\u00f3n Castellano Leonesa de Terapia Familiar","description":"Asociaci\u00f3n de Terapia Familiar","publisher":{"@id":"http:\/\/acltf.org\/wordpressacltf\/#organization"},"potentialAction":[{"@type":"SearchAction","target":{"@type":"EntryPoint","urlTemplate":"http:\/\/acltf.org\/wordpressacltf\/?s={search_term_string}"},"query-input":"required name=search_term_string"}],"inLanguage":"es"},{"@type":"Organization","@id":"http:\/\/acltf.org\/wordpressacltf\/#organization","name":"acltf","url":"http:\/\/acltf.org\/wordpressacltf\/","logo":{"@type":"ImageObject","inLanguage":"es","@id":"http:\/\/acltf.org\/wordpressacltf\/#\/schema\/logo\/image\/","url":"http:\/\/acltf.org\/wordpressacltf\/wp-content\/uploads\/2015\/05\/Logo250.png","contentUrl":"http:\/\/acltf.org\/wordpressacltf\/wp-content\/uploads\/2015\/05\/Logo250.png","width":250,"height":250,"caption":"acltf"},"image":{"@id":"http:\/\/acltf.org\/wordpressacltf\/#\/schema\/logo\/image\/"},"sameAs":["https:\/\/www.facebook.com\/pages\/Asociaci\u00f3n-Castellano-Leonesa-de-Terapia-Familiar\/820904984647986?fref=ts"]},{"@type":"Person","@id":"http:\/\/acltf.org\/wordpressacltf\/#\/schema\/person\/b6c564ade2d2bb9314129dcb39e0e683","name":"acltf","image":{"@type":"ImageObject","inLanguage":"es","@id":"http:\/\/acltf.org\/wordpressacltf\/#\/schema\/person\/image\/","url":"http:\/\/2.gravatar.com\/avatar\/e02eb9fac6bef8ad5fde1db30df7d020?s=96&d=mm&r=g","contentUrl":"http:\/\/2.gravatar.com\/avatar\/e02eb9fac6bef8ad5fde1db30df7d020?s=96&d=mm&r=g","caption":"acltf"},"description":"Asociaci\u00f3n de Terapia Familiar de Castilla y Le\u00f3n info@acltf.org","url":"http:\/\/acltf.org\/wordpressacltf\/author\/acltf\/"}]}},"jetpack_featured_media_url":"https:\/\/i0.wp.com\/acltf.org\/wordpressacltf\/wp-content\/uploads\/2019\/09\/Programa_Jornadas_CAS_P\u00e1gina_1-e1568709007789.jpg?fit=942%2C476","jetpack_sharing_enabled":true,"jetpack_shortlink":"https:\/\/wp.me\/p6UE5O-aa","jetpack_likes_enabled":true,"_links":{"self":[{"href":"http:\/\/acltf.org\/wordpressacltf\/wp-json\/wp\/v2\/posts\/630"}],"collection":[{"href":"http:\/\/acltf.org\/wordpressacltf\/wp-json\/wp\/v2\/posts"}],"about":[{"href":"http:\/\/acltf.org\/wordpressacltf\/wp-json\/wp\/v2\/types\/post"}],"author":[{"embeddable":true,"href":"http:\/\/acltf.org\/wordpressacltf\/wp-json\/wp\/v2\/users\/1"}],"replies":[{"embeddable":true,"href":"http:\/\/acltf.org\/wordpressacltf\/wp-json\/wp\/v2\/comments?post=630"}],"version-history":[{"count":9,"href":"http:\/\/acltf.org\/wordpressacltf\/wp-json\/wp\/v2\/posts\/630\/revisions"}],"predecessor-version":[{"id":648,"href":"http:\/\/acltf.org\/wordpressacltf\/wp-json\/wp\/v2\/posts\/630\/revisions\/648"}],"wp:featuredmedia":[{"embeddable":true,"href":"http:\/\/acltf.org\/wordpressacltf\/wp-json\/wp\/v2\/media\/629"}],"wp:attachment":[{"href":"http:\/\/acltf.org\/wordpressacltf\/wp-json\/wp\/v2\/media?parent=630"}],"wp:term":[{"taxonomy":"category","embeddable":true,"href":"http:\/\/acltf.org\/wordpressacltf\/wp-json\/wp\/v2\/categories?post=630"},{"taxonomy":"post_tag","embeddable":true,"href":"http:\/\/acltf.org\/wordpressacltf\/wp-json\/wp\/v2\/tags?post=630"}],"curies":[{"name":"wp","href":"https:\/\/api.w.org\/{rel}","templated":true}]}}