{"id":649,"date":"2019-09-17T11:07:55","date_gmt":"2019-09-17T09:07:55","guid":{"rendered":"http:\/\/acltf.org\/wordpressacltf\/?p=649"},"modified":"2019-09-19T17:25:33","modified_gmt":"2019-09-19T15:25:33","slug":"seguimos-adelante-con-la-asociacion-castellano-leonesa-de-terapia-familiar","status":"publish","type":"post","link":"http:\/\/acltf.org\/wordpressacltf\/2019\/09\/17\/seguimos-adelante-con-la-asociacion-castellano-leonesa-de-terapia-familiar\/","title":{"rendered":"Seguimos adelante con la Asociaci\u00f3n Castellano-Leonesa de Terapia Familiar"},"content":{"rendered":"\n<p>Estimados soci@s,<\/p>\n\n\n\n<p>Arrancamos despu\u00e9s del verano y os vamos a ir poniendo un poco al d\u00eda de las novedades de la Asociaci\u00f3n.<\/p>\n\n\n\n<p>Hace unos meses hubo cambio en la Junta Directiva, agradecer a Maria Teresa Rodr\u00edguez, Laura Mart\u00cdnez y Elena San Jos\u00e9 su trabajo y dedicaci\u00f3n estos \u00faltimos a\u00f1os. <\/p>\n\n\n\n<p>Renovamos parte de la Junta Directiva, con Manuel Martin Gonz\u00e1lez como Presidente, Jos\u00e9 Sevillano Rodr\u00edguez como Tesorero y Marta Gonz\u00e1lez Guti\u00e9rrez que se mantiene en la Secretar\u00eda. Si alguno de vosotros quiere colaborar, no dud\u00e9is en establecer contacto con nosotros, \u00a1NECESITAMOS LA AYUDA DE TODOS PARA CONTINUAR!<\/p>\n\n\n\n<p>En cuanto a formaci\u00f3n, alguno de vosotros ya se ha matriculado en las Jornadas Nacionales de Terapia Familiar que se celebran este a\u00f1o en Santiago de Compostela.<\/p>\n\n\n\n<p> Como a\u00f1os anteriores, queremos facilitar el contacto e intercambio entre los socios, si vais a ir y a\u00fan no os hab\u00e9is puesto en contacto con nosotros, pod\u00e9is dec\u00edrnoslo en este email o escribiendo al 629414531.<\/p>\n\n\n\n<p>Si ten\u00e9is alguna propuesta o sugerencia estamos abiertos a mejorar y seguir creciendo como Asociaci\u00f3n.<\/p>\n\n\n\n<p>Un saludo.<\/p>\n\n\n\n<p>La Junta Directiva<\/p>\n\n\n\n<figure class=\"wp-block-image\"><img decoding=\"async\" loading=\"lazy\" width=\"4128\" height=\"3096\" src=\"https:\/\/i0.wp.com\/acltf.org\/wordpressacltf\/wp-content\/uploads\/2019\/09\/20190316_163450.jpg?fit=545%2C409\" alt=\"\" class=\"wp-image-652\" srcset=\"https:\/\/i0.wp.com\/acltf.org\/wordpressacltf\/wp-content\/uploads\/2019\/09\/20190316_163450.jpg?w=4128 4128w, https:\/\/i0.wp.com\/acltf.org\/wordpressacltf\/wp-content\/uploads\/2019\/09\/20190316_163450.jpg?resize=300%2C225 300w, https:\/\/i0.wp.com\/acltf.org\/wordpressacltf\/wp-content\/uploads\/2019\/09\/20190316_163450.jpg?resize=768%2C576 768w, https:\/\/i0.wp.com\/acltf.org\/wordpressacltf\/wp-content\/uploads\/2019\/09\/20190316_163450.jpg?resize=1024%2C768 1024w, https:\/\/i0.wp.com\/acltf.org\/wordpressacltf\/wp-content\/uploads\/2019\/09\/20190316_163450.jpg?resize=220%2C165 220w, https:\/\/i0.wp.com\/acltf.org\/wordpressacltf\/wp-content\/uploads\/2019\/09\/20190316_163450.jpg?resize=187%2C140 187w, https:\/\/i0.wp.com\/acltf.org\/wordpressacltf\/wp-content\/uploads\/2019\/09\/20190316_163450.jpg?resize=453%2C340 453w, https:\/\/i0.wp.com\/acltf.org\/wordpressacltf\/wp-content\/uploads\/2019\/09\/20190316_163450.jpg?w=1090 1090w, https:\/\/i0.wp.com\/acltf.org\/wordpressacltf\/wp-content\/uploads\/2019\/09\/20190316_163450.jpg?w=1635 1635w\" sizes=\"(max-width: 545px) 100vw, 545px\" \/><\/figure>\n<a class=\"synved-social-button synved-social-button-follow synved-social-size-48 synved-social-resolution-single synved-social-provider-facebook nolightbox\" data-provider=\"facebook\" target=\"_blank\" rel=\"nofollow\" title=\"Follow us on Facebook\" href=\"https:\/\/www.facebook.com\/facebook\" style=\"font-size: 0px;width:48px;height:48px;margin:0;margin-bottom:5px;margin-right:5px\"><img alt=\"Facebook\" title=\"Follow us on Facebook\" class=\"synved-share-image synved-social-image synved-social-image-follow\" width=\"48\" height=\"48\" style=\"display: inline;width:48px;height:48px;margin: 0;padding: 0;border: none\" src=\"https:\/\/i0.wp.com\/acltf.org\/wordpressacltf\/wp-content\/plugins\/social-media-feather\/synved-social\/image\/social\/regular\/96x96\/facebook.png?resize=48%2C48\" data-recalc-dims=\"1\" \/><\/a><a class=\"synved-social-button synved-social-button-follow synved-social-size-48 synved-social-resolution-single synved-social-provider-twitter nolightbox\" data-provider=\"twitter\" target=\"_blank\" rel=\"nofollow\" title=\"Follow us on Twitter\" href=\"https:\/\/twitter.com\/twitter\" style=\"font-size: 0px;width:48px;height:48px;margin:0;margin-bottom:5px;margin-right:5px\"><img alt=\"twitter\" title=\"Follow us on Twitter\" class=\"synved-share-image synved-social-image synved-social-image-follow\" width=\"48\" height=\"48\" style=\"display: inline;width:48px;height:48px;margin: 0;padding: 0;border: none\" src=\"https:\/\/i0.wp.com\/acltf.org\/wordpressacltf\/wp-content\/plugins\/social-media-feather\/synved-social\/image\/social\/regular\/96x96\/twitter.png?resize=48%2C48\" data-recalc-dims=\"1\" \/><\/a><a class=\"synved-social-button synved-social-button-follow synved-social-size-48 synved-social-resolution-single synved-social-provider-linkedin nolightbox\" data-provider=\"linkedin\" target=\"_blank\" rel=\"nofollow\" title=\"Find us on Linkedin\" href=\"https:\/\/www.linkedin.com\/in\/yourid\" style=\"font-size: 0px;width:48px;height:48px;margin:0;margin-bottom:5px;margin-right:5px\"><img alt=\"linkedin\" title=\"Find us on Linkedin\" class=\"synved-share-image synved-social-image synved-social-image-follow\" width=\"48\" height=\"48\" style=\"display: inline;width:48px;height:48px;margin: 0;padding: 0;border: none\" src=\"https:\/\/i0.wp.com\/acltf.org\/wordpressacltf\/wp-content\/plugins\/social-media-feather\/synved-social\/image\/social\/regular\/96x96\/linkedin.png?resize=48%2C48\" data-recalc-dims=\"1\" \/><\/a><a class=\"synved-social-button synved-social-button-follow synved-social-size-48 synved-social-resolution-single synved-social-provider-instagram nolightbox\" data-provider=\"instagram\" target=\"_blank\" rel=\"nofollow\" title=\"Check out our instagram feed\" href=\"https:\/\/instagram.com\/myusername\" style=\"font-size: 0px;width:48px;height:48px;margin:0;margin-bottom:5px;margin-right:5px\"><img alt=\"instagram\" title=\"Check out our instagram feed\" class=\"synved-share-image synved-social-image synved-social-image-follow\" width=\"48\" height=\"48\" style=\"display: inline;width:48px;height:48px;margin: 0;padding: 0;border: none\" src=\"https:\/\/i0.wp.com\/acltf.org\/wordpressacltf\/wp-content\/plugins\/social-media-feather\/synved-social\/image\/social\/regular\/96x96\/instagram.png?resize=48%2C48\" data-recalc-dims=\"1\" \/><\/a><a class=\"synved-social-button synved-social-button-follow synved-social-size-48 synved-social-resolution-single synved-social-provider-flickr nolightbox\" data-provider=\"flickr\" target=\"_blank\" rel=\"nofollow\" title=\"Check out our flickr feed\" href=\"https:\/\/www.flickr.com\/photos\/myusername\/\" style=\"font-size: 0px;width:48px;height:48px;margin:0;margin-bottom:5px;margin-right:5px\"><img alt=\"flickr\" title=\"Check out our flickr feed\" class=\"synved-share-image synved-social-image synved-social-image-follow\" width=\"48\" height=\"48\" style=\"display: inline;width:48px;height:48px;margin: 0;padding: 0;border: none\" src=\"https:\/\/i0.wp.com\/acltf.org\/wordpressacltf\/wp-content\/plugins\/social-media-feather\/synved-social\/image\/social\/regular\/96x96\/flickr.png?resize=48%2C48\" data-recalc-dims=\"1\" \/><\/a><a class=\"synved-social-button synved-social-button-follow synved-social-size-48 synved-social-resolution-single synved-social-provider-foursquare nolightbox\" data-provider=\"foursquare\" target=\"_blank\" rel=\"nofollow\" title=\"Check out our foursquare feed\" href=\"https:\/\/foursquare.com\/myusername\" style=\"font-size: 0px;width:48px;height:48px;margin:0;margin-bottom:5px;margin-right:5px\"><img alt=\"foursquare\" title=\"Check out our foursquare feed\" class=\"synved-share-image synved-social-image synved-social-image-follow\" width=\"48\" height=\"48\" style=\"display: inline;width:48px;height:48px;margin: 0;padding: 0;border: none\" src=\"https:\/\/i0.wp.com\/acltf.org\/wordpressacltf\/wp-content\/plugins\/social-media-feather\/synved-social\/image\/social\/regular\/96x96\/foursquare.png?resize=48%2C48\" data-recalc-dims=\"1\" \/><\/a><a class=\"synved-social-button synved-social-button-follow synved-social-size-48 synved-social-resolution-single synved-social-provider-mail nolightbox\" data-provider=\"mail\" rel=\"nofollow\" title=\"Contact Us\" href=\"mailto:mail@example.com?subject=Contact%20Request\" style=\"font-size: 0px;width:48px;height:48px;margin:0;margin-bottom:5px\"><img alt=\"mail\" title=\"Contact Us\" class=\"synved-share-image synved-social-image synved-social-image-follow\" width=\"48\" height=\"48\" style=\"display: inline;width:48px;height:48px;margin: 0;padding: 0;border: none\" src=\"https:\/\/i0.wp.com\/acltf.org\/wordpressacltf\/wp-content\/plugins\/social-media-feather\/synved-social\/image\/social\/regular\/96x96\/mail.png?resize=48%2C48\" data-recalc-dims=\"1\" \/><\/a>","protected":false},"excerpt":{"rendered":"<p>Estimados soci@s, Arrancamos despu\u00e9s del verano y os vamos a ir poniendo un poco al d\u00eda de las novedades de la Asociaci\u00f3n. Hace unos meses hubo cambio en la Junta Directiva, agradecer a Maria Teresa Rodr\u00edguez, Laura Mart\u00cdnez y Elena San Jos\u00e9 su trabajo y dedicaci\u00f3n estos \u00faltimos a\u00f1os. Renovamos parte de la Junta Directiva, [&hellip;]<\/p>\n","protected":false},"author":1,"featured_media":650,"comment_status":"open","ping_status":"open","sticky":false,"template":"","format":"standard","meta":{"jetpack_post_was_ever_published":false,"_jetpack_newsletter_access":"","_jetpack_newsletter_tier_id":0,"jetpack_publicize_message":"","jetpack_is_tweetstorm":false,"jetpack_publicize_feature_enabled":true,"jetpack_social_post_already_shared":true,"jetpack_social_options":{"image_generator_settings":{"template":"highway","enabled":false}}},"categories":[6],"tags":[12,11,7],"jetpack_publicize_connections":[],"yoast_head":"<!-- This site is optimized with the Yoast SEO plugin v21.8.1 - https:\/\/yoast.com\/wordpress\/plugins\/seo\/ -->\n<title>Seguimos adelante con la Asociaci\u00f3n Castellano-Leonesa de Terapia Familiar - Asociaci\u00f3n Castellano Leonesa de Terapia Familiar<\/title>\n<meta name=\"robots\" content=\"index, follow, max-snippet:-1, max-image-preview:large, max-video-preview:-1\" \/>\n<link rel=\"canonical\" href=\"http:\/\/acltf.org\/wordpressacltf\/2019\/09\/17\/seguimos-adelante-con-la-asociacion-castellano-leonesa-de-terapia-familiar\/\" \/>\n<meta property=\"og:locale\" content=\"es_ES\" \/>\n<meta property=\"og:type\" content=\"article\" \/>\n<meta property=\"og:title\" content=\"Seguimos adelante con la Asociaci\u00f3n Castellano-Leonesa de Terapia Familiar - Asociaci\u00f3n Castellano Leonesa de Terapia Familiar\" \/>\n<meta property=\"og:description\" content=\"Estimados soci@s, Arrancamos despu\u00e9s del verano y os vamos a ir poniendo un poco al d\u00eda de las novedades de la Asociaci\u00f3n. Hace unos meses hubo cambio en la Junta Directiva, agradecer a Maria Teresa Rodr\u00edguez, Laura Mart\u00cdnez y Elena San Jos\u00e9 su trabajo y dedicaci\u00f3n estos \u00faltimos a\u00f1os. Renovamos parte de la Junta Directiva, [&hellip;]\" \/>\n<meta property=\"og:url\" content=\"http:\/\/acltf.org\/wordpressacltf\/2019\/09\/17\/seguimos-adelante-con-la-asociacion-castellano-leonesa-de-terapia-familiar\/\" \/>\n<meta property=\"og:site_name\" content=\"Asociaci\u00f3n Castellano Leonesa de Terapia Familiar\" \/>\n<meta property=\"article:publisher\" content=\"https:\/\/www.facebook.com\/pages\/Asociaci%c3%b3n-Castellano-Leonesa-de-Terapia-Familiar\/820904984647986?fref=ts\" \/>\n<meta property=\"article:published_time\" content=\"2019-09-17T09:07:55+00:00\" \/>\n<meta property=\"article:modified_time\" content=\"2019-09-19T15:25:33+00:00\" \/>\n<meta property=\"og:image\" content=\"http:\/\/acltf.org\/wordpressacltf\/wp-content\/uploads\/2019\/09\/20190316_164305-1024x768.jpg\" \/>\n\t<meta property=\"og:image:width\" content=\"1024\" \/>\n\t<meta property=\"og:image:height\" content=\"768\" \/>\n\t<meta property=\"og:image:type\" content=\"image\/jpeg\" \/>\n<meta name=\"author\" content=\"acltf\" \/>\n<meta name=\"twitter:card\" content=\"summary_large_image\" \/>\n<meta name=\"twitter:label1\" content=\"Escrito por\" \/>\n\t<meta name=\"twitter:data1\" content=\"acltf\" \/>\n\t<meta name=\"twitter:label2\" content=\"Tiempo de lectura\" \/>\n\t<meta name=\"twitter:data2\" content=\"1 minuto\" \/>\n<script type=\"application\/ld+json\" class=\"yoast-schema-graph\">{\"@context\":\"https:\/\/schema.org\",\"@graph\":[{\"@type\":\"Article\",\"@id\":\"http:\/\/acltf.org\/wordpressacltf\/2019\/09\/17\/seguimos-adelante-con-la-asociacion-castellano-leonesa-de-terapia-familiar\/#article\",\"isPartOf\":{\"@id\":\"http:\/\/acltf.org\/wordpressacltf\/2019\/09\/17\/seguimos-adelante-con-la-asociacion-castellano-leonesa-de-terapia-familiar\/\"},\"author\":{\"name\":\"acltf\",\"@id\":\"http:\/\/acltf.org\/wordpressacltf\/#\/schema\/person\/b6c564ade2d2bb9314129dcb39e0e683\"},\"headline\":\"Seguimos adelante con la Asociaci\u00f3n Castellano-Leonesa de Terapia Familiar\",\"datePublished\":\"2019-09-17T09:07:55+00:00\",\"dateModified\":\"2019-09-19T15:25:33+00:00\",\"mainEntityOfPage\":{\"@id\":\"http:\/\/acltf.org\/wordpressacltf\/2019\/09\/17\/seguimos-adelante-con-la-asociacion-castellano-leonesa-de-terapia-familiar\/\"},\"wordCount\":210,\"commentCount\":29,\"publisher\":{\"@id\":\"http:\/\/acltf.org\/wordpressacltf\/#organization\"},\"keywords\":[\"asociaci\u00f3n terapia\",\"castilla y le\u00f3n psicolog\u00eda\",\"terapia familiar\"],\"articleSection\":[\"Noticias\"],\"inLanguage\":\"es\",\"potentialAction\":[{\"@type\":\"CommentAction\",\"name\":\"Comment\",\"target\":[\"http:\/\/acltf.org\/wordpressacltf\/2019\/09\/17\/seguimos-adelante-con-la-asociacion-castellano-leonesa-de-terapia-familiar\/#respond\"]}]},{\"@type\":\"WebPage\",\"@id\":\"http:\/\/acltf.org\/wordpressacltf\/2019\/09\/17\/seguimos-adelante-con-la-asociacion-castellano-leonesa-de-terapia-familiar\/\",\"url\":\"http:\/\/acltf.org\/wordpressacltf\/2019\/09\/17\/seguimos-adelante-con-la-asociacion-castellano-leonesa-de-terapia-familiar\/\",\"name\":\"Seguimos adelante con la Asociaci\u00f3n Castellano-Leonesa de Terapia Familiar - Asociaci\u00f3n Castellano Leonesa de Terapia Familiar\",\"isPartOf\":{\"@id\":\"http:\/\/acltf.org\/wordpressacltf\/#website\"},\"datePublished\":\"2019-09-17T09:07:55+00:00\",\"dateModified\":\"2019-09-19T15:25:33+00:00\",\"breadcrumb\":{\"@id\":\"http:\/\/acltf.org\/wordpressacltf\/2019\/09\/17\/seguimos-adelante-con-la-asociacion-castellano-leonesa-de-terapia-familiar\/#breadcrumb\"},\"inLanguage\":\"es\",\"potentialAction\":[{\"@type\":\"ReadAction\",\"target\":[\"http:\/\/acltf.org\/wordpressacltf\/2019\/09\/17\/seguimos-adelante-con-la-asociacion-castellano-leonesa-de-terapia-familiar\/\"]}]},{\"@type\":\"BreadcrumbList\",\"@id\":\"http:\/\/acltf.org\/wordpressacltf\/2019\/09\/17\/seguimos-adelante-con-la-asociacion-castellano-leonesa-de-terapia-familiar\/#breadcrumb\",\"itemListElement\":[{\"@type\":\"ListItem\",\"position\":1,\"name\":\"Portada\",\"item\":\"http:\/\/acltf.org\/wordpressacltf\/\"},{\"@type\":\"ListItem\",\"position\":2,\"name\":\"Seguimos adelante con la Asociaci\u00f3n Castellano-Leonesa de Terapia Familiar\"}]},{\"@type\":\"WebSite\",\"@id\":\"http:\/\/acltf.org\/wordpressacltf\/#website\",\"url\":\"http:\/\/acltf.org\/wordpressacltf\/\",\"name\":\"Asociaci\u00f3n Castellano Leonesa de Terapia Familiar\",\"description\":\"Asociaci\u00f3n de Terapia Familiar\",\"publisher\":{\"@id\":\"http:\/\/acltf.org\/wordpressacltf\/#organization\"},\"potentialAction\":[{\"@type\":\"SearchAction\",\"target\":{\"@type\":\"EntryPoint\",\"urlTemplate\":\"http:\/\/acltf.org\/wordpressacltf\/?s={search_term_string}\"},\"query-input\":\"required name=search_term_string\"}],\"inLanguage\":\"es\"},{\"@type\":\"Organization\",\"@id\":\"http:\/\/acltf.org\/wordpressacltf\/#organization\",\"name\":\"acltf\",\"url\":\"http:\/\/acltf.org\/wordpressacltf\/\",\"logo\":{\"@type\":\"ImageObject\",\"inLanguage\":\"es\",\"@id\":\"http:\/\/acltf.org\/wordpressacltf\/#\/schema\/logo\/image\/\",\"url\":\"http:\/\/acltf.org\/wordpressacltf\/wp-content\/uploads\/2015\/05\/Logo250.png\",\"contentUrl\":\"http:\/\/acltf.org\/wordpressacltf\/wp-content\/uploads\/2015\/05\/Logo250.png\",\"width\":250,\"height\":250,\"caption\":\"acltf\"},\"image\":{\"@id\":\"http:\/\/acltf.org\/wordpressacltf\/#\/schema\/logo\/image\/\"},\"sameAs\":[\"https:\/\/www.facebook.com\/pages\/Asociaci\u00f3n-Castellano-Leonesa-de-Terapia-Familiar\/820904984647986?fref=ts\"]},{\"@type\":\"Person\",\"@id\":\"http:\/\/acltf.org\/wordpressacltf\/#\/schema\/person\/b6c564ade2d2bb9314129dcb39e0e683\",\"name\":\"acltf\",\"image\":{\"@type\":\"ImageObject\",\"inLanguage\":\"es\",\"@id\":\"http:\/\/acltf.org\/wordpressacltf\/#\/schema\/person\/image\/\",\"url\":\"http:\/\/2.gravatar.com\/avatar\/e02eb9fac6bef8ad5fde1db30df7d020?s=96&d=mm&r=g\",\"contentUrl\":\"http:\/\/2.gravatar.com\/avatar\/e02eb9fac6bef8ad5fde1db30df7d020?s=96&d=mm&r=g\",\"caption\":\"acltf\"},\"description\":\"Asociaci\u00f3n de Terapia Familiar de Castilla y Le\u00f3n info@acltf.org\",\"url\":\"http:\/\/acltf.org\/wordpressacltf\/author\/acltf\/\"}]}<\/script>\n<!-- \/ Yoast SEO plugin. -->","yoast_head_json":{"title":"Seguimos adelante con la Asociaci\u00f3n Castellano-Leonesa de Terapia Familiar - Asociaci\u00f3n Castellano Leonesa de Terapia Familiar","robots":{"index":"index","follow":"follow","max-snippet":"max-snippet:-1","max-image-preview":"max-image-preview:large","max-video-preview":"max-video-preview:-1"},"canonical":"http:\/\/acltf.org\/wordpressacltf\/2019\/09\/17\/seguimos-adelante-con-la-asociacion-castellano-leonesa-de-terapia-familiar\/","og_locale":"es_ES","og_type":"article","og_title":"Seguimos adelante con la Asociaci\u00f3n Castellano-Leonesa de Terapia Familiar - Asociaci\u00f3n Castellano Leonesa de Terapia Familiar","og_description":"Estimados soci@s, Arrancamos despu\u00e9s del verano y os vamos a ir poniendo un poco al d\u00eda de las novedades de la Asociaci\u00f3n. Hace unos meses hubo cambio en la Junta Directiva, agradecer a Maria Teresa Rodr\u00edguez, Laura Mart\u00cdnez y Elena San Jos\u00e9 su trabajo y dedicaci\u00f3n estos \u00faltimos a\u00f1os. Renovamos parte de la Junta Directiva, [&hellip;]","og_url":"http:\/\/acltf.org\/wordpressacltf\/2019\/09\/17\/seguimos-adelante-con-la-asociacion-castellano-leonesa-de-terapia-familiar\/","og_site_name":"Asociaci\u00f3n Castellano Leonesa de Terapia Familiar","article_publisher":"https:\/\/www.facebook.com\/pages\/Asociaci%c3%b3n-Castellano-Leonesa-de-Terapia-Familiar\/820904984647986?fref=ts","article_published_time":"2019-09-17T09:07:55+00:00","article_modified_time":"2019-09-19T15:25:33+00:00","og_image":[{"width":1024,"height":768,"url":"http:\/\/acltf.org\/wordpressacltf\/wp-content\/uploads\/2019\/09\/20190316_164305-1024x768.jpg","type":"image\/jpeg"}],"author":"acltf","twitter_card":"summary_large_image","twitter_misc":{"Escrito por":"acltf","Tiempo de lectura":"1 minuto"},"schema":{"@context":"https:\/\/schema.org","@graph":[{"@type":"Article","@id":"http:\/\/acltf.org\/wordpressacltf\/2019\/09\/17\/seguimos-adelante-con-la-asociacion-castellano-leonesa-de-terapia-familiar\/#article","isPartOf":{"@id":"http:\/\/acltf.org\/wordpressacltf\/2019\/09\/17\/seguimos-adelante-con-la-asociacion-castellano-leonesa-de-terapia-familiar\/"},"author":{"name":"acltf","@id":"http:\/\/acltf.org\/wordpressacltf\/#\/schema\/person\/b6c564ade2d2bb9314129dcb39e0e683"},"headline":"Seguimos adelante con la Asociaci\u00f3n Castellano-Leonesa de Terapia Familiar","datePublished":"2019-09-17T09:07:55+00:00","dateModified":"2019-09-19T15:25:33+00:00","mainEntityOfPage":{"@id":"http:\/\/acltf.org\/wordpressacltf\/2019\/09\/17\/seguimos-adelante-con-la-asociacion-castellano-leonesa-de-terapia-familiar\/"},"wordCount":210,"commentCount":29,"publisher":{"@id":"http:\/\/acltf.org\/wordpressacltf\/#organization"},"keywords":["asociaci\u00f3n terapia","castilla y le\u00f3n psicolog\u00eda","terapia familiar"],"articleSection":["Noticias"],"inLanguage":"es","potentialAction":[{"@type":"CommentAction","name":"Comment","target":["http:\/\/acltf.org\/wordpressacltf\/2019\/09\/17\/seguimos-adelante-con-la-asociacion-castellano-leonesa-de-terapia-familiar\/#respond"]}]},{"@type":"WebPage","@id":"http:\/\/acltf.org\/wordpressacltf\/2019\/09\/17\/seguimos-adelante-con-la-asociacion-castellano-leonesa-de-terapia-familiar\/","url":"http:\/\/acltf.org\/wordpressacltf\/2019\/09\/17\/seguimos-adelante-con-la-asociacion-castellano-leonesa-de-terapia-familiar\/","name":"Seguimos adelante con la Asociaci\u00f3n Castellano-Leonesa de Terapia Familiar - Asociaci\u00f3n Castellano Leonesa de Terapia Familiar","isPartOf":{"@id":"http:\/\/acltf.org\/wordpressacltf\/#website"},"datePublished":"2019-09-17T09:07:55+00:00","dateModified":"2019-09-19T15:25:33+00:00","breadcrumb":{"@id":"http:\/\/acltf.org\/wordpressacltf\/2019\/09\/17\/seguimos-adelante-con-la-asociacion-castellano-leonesa-de-terapia-familiar\/#breadcrumb"},"inLanguage":"es","potentialAction":[{"@type":"ReadAction","target":["http:\/\/acltf.org\/wordpressacltf\/2019\/09\/17\/seguimos-adelante-con-la-asociacion-castellano-leonesa-de-terapia-familiar\/"]}]},{"@type":"BreadcrumbList","@id":"http:\/\/acltf.org\/wordpressacltf\/2019\/09\/17\/seguimos-adelante-con-la-asociacion-castellano-leonesa-de-terapia-familiar\/#breadcrumb","itemListElement":[{"@type":"ListItem","position":1,"name":"Portada","item":"http:\/\/acltf.org\/wordpressacltf\/"},{"@type":"ListItem","position":2,"name":"Seguimos adelante con la Asociaci\u00f3n Castellano-Leonesa de Terapia Familiar"}]},{"@type":"WebSite","@id":"http:\/\/acltf.org\/wordpressacltf\/#website","url":"http:\/\/acltf.org\/wordpressacltf\/","name":"Asociaci\u00f3n Castellano Leonesa de Terapia Familiar","description":"Asociaci\u00f3n de Terapia Familiar","publisher":{"@id":"http:\/\/acltf.org\/wordpressacltf\/#organization"},"potentialAction":[{"@type":"SearchAction","target":{"@type":"EntryPoint","urlTemplate":"http:\/\/acltf.org\/wordpressacltf\/?s={search_term_string}"},"query-input":"required name=search_term_string"}],"inLanguage":"es"},{"@type":"Organization","@id":"http:\/\/acltf.org\/wordpressacltf\/#organization","name":"acltf","url":"http:\/\/acltf.org\/wordpressacltf\/","logo":{"@type":"ImageObject","inLanguage":"es","@id":"http:\/\/acltf.org\/wordpressacltf\/#\/schema\/logo\/image\/","url":"http:\/\/acltf.org\/wordpressacltf\/wp-content\/uploads\/2015\/05\/Logo250.png","contentUrl":"http:\/\/acltf.org\/wordpressacltf\/wp-content\/uploads\/2015\/05\/Logo250.png","width":250,"height":250,"caption":"acltf"},"image":{"@id":"http:\/\/acltf.org\/wordpressacltf\/#\/schema\/logo\/image\/"},"sameAs":["https:\/\/www.facebook.com\/pages\/Asociaci\u00f3n-Castellano-Leonesa-de-Terapia-Familiar\/820904984647986?fref=ts"]},{"@type":"Person","@id":"http:\/\/acltf.org\/wordpressacltf\/#\/schema\/person\/b6c564ade2d2bb9314129dcb39e0e683","name":"acltf","image":{"@type":"ImageObject","inLanguage":"es","@id":"http:\/\/acltf.org\/wordpressacltf\/#\/schema\/person\/image\/","url":"http:\/\/2.gravatar.com\/avatar\/e02eb9fac6bef8ad5fde1db30df7d020?s=96&d=mm&r=g","contentUrl":"http:\/\/2.gravatar.com\/avatar\/e02eb9fac6bef8ad5fde1db30df7d020?s=96&d=mm&r=g","caption":"acltf"},"description":"Asociaci\u00f3n de Terapia Familiar de Castilla y Le\u00f3n info@acltf.org","url":"http:\/\/acltf.org\/wordpressacltf\/author\/acltf\/"}]}},"jetpack_featured_media_url":"https:\/\/i0.wp.com\/acltf.org\/wordpressacltf\/wp-content\/uploads\/2019\/09\/20190316_164305.jpg?fit=4128%2C3096","jetpack_sharing_enabled":true,"jetpack_shortlink":"https:\/\/wp.me\/p6UE5O-at","jetpack_likes_enabled":true,"_links":{"self":[{"href":"http:\/\/acltf.org\/wordpressacltf\/wp-json\/wp\/v2\/posts\/649"}],"collection":[{"href":"http:\/\/acltf.org\/wordpressacltf\/wp-json\/wp\/v2\/posts"}],"about":[{"href":"http:\/\/acltf.org\/wordpressacltf\/wp-json\/wp\/v2\/types\/post"}],"author":[{"embeddable":true,"href":"http:\/\/acltf.org\/wordpressacltf\/wp-json\/wp\/v2\/users\/1"}],"replies":[{"embeddable":true,"href":"http:\/\/acltf.org\/wordpressacltf\/wp-json\/wp\/v2\/comments?post=649"}],"version-history":[{"count":2,"href":"http:\/\/acltf.org\/wordpressacltf\/wp-json\/wp\/v2\/posts\/649\/revisions"}],"predecessor-version":[{"id":653,"href":"http:\/\/acltf.org\/wordpressacltf\/wp-json\/wp\/v2\/posts\/649\/revisions\/653"}],"wp:featuredmedia":[{"embeddable":true,"href":"http:\/\/acltf.org\/wordpressacltf\/wp-json\/wp\/v2\/media\/650"}],"wp:attachment":[{"href":"http:\/\/acltf.org\/wordpressacltf\/wp-json\/wp\/v2\/media?parent=649"}],"wp:term":[{"taxonomy":"category","embeddable":true,"href":"http:\/\/acltf.org\/wordpressacltf\/wp-json\/wp\/v2\/categories?post=649"},{"taxonomy":"post_tag","embeddable":true,"href":"http:\/\/acltf.org\/wordpressacltf\/wp-json\/wp\/v2\/tags?post=649"}],"curies":[{"name":"wp","href":"https:\/\/api.w.org\/{rel}","templated":true}]}}