{"id":701,"date":"2019-10-13T20:48:39","date_gmt":"2019-10-13T18:48:39","guid":{"rendered":"http:\/\/acltf.org\/wordpressacltf\/?p=701"},"modified":"2019-10-13T20:48:44","modified_gmt":"2019-10-13T18:48:44","slug":"i-encuentro-entreasociaciones-talleres-terapia-familiar","status":"publish","type":"post","link":"http:\/\/acltf.org\/wordpressacltf\/2019\/10\/13\/i-encuentro-entreasociaciones-talleres-terapia-familiar\/","title":{"rendered":"I Encuentro EntreAsociaciones. Talleres Terapia Familiar"},"content":{"rendered":"\n<hr class=\"wp-block-separator\"\/>\n\n\n\n<p>SEGOVIA. FEBRERO 2020<\/p>\n\n\n\n<hr class=\"wp-block-separator\"\/>\n\n\n\n<p>Desde la Federaci\u00f3n de Asociaciones de Terapia Familiar se ha organizado el I Encuentro EntreAsociaciones en la ciudad de Segovia. <\/p>\n\n\n\n<p>Se trata de un nuevo proyecto que pretende compartir conocimiento y experiencias entre profesionales de toda Espa\u00f1a. Poniendo de relieve la terapia familiar como forma de intervenci\u00f3n en numerosas \u00e1reas.<\/p>\n\n\n\n<p>Resumiendo, los participantes podr\u00e1n disfrutar de 8 talleres de terapia familiar con tem\u00e1ticas diversas. Por ejemplo, la terapia de grupo, el trabajo con adolescentes, psicosis, trastornos de la conducta alimentaria, mediaci\u00f3n, e intervenciones en contextos educativos.<\/p>\n\n\n\n<figure class=\"wp-block-image\"><img decoding=\"async\" src=\"https:\/\/i0.wp.com\/acltf.org\/wordpressacltf\/wp-content\/uploads\/2019\/10\/Encuentro-EntreAsociaciones.jpeg?w=545\" alt=\"\" class=\"wp-image-702\" data-recalc-dims=\"1\"\/><\/figure>\n\n\n\n<div style=\"height:50px\" aria-hidden=\"true\" class=\"wp-block-spacer\"><\/div>\n\n\n\n<p>La ciudad de Segovia acoger\u00e1 este encuentro por su excelente ubicaci\u00f3n, su encanto y su buena comunicaci\u00f3n. <\/p>\n\n\n\n<p>Te invitamos a inscribirte en este I Encuentro EntreAsociaciones y an\u00edmate a formar parte de un espacio de aprendizaje mucho m\u00e1s cercano e intenso.<\/p>\n\n\n\n<div style=\"height:20px\" aria-hidden=\"true\" class=\"wp-block-spacer\"><\/div>\n\n\n\n<figure class=\"wp-block-image\"><img decoding=\"async\" loading=\"lazy\" width=\"545\" height=\"545\" src=\"https:\/\/i0.wp.com\/acltf.org\/wordpressacltf\/wp-content\/uploads\/2019\/10\/Encuentro-Entreasociaciones-1.jpeg?resize=545%2C545\" alt=\"\" class=\"wp-image-703\" srcset=\"https:\/\/i0.wp.com\/acltf.org\/wordpressacltf\/wp-content\/uploads\/2019\/10\/Encuentro-Entreasociaciones-1.jpeg?w=800 800w, https:\/\/i0.wp.com\/acltf.org\/wordpressacltf\/wp-content\/uploads\/2019\/10\/Encuentro-Entreasociaciones-1.jpeg?resize=150%2C150 150w, https:\/\/i0.wp.com\/acltf.org\/wordpressacltf\/wp-content\/uploads\/2019\/10\/Encuentro-Entreasociaciones-1.jpeg?resize=300%2C300 300w, https:\/\/i0.wp.com\/acltf.org\/wordpressacltf\/wp-content\/uploads\/2019\/10\/Encuentro-Entreasociaciones-1.jpeg?resize=768%2C768 768w, https:\/\/i0.wp.com\/acltf.org\/wordpressacltf\/wp-content\/uploads\/2019\/10\/Encuentro-Entreasociaciones-1.jpeg?resize=220%2C220 220w, https:\/\/i0.wp.com\/acltf.org\/wordpressacltf\/wp-content\/uploads\/2019\/10\/Encuentro-Entreasociaciones-1.jpeg?resize=75%2C75 75w, https:\/\/i0.wp.com\/acltf.org\/wordpressacltf\/wp-content\/uploads\/2019\/10\/Encuentro-Entreasociaciones-1.jpeg?resize=187%2C187 187w, https:\/\/i0.wp.com\/acltf.org\/wordpressacltf\/wp-content\/uploads\/2019\/10\/Encuentro-Entreasociaciones-1.jpeg?resize=453%2C453 453w, https:\/\/i0.wp.com\/acltf.org\/wordpressacltf\/wp-content\/uploads\/2019\/10\/Encuentro-Entreasociaciones-1.jpeg?resize=184%2C184 184w\" sizes=\"(max-width: 545px) 100vw, 545px\" data-recalc-dims=\"1\" \/><\/figure>\n<a class=\"synved-social-button synved-social-button-follow synved-social-size-48 synved-social-resolution-single synved-social-provider-facebook nolightbox\" data-provider=\"facebook\" target=\"_blank\" rel=\"nofollow\" title=\"Follow us on Facebook\" href=\"https:\/\/www.facebook.com\/facebook\" style=\"font-size: 0px;width:48px;height:48px;margin:0;margin-bottom:5px;margin-right:5px\"><img alt=\"Facebook\" title=\"Follow us on Facebook\" class=\"synved-share-image synved-social-image synved-social-image-follow\" width=\"48\" height=\"48\" style=\"display: inline;width:48px;height:48px;margin: 0;padding: 0;border: none\" src=\"https:\/\/i0.wp.com\/acltf.org\/wordpressacltf\/wp-content\/plugins\/social-media-feather\/synved-social\/image\/social\/regular\/96x96\/facebook.png?resize=48%2C48\" data-recalc-dims=\"1\" \/><\/a><a class=\"synved-social-button synved-social-button-follow synved-social-size-48 synved-social-resolution-single synved-social-provider-twitter nolightbox\" data-provider=\"twitter\" target=\"_blank\" rel=\"nofollow\" title=\"Follow us on Twitter\" href=\"https:\/\/twitter.com\/twitter\" style=\"font-size: 0px;width:48px;height:48px;margin:0;margin-bottom:5px;margin-right:5px\"><img alt=\"twitter\" title=\"Follow us on Twitter\" class=\"synved-share-image synved-social-image synved-social-image-follow\" width=\"48\" height=\"48\" style=\"display: inline;width:48px;height:48px;margin: 0;padding: 0;border: none\" src=\"https:\/\/i0.wp.com\/acltf.org\/wordpressacltf\/wp-content\/plugins\/social-media-feather\/synved-social\/image\/social\/regular\/96x96\/twitter.png?resize=48%2C48\" data-recalc-dims=\"1\" \/><\/a><a class=\"synved-social-button synved-social-button-follow synved-social-size-48 synved-social-resolution-single synved-social-provider-linkedin nolightbox\" data-provider=\"linkedin\" target=\"_blank\" rel=\"nofollow\" title=\"Find us on Linkedin\" href=\"https:\/\/www.linkedin.com\/in\/yourid\" style=\"font-size: 0px;width:48px;height:48px;margin:0;margin-bottom:5px;margin-right:5px\"><img alt=\"linkedin\" title=\"Find us on Linkedin\" class=\"synved-share-image synved-social-image synved-social-image-follow\" width=\"48\" height=\"48\" style=\"display: inline;width:48px;height:48px;margin: 0;padding: 0;border: none\" src=\"https:\/\/i0.wp.com\/acltf.org\/wordpressacltf\/wp-content\/plugins\/social-media-feather\/synved-social\/image\/social\/regular\/96x96\/linkedin.png?resize=48%2C48\" data-recalc-dims=\"1\" \/><\/a><a class=\"synved-social-button synved-social-button-follow synved-social-size-48 synved-social-resolution-single synved-social-provider-instagram nolightbox\" data-provider=\"instagram\" target=\"_blank\" rel=\"nofollow\" title=\"Check out our instagram feed\" href=\"https:\/\/instagram.com\/myusername\" style=\"font-size: 0px;width:48px;height:48px;margin:0;margin-bottom:5px;margin-right:5px\"><img alt=\"instagram\" title=\"Check out our instagram feed\" class=\"synved-share-image synved-social-image synved-social-image-follow\" width=\"48\" height=\"48\" style=\"display: inline;width:48px;height:48px;margin: 0;padding: 0;border: none\" src=\"https:\/\/i0.wp.com\/acltf.org\/wordpressacltf\/wp-content\/plugins\/social-media-feather\/synved-social\/image\/social\/regular\/96x96\/instagram.png?resize=48%2C48\" data-recalc-dims=\"1\" \/><\/a><a class=\"synved-social-button synved-social-button-follow synved-social-size-48 synved-social-resolution-single synved-social-provider-flickr nolightbox\" data-provider=\"flickr\" target=\"_blank\" rel=\"nofollow\" title=\"Check out our flickr feed\" href=\"https:\/\/www.flickr.com\/photos\/myusername\/\" style=\"font-size: 0px;width:48px;height:48px;margin:0;margin-bottom:5px;margin-right:5px\"><img alt=\"flickr\" title=\"Check out our flickr feed\" class=\"synved-share-image synved-social-image synved-social-image-follow\" width=\"48\" height=\"48\" style=\"display: inline;width:48px;height:48px;margin: 0;padding: 0;border: none\" src=\"https:\/\/i0.wp.com\/acltf.org\/wordpressacltf\/wp-content\/plugins\/social-media-feather\/synved-social\/image\/social\/regular\/96x96\/flickr.png?resize=48%2C48\" data-recalc-dims=\"1\" \/><\/a><a class=\"synved-social-button synved-social-button-follow synved-social-size-48 synved-social-resolution-single synved-social-provider-foursquare nolightbox\" data-provider=\"foursquare\" target=\"_blank\" rel=\"nofollow\" title=\"Check out our foursquare feed\" href=\"https:\/\/foursquare.com\/myusername\" style=\"font-size: 0px;width:48px;height:48px;margin:0;margin-bottom:5px;margin-right:5px\"><img alt=\"foursquare\" title=\"Check out our foursquare feed\" class=\"synved-share-image synved-social-image synved-social-image-follow\" width=\"48\" height=\"48\" style=\"display: inline;width:48px;height:48px;margin: 0;padding: 0;border: none\" src=\"https:\/\/i0.wp.com\/acltf.org\/wordpressacltf\/wp-content\/plugins\/social-media-feather\/synved-social\/image\/social\/regular\/96x96\/foursquare.png?resize=48%2C48\" data-recalc-dims=\"1\" \/><\/a><a class=\"synved-social-button synved-social-button-follow synved-social-size-48 synved-social-resolution-single synved-social-provider-mail nolightbox\" data-provider=\"mail\" rel=\"nofollow\" title=\"Contact Us\" href=\"mailto:mail@example.com?subject=Contact%20Request\" style=\"font-size: 0px;width:48px;height:48px;margin:0;margin-bottom:5px\"><img alt=\"mail\" title=\"Contact Us\" class=\"synved-share-image synved-social-image synved-social-image-follow\" width=\"48\" height=\"48\" style=\"display: inline;width:48px;height:48px;margin: 0;padding: 0;border: none\" src=\"https:\/\/i0.wp.com\/acltf.org\/wordpressacltf\/wp-content\/plugins\/social-media-feather\/synved-social\/image\/social\/regular\/96x96\/mail.png?resize=48%2C48\" data-recalc-dims=\"1\" \/><\/a>","protected":false},"excerpt":{"rendered":"<p>SEGOVIA. FEBRERO 2020 Desde la Federaci\u00f3n de Asociaciones de Terapia Familiar se ha organizado el I Encuentro EntreAsociaciones en la ciudad de Segovia. Se trata de un nuevo proyecto que pretende compartir conocimiento y experiencias entre profesionales de toda Espa\u00f1a. Poniendo de relieve la terapia familiar como forma de intervenci\u00f3n en numerosas \u00e1reas. Resumiendo, los [&hellip;]<\/p>\n","protected":false},"author":1,"featured_media":702,"comment_status":"open","ping_status":"open","sticky":false,"template":"","format":"standard","meta":{"jetpack_post_was_ever_published":false,"_jetpack_newsletter_access":"","_jetpack_newsletter_tier_id":0,"jetpack_publicize_message":"","jetpack_is_tweetstorm":false,"jetpack_publicize_feature_enabled":true,"jetpack_social_post_already_shared":true,"jetpack_social_options":{"image_generator_settings":{"template":"highway","enabled":false}}},"categories":[6],"tags":[],"jetpack_publicize_connections":[],"yoast_head":"<!-- This site is optimized with the Yoast SEO plugin v21.8.1 - https:\/\/yoast.com\/wordpress\/plugins\/seo\/ -->\n<title>I Encuentro EntreAsociaciones. Talleres Terapia Familiar - Asociaci\u00f3n Castellano Leonesa de Terapia Familiar<\/title>\n<meta name=\"robots\" content=\"index, follow, max-snippet:-1, max-image-preview:large, max-video-preview:-1\" \/>\n<link rel=\"canonical\" href=\"http:\/\/acltf.org\/wordpressacltf\/2019\/10\/13\/i-encuentro-entreasociaciones-talleres-terapia-familiar\/\" \/>\n<meta property=\"og:locale\" content=\"es_ES\" \/>\n<meta property=\"og:type\" content=\"article\" \/>\n<meta property=\"og:title\" content=\"I Encuentro EntreAsociaciones. Talleres Terapia Familiar - Asociaci\u00f3n Castellano Leonesa de Terapia Familiar\" \/>\n<meta property=\"og:description\" content=\"SEGOVIA. FEBRERO 2020 Desde la Federaci\u00f3n de Asociaciones de Terapia Familiar se ha organizado el I Encuentro EntreAsociaciones en la ciudad de Segovia. Se trata de un nuevo proyecto que pretende compartir conocimiento y experiencias entre profesionales de toda Espa\u00f1a. Poniendo de relieve la terapia familiar como forma de intervenci\u00f3n en numerosas \u00e1reas. Resumiendo, los [&hellip;]\" \/>\n<meta property=\"og:url\" content=\"http:\/\/acltf.org\/wordpressacltf\/2019\/10\/13\/i-encuentro-entreasociaciones-talleres-terapia-familiar\/\" \/>\n<meta property=\"og:site_name\" content=\"Asociaci\u00f3n Castellano Leonesa de Terapia Familiar\" \/>\n<meta property=\"article:publisher\" content=\"https:\/\/www.facebook.com\/pages\/Asociaci%c3%b3n-Castellano-Leonesa-de-Terapia-Familiar\/820904984647986?fref=ts\" \/>\n<meta property=\"article:published_time\" content=\"2019-10-13T18:48:39+00:00\" \/>\n<meta property=\"article:modified_time\" content=\"2019-10-13T18:48:44+00:00\" \/>\n<meta property=\"og:image\" content=\"https:\/\/i0.wp.com\/acltf.org\/wordpressacltf\/wp-content\/uploads\/2019\/10\/Encuentro-EntreAsociaciones-e1570992324840.jpeg?fit=700%2C394\" \/>\n\t<meta property=\"og:image:width\" content=\"700\" \/>\n\t<meta property=\"og:image:height\" content=\"394\" \/>\n\t<meta property=\"og:image:type\" content=\"image\/jpeg\" \/>\n<meta name=\"author\" content=\"acltf\" \/>\n<meta name=\"twitter:card\" content=\"summary_large_image\" \/>\n<meta name=\"twitter:label1\" content=\"Escrito por\" \/>\n\t<meta name=\"twitter:data1\" content=\"acltf\" \/>\n\t<meta name=\"twitter:label2\" content=\"Tiempo de lectura\" \/>\n\t<meta name=\"twitter:data2\" content=\"1 minuto\" \/>\n<script type=\"application\/ld+json\" class=\"yoast-schema-graph\">{\"@context\":\"https:\/\/schema.org\",\"@graph\":[{\"@type\":\"Article\",\"@id\":\"http:\/\/acltf.org\/wordpressacltf\/2019\/10\/13\/i-encuentro-entreasociaciones-talleres-terapia-familiar\/#article\",\"isPartOf\":{\"@id\":\"http:\/\/acltf.org\/wordpressacltf\/2019\/10\/13\/i-encuentro-entreasociaciones-talleres-terapia-familiar\/\"},\"author\":{\"name\":\"acltf\",\"@id\":\"http:\/\/acltf.org\/wordpressacltf\/#\/schema\/person\/b6c564ade2d2bb9314129dcb39e0e683\"},\"headline\":\"I Encuentro EntreAsociaciones. Talleres Terapia Familiar\",\"datePublished\":\"2019-10-13T18:48:39+00:00\",\"dateModified\":\"2019-10-13T18:48:44+00:00\",\"mainEntityOfPage\":{\"@id\":\"http:\/\/acltf.org\/wordpressacltf\/2019\/10\/13\/i-encuentro-entreasociaciones-talleres-terapia-familiar\/\"},\"wordCount\":144,\"commentCount\":58,\"publisher\":{\"@id\":\"http:\/\/acltf.org\/wordpressacltf\/#organization\"},\"articleSection\":[\"Noticias\"],\"inLanguage\":\"es\",\"potentialAction\":[{\"@type\":\"CommentAction\",\"name\":\"Comment\",\"target\":[\"http:\/\/acltf.org\/wordpressacltf\/2019\/10\/13\/i-encuentro-entreasociaciones-talleres-terapia-familiar\/#respond\"]}]},{\"@type\":\"WebPage\",\"@id\":\"http:\/\/acltf.org\/wordpressacltf\/2019\/10\/13\/i-encuentro-entreasociaciones-talleres-terapia-familiar\/\",\"url\":\"http:\/\/acltf.org\/wordpressacltf\/2019\/10\/13\/i-encuentro-entreasociaciones-talleres-terapia-familiar\/\",\"name\":\"I Encuentro EntreAsociaciones. Talleres Terapia Familiar - Asociaci\u00f3n Castellano Leonesa de Terapia Familiar\",\"isPartOf\":{\"@id\":\"http:\/\/acltf.org\/wordpressacltf\/#website\"},\"datePublished\":\"2019-10-13T18:48:39+00:00\",\"dateModified\":\"2019-10-13T18:48:44+00:00\",\"breadcrumb\":{\"@id\":\"http:\/\/acltf.org\/wordpressacltf\/2019\/10\/13\/i-encuentro-entreasociaciones-talleres-terapia-familiar\/#breadcrumb\"},\"inLanguage\":\"es\",\"potentialAction\":[{\"@type\":\"ReadAction\",\"target\":[\"http:\/\/acltf.org\/wordpressacltf\/2019\/10\/13\/i-encuentro-entreasociaciones-talleres-terapia-familiar\/\"]}]},{\"@type\":\"BreadcrumbList\",\"@id\":\"http:\/\/acltf.org\/wordpressacltf\/2019\/10\/13\/i-encuentro-entreasociaciones-talleres-terapia-familiar\/#breadcrumb\",\"itemListElement\":[{\"@type\":\"ListItem\",\"position\":1,\"name\":\"Portada\",\"item\":\"http:\/\/acltf.org\/wordpressacltf\/\"},{\"@type\":\"ListItem\",\"position\":2,\"name\":\"I Encuentro EntreAsociaciones. Talleres Terapia Familiar\"}]},{\"@type\":\"WebSite\",\"@id\":\"http:\/\/acltf.org\/wordpressacltf\/#website\",\"url\":\"http:\/\/acltf.org\/wordpressacltf\/\",\"name\":\"Asociaci\u00f3n Castellano Leonesa de Terapia Familiar\",\"description\":\"Asociaci\u00f3n de Terapia Familiar\",\"publisher\":{\"@id\":\"http:\/\/acltf.org\/wordpressacltf\/#organization\"},\"potentialAction\":[{\"@type\":\"SearchAction\",\"target\":{\"@type\":\"EntryPoint\",\"urlTemplate\":\"http:\/\/acltf.org\/wordpressacltf\/?s={search_term_string}\"},\"query-input\":\"required name=search_term_string\"}],\"inLanguage\":\"es\"},{\"@type\":\"Organization\",\"@id\":\"http:\/\/acltf.org\/wordpressacltf\/#organization\",\"name\":\"acltf\",\"url\":\"http:\/\/acltf.org\/wordpressacltf\/\",\"logo\":{\"@type\":\"ImageObject\",\"inLanguage\":\"es\",\"@id\":\"http:\/\/acltf.org\/wordpressacltf\/#\/schema\/logo\/image\/\",\"url\":\"http:\/\/acltf.org\/wordpressacltf\/wp-content\/uploads\/2015\/05\/Logo250.png\",\"contentUrl\":\"http:\/\/acltf.org\/wordpressacltf\/wp-content\/uploads\/2015\/05\/Logo250.png\",\"width\":250,\"height\":250,\"caption\":\"acltf\"},\"image\":{\"@id\":\"http:\/\/acltf.org\/wordpressacltf\/#\/schema\/logo\/image\/\"},\"sameAs\":[\"https:\/\/www.facebook.com\/pages\/Asociaci\u00f3n-Castellano-Leonesa-de-Terapia-Familiar\/820904984647986?fref=ts\"]},{\"@type\":\"Person\",\"@id\":\"http:\/\/acltf.org\/wordpressacltf\/#\/schema\/person\/b6c564ade2d2bb9314129dcb39e0e683\",\"name\":\"acltf\",\"image\":{\"@type\":\"ImageObject\",\"inLanguage\":\"es\",\"@id\":\"http:\/\/acltf.org\/wordpressacltf\/#\/schema\/person\/image\/\",\"url\":\"http:\/\/2.gravatar.com\/avatar\/e02eb9fac6bef8ad5fde1db30df7d020?s=96&d=mm&r=g\",\"contentUrl\":\"http:\/\/2.gravatar.com\/avatar\/e02eb9fac6bef8ad5fde1db30df7d020?s=96&d=mm&r=g\",\"caption\":\"acltf\"},\"description\":\"Asociaci\u00f3n de Terapia Familiar de Castilla y Le\u00f3n info@acltf.org\",\"url\":\"http:\/\/acltf.org\/wordpressacltf\/author\/acltf\/\"}]}<\/script>\n<!-- \/ Yoast SEO plugin. -->","yoast_head_json":{"title":"I Encuentro EntreAsociaciones. Talleres Terapia Familiar - Asociaci\u00f3n Castellano Leonesa de Terapia Familiar","robots":{"index":"index","follow":"follow","max-snippet":"max-snippet:-1","max-image-preview":"max-image-preview:large","max-video-preview":"max-video-preview:-1"},"canonical":"http:\/\/acltf.org\/wordpressacltf\/2019\/10\/13\/i-encuentro-entreasociaciones-talleres-terapia-familiar\/","og_locale":"es_ES","og_type":"article","og_title":"I Encuentro EntreAsociaciones. Talleres Terapia Familiar - Asociaci\u00f3n Castellano Leonesa de Terapia Familiar","og_description":"SEGOVIA. FEBRERO 2020 Desde la Federaci\u00f3n de Asociaciones de Terapia Familiar se ha organizado el I Encuentro EntreAsociaciones en la ciudad de Segovia. Se trata de un nuevo proyecto que pretende compartir conocimiento y experiencias entre profesionales de toda Espa\u00f1a. Poniendo de relieve la terapia familiar como forma de intervenci\u00f3n en numerosas \u00e1reas. Resumiendo, los [&hellip;]","og_url":"http:\/\/acltf.org\/wordpressacltf\/2019\/10\/13\/i-encuentro-entreasociaciones-talleres-terapia-familiar\/","og_site_name":"Asociaci\u00f3n Castellano Leonesa de Terapia Familiar","article_publisher":"https:\/\/www.facebook.com\/pages\/Asociaci%c3%b3n-Castellano-Leonesa-de-Terapia-Familiar\/820904984647986?fref=ts","article_published_time":"2019-10-13T18:48:39+00:00","article_modified_time":"2019-10-13T18:48:44+00:00","og_image":[{"width":700,"height":394,"url":"https:\/\/i0.wp.com\/acltf.org\/wordpressacltf\/wp-content\/uploads\/2019\/10\/Encuentro-EntreAsociaciones-e1570992324840.jpeg?fit=700%2C394","type":"image\/jpeg"}],"author":"acltf","twitter_card":"summary_large_image","twitter_misc":{"Escrito por":"acltf","Tiempo de lectura":"1 minuto"},"schema":{"@context":"https:\/\/schema.org","@graph":[{"@type":"Article","@id":"http:\/\/acltf.org\/wordpressacltf\/2019\/10\/13\/i-encuentro-entreasociaciones-talleres-terapia-familiar\/#article","isPartOf":{"@id":"http:\/\/acltf.org\/wordpressacltf\/2019\/10\/13\/i-encuentro-entreasociaciones-talleres-terapia-familiar\/"},"author":{"name":"acltf","@id":"http:\/\/acltf.org\/wordpressacltf\/#\/schema\/person\/b6c564ade2d2bb9314129dcb39e0e683"},"headline":"I Encuentro EntreAsociaciones. Talleres Terapia Familiar","datePublished":"2019-10-13T18:48:39+00:00","dateModified":"2019-10-13T18:48:44+00:00","mainEntityOfPage":{"@id":"http:\/\/acltf.org\/wordpressacltf\/2019\/10\/13\/i-encuentro-entreasociaciones-talleres-terapia-familiar\/"},"wordCount":144,"commentCount":58,"publisher":{"@id":"http:\/\/acltf.org\/wordpressacltf\/#organization"},"articleSection":["Noticias"],"inLanguage":"es","potentialAction":[{"@type":"CommentAction","name":"Comment","target":["http:\/\/acltf.org\/wordpressacltf\/2019\/10\/13\/i-encuentro-entreasociaciones-talleres-terapia-familiar\/#respond"]}]},{"@type":"WebPage","@id":"http:\/\/acltf.org\/wordpressacltf\/2019\/10\/13\/i-encuentro-entreasociaciones-talleres-terapia-familiar\/","url":"http:\/\/acltf.org\/wordpressacltf\/2019\/10\/13\/i-encuentro-entreasociaciones-talleres-terapia-familiar\/","name":"I Encuentro EntreAsociaciones. Talleres Terapia Familiar - Asociaci\u00f3n Castellano Leonesa de Terapia Familiar","isPartOf":{"@id":"http:\/\/acltf.org\/wordpressacltf\/#website"},"datePublished":"2019-10-13T18:48:39+00:00","dateModified":"2019-10-13T18:48:44+00:00","breadcrumb":{"@id":"http:\/\/acltf.org\/wordpressacltf\/2019\/10\/13\/i-encuentro-entreasociaciones-talleres-terapia-familiar\/#breadcrumb"},"inLanguage":"es","potentialAction":[{"@type":"ReadAction","target":["http:\/\/acltf.org\/wordpressacltf\/2019\/10\/13\/i-encuentro-entreasociaciones-talleres-terapia-familiar\/"]}]},{"@type":"BreadcrumbList","@id":"http:\/\/acltf.org\/wordpressacltf\/2019\/10\/13\/i-encuentro-entreasociaciones-talleres-terapia-familiar\/#breadcrumb","itemListElement":[{"@type":"ListItem","position":1,"name":"Portada","item":"http:\/\/acltf.org\/wordpressacltf\/"},{"@type":"ListItem","position":2,"name":"I Encuentro EntreAsociaciones. Talleres Terapia Familiar"}]},{"@type":"WebSite","@id":"http:\/\/acltf.org\/wordpressacltf\/#website","url":"http:\/\/acltf.org\/wordpressacltf\/","name":"Asociaci\u00f3n Castellano Leonesa de Terapia Familiar","description":"Asociaci\u00f3n de Terapia Familiar","publisher":{"@id":"http:\/\/acltf.org\/wordpressacltf\/#organization"},"potentialAction":[{"@type":"SearchAction","target":{"@type":"EntryPoint","urlTemplate":"http:\/\/acltf.org\/wordpressacltf\/?s={search_term_string}"},"query-input":"required name=search_term_string"}],"inLanguage":"es"},{"@type":"Organization","@id":"http:\/\/acltf.org\/wordpressacltf\/#organization","name":"acltf","url":"http:\/\/acltf.org\/wordpressacltf\/","logo":{"@type":"ImageObject","inLanguage":"es","@id":"http:\/\/acltf.org\/wordpressacltf\/#\/schema\/logo\/image\/","url":"http:\/\/acltf.org\/wordpressacltf\/wp-content\/uploads\/2015\/05\/Logo250.png","contentUrl":"http:\/\/acltf.org\/wordpressacltf\/wp-content\/uploads\/2015\/05\/Logo250.png","width":250,"height":250,"caption":"acltf"},"image":{"@id":"http:\/\/acltf.org\/wordpressacltf\/#\/schema\/logo\/image\/"},"sameAs":["https:\/\/www.facebook.com\/pages\/Asociaci\u00f3n-Castellano-Leonesa-de-Terapia-Familiar\/820904984647986?fref=ts"]},{"@type":"Person","@id":"http:\/\/acltf.org\/wordpressacltf\/#\/schema\/person\/b6c564ade2d2bb9314129dcb39e0e683","name":"acltf","image":{"@type":"ImageObject","inLanguage":"es","@id":"http:\/\/acltf.org\/wordpressacltf\/#\/schema\/person\/image\/","url":"http:\/\/2.gravatar.com\/avatar\/e02eb9fac6bef8ad5fde1db30df7d020?s=96&d=mm&r=g","contentUrl":"http:\/\/2.gravatar.com\/avatar\/e02eb9fac6bef8ad5fde1db30df7d020?s=96&d=mm&r=g","caption":"acltf"},"description":"Asociaci\u00f3n de Terapia Familiar de Castilla y Le\u00f3n info@acltf.org","url":"http:\/\/acltf.org\/wordpressacltf\/author\/acltf\/"}]}},"jetpack_featured_media_url":"https:\/\/i0.wp.com\/acltf.org\/wordpressacltf\/wp-content\/uploads\/2019\/10\/Encuentro-EntreAsociaciones-e1570992324840.jpeg?fit=700%2C394","jetpack_sharing_enabled":true,"jetpack_shortlink":"https:\/\/wp.me\/p6UE5O-bj","jetpack_likes_enabled":true,"_links":{"self":[{"href":"http:\/\/acltf.org\/wordpressacltf\/wp-json\/wp\/v2\/posts\/701"}],"collection":[{"href":"http:\/\/acltf.org\/wordpressacltf\/wp-json\/wp\/v2\/posts"}],"about":[{"href":"http:\/\/acltf.org\/wordpressacltf\/wp-json\/wp\/v2\/types\/post"}],"author":[{"embeddable":true,"href":"http:\/\/acltf.org\/wordpressacltf\/wp-json\/wp\/v2\/users\/1"}],"replies":[{"embeddable":true,"href":"http:\/\/acltf.org\/wordpressacltf\/wp-json\/wp\/v2\/comments?post=701"}],"version-history":[{"count":6,"href":"http:\/\/acltf.org\/wordpressacltf\/wp-json\/wp\/v2\/posts\/701\/revisions"}],"predecessor-version":[{"id":709,"href":"http:\/\/acltf.org\/wordpressacltf\/wp-json\/wp\/v2\/posts\/701\/revisions\/709"}],"wp:featuredmedia":[{"embeddable":true,"href":"http:\/\/acltf.org\/wordpressacltf\/wp-json\/wp\/v2\/media\/702"}],"wp:attachment":[{"href":"http:\/\/acltf.org\/wordpressacltf\/wp-json\/wp\/v2\/media?parent=701"}],"wp:term":[{"taxonomy":"category","embeddable":true,"href":"http:\/\/acltf.org\/wordpressacltf\/wp-json\/wp\/v2\/categories?post=701"},{"taxonomy":"post_tag","embeddable":true,"href":"http:\/\/acltf.org\/wordpressacltf\/wp-json\/wp\/v2\/tags?post=701"}],"curies":[{"name":"wp","href":"https:\/\/api.w.org\/{rel}","templated":true}]}}