{"id":795,"date":"2023-02-12T16:41:00","date_gmt":"2023-02-12T15:41:00","guid":{"rendered":"http:\/\/acltf.org\/wordpressacltf\/?p=795"},"modified":"2023-02-12T18:58:45","modified_gmt":"2023-02-12T17:58:45","slug":"curso-online-ninxs-adolescentes","status":"publish","type":"post","link":"http:\/\/acltf.org\/wordpressacltf\/2023\/02\/12\/curso-online-ninxs-adolescentes\/","title":{"rendered":"Curso online:  \u201cDEJAR DE SER ECO PARA SER VOZ\u201d NI\u00d1XS Y ADOLESCENTES EN EL EPICENTRO (REAL) DE LA TERAPIA SIST\u00c9MICA"},"content":{"rendered":"\n<p class=\"has-text-align-justify\">Cuando hablamos de \u201cincluir\u201d a ni\u00f1xs y adolescentes en el proceso terap\u00e9utico muchas veces nos limitamos a convocarlos a las sesiones y a hacerles preguntas, como si as\u00ed estuvi\u00e9ramos escuchando realmente sus voces.<\/p>\n\n\n\n<p class=\"has-text-align-justify\">En otras ocasiones, conscientes de la sabidur\u00eda que ni\u00f1xs y adolescentes poseen sobre los problemas, las soluciones y sus familias, deseamos firmemente hacerlos protagonistas y buscamos t\u00e9cnicas adaptadas que nos permitan comunicarnos en su lenguaje, pero no sabemos muy bien c\u00f3mo, cu\u00e1ndo y para qu\u00e9 llevarlas a cabo; nos quedamos con la sensaci\u00f3n de que \u201cs\u00f3lo hemos jugado\u201d y de que no las hemos sacado todo el partido que habr\u00edamos podido.<\/p>\n\n\n\n<p class=\"has-text-align-justify\">Gracias a la exposici\u00f3n de varios casos reales aprenderemos c\u00f3mo conceptualizar y planificar la intervenci\u00f3n familiar con ni\u00f1xs y adolescentes, seleccionar con criterio t\u00e9cnicas coherentes con los objetivos y ponerlas en marcha de forma que podamos maximizar sus beneficios, tanto en relaci\u00f3n a las mejor\u00edas como al cuidado del v\u00ednculo.<\/p>\n\n\n\n<figure class=\"wp-block-image size-large\"><img decoding=\"async\" loading=\"lazy\" width=\"545\" height=\"771\" src=\"https:\/\/i0.wp.com\/acltf.org\/wordpressacltf\/wp-content\/uploads\/2023\/02\/Cartel-curso-Nerea.png?resize=545%2C771\" alt=\"Cartel curso dejar de ser eco para ser voz\" class=\"wp-image-796\" srcset=\"https:\/\/i0.wp.com\/acltf.org\/wordpressacltf\/wp-content\/uploads\/2023\/02\/Cartel-curso-Nerea.png?resize=724%2C1024 724w, https:\/\/i0.wp.com\/acltf.org\/wordpressacltf\/wp-content\/uploads\/2023\/02\/Cartel-curso-Nerea.png?resize=212%2C300 212w, https:\/\/i0.wp.com\/acltf.org\/wordpressacltf\/wp-content\/uploads\/2023\/02\/Cartel-curso-Nerea.png?resize=768%2C1086 768w, https:\/\/i0.wp.com\/acltf.org\/wordpressacltf\/wp-content\/uploads\/2023\/02\/Cartel-curso-Nerea.png?resize=1086%2C1536 1086w, https:\/\/i0.wp.com\/acltf.org\/wordpressacltf\/wp-content\/uploads\/2023\/02\/Cartel-curso-Nerea.png?resize=1448%2C2048 1448w, https:\/\/i0.wp.com\/acltf.org\/wordpressacltf\/wp-content\/uploads\/2023\/02\/Cartel-curso-Nerea.png?resize=220%2C311 220w, https:\/\/i0.wp.com\/acltf.org\/wordpressacltf\/wp-content\/uploads\/2023\/02\/Cartel-curso-Nerea.png?resize=187%2C265 187w, https:\/\/i0.wp.com\/acltf.org\/wordpressacltf\/wp-content\/uploads\/2023\/02\/Cartel-curso-Nerea.png?resize=453%2C641 453w, https:\/\/i0.wp.com\/acltf.org\/wordpressacltf\/wp-content\/uploads\/2023\/02\/Cartel-curso-Nerea.png?w=1587 1587w\" sizes=\"(max-width: 545px) 100vw, 545px\" data-recalc-dims=\"1\" \/><figcaption>Cartel curso dejar de ser eco para ser voz<\/figcaption><\/figure>\n\n\n\n<p><\/p>\n\n\n\n<p><strong>Ponente: NEREA CERVI\u00d1O<\/strong><\/p>\n\n\n\n<ul><li>Graduada en Psicolog\u00eda por la Universidad Internacional Isabel I.<\/li><li>Licenciada en Psicopedagog\u00eda y Diplomada en Educaci\u00f3n Social por la Universidad del Pa\u00eds Vasco.<\/li><li>M\u00e1ster en Terapia de Familia y Pareja por la Escuela Vasco Navarra de Terapia Familiar. Master en Terapia Cognitivo Conductual en Infancia y Adolescencia por la Universidad Nacional de Educaci\u00f3n a Distancia.<\/li><li>M\u00e1ster en Psicolog\u00eda General Sanitaria por Universit\u00e0 e Campus y Universidad Cat\u00f3lica de \u00c1vila.<\/li><li>M\u00e1ster en Terapia Narrativa por la Universidad de Extremadura.<\/li><li>Supervisora \/ T\u00e9cnica Protecci\u00f3n a la Infancia y Adolescencia en sistema de protecci\u00f3n (2003-2018).<\/li><li>Investigadora Doctorado (2018-2022) en Acogimiento Residencial.<\/li><li>Psicoterapeuta acreditada por la Federaci\u00f3n Espa\u00f1ola de Asociaciones de Terapia Familiar y la Federaci\u00f3n Espa\u00f1ola de Psicoterapeutas.<\/li><li>Docente en Escuela Vasco Navarra de Terapia Familiar.<\/li><li>Profesora Grado y M\u00e1ster en diversas universidades espa\u00f1olas.<\/li><li>Directora Centro HIKA Psicoterapia.<\/li><\/ul>\n\n\n\n<p><strong>Fecha y hora<\/strong>: S\u00e1bado 25 de marzo de 2023. 9:30- 13:30h<\/p>\n\n\n\n<p><strong>Formato<\/strong>: La formaci\u00f3n se impartir\u00e1 a trav\u00e9s de la plataforma online de videoconferencia&nbsp;<strong>Zoom<\/strong>.<\/p>\n\n\n\n<p><strong>Dirigido a<\/strong>: Psic\u00f3logos\/as, psiquiatras, psicoterapeutas, trabajadores\/as y educadores\/as sociales y otros profesionales del \u00e1mbito de la salud.<\/p>\n\n\n\n<p><strong>Objetivos<\/strong>: Desarrollar competencias para ajustar la pr\u00e1ctica terap\u00e9utica a las necesidades y recursos de ni\u00f1os y adolescentes.<\/p>\n\n\n\n<p><strong>Metodolog\u00eda<\/strong>:  Enfoque pr\u00e1ctico basado en el an\u00e1lisis de casos reales.<\/p>\n\n\n\n<p><strong>Contenidos:<\/strong><\/p>\n\n\n\n<ul><li>Breve contextualizaci\u00f3n de la pr\u00e1ctica.<\/li><li>Principios b\u00e1sicos de las intervenciones: modelo sist\u00e9mico integrador.<\/li><li>Metodolog\u00eda y setting. Plan acorde a hip\u00f3tesis y objetivos.<\/li><li>Casos pr\u00e1cticos infancia y adolescencia: an\u00e1lisis, demanda, intervenciones y ajustes. Diario de sesiones.<\/li><li>Estrategias y t\u00e9cnicas: nuevas opciones con mismos recursos.<\/li><li>Dudas y reflexiones.<\/li><\/ul>\n\n\n\n<h2 class=\"wp-block-heading\"><strong>Inscripci\u00f3n Online<\/strong><\/h2>\n\n\n\n<p><strong>FORMAS DE PAGO ADMITIDAS:<\/strong>&nbsp;<strong>Transferencia bancaria.<\/strong><strong><br><\/strong>N\u00ba de Cuenta: Unicaja Banco&nbsp;ES94 2103 4660 1100 3000 0545<\/p>\n\n\n\n<p><strong>Precios<\/strong><strong><\/strong><\/p>\n\n\n\n<ul><li>Inscripci\u00f3n para socios de la FEATF: 15 \u20ac.<\/li><li>Otros profesionales: 30 \u20ac.<\/li><\/ul>\n\n\n\n<hr class=\"wp-block-separator\"\/>\n\n\n\n<p>Para realizar la inscripci\u00f3n al seminario, tan solo&nbsp;hay enviarnos un mail a&nbsp;<a href=\"mailto:info@acltf.org\" target=\"_blank\" rel=\"noreferrer noopener\">info@acltf.org<\/a>&nbsp;con vuestro:<\/p>\n\n\n\n<ul><li>Nombre y apellido<\/li><li>Tel\u00e9fono<\/li><li>Profesi\u00f3n<\/li><li>Indicarnos si sois de la ACLTF, FEATF o ninguna de ellas<\/li><li>Justificante de pago en Unicaja Banco ES94 2103 4660 1100 3000 0545<\/li><\/ul>\n\n\n\n<p><\/p>\n<a class=\"synved-social-button synved-social-button-follow synved-social-size-48 synved-social-resolution-single synved-social-provider-facebook nolightbox\" data-provider=\"facebook\" target=\"_blank\" rel=\"nofollow\" title=\"Follow us on Facebook\" href=\"https:\/\/www.facebook.com\/facebook\" style=\"font-size: 0px;width:48px;height:48px;margin:0;margin-bottom:5px;margin-right:5px\"><img alt=\"Facebook\" title=\"Follow us on Facebook\" class=\"synved-share-image synved-social-image synved-social-image-follow\" width=\"48\" height=\"48\" style=\"display: inline;width:48px;height:48px;margin: 0;padding: 0;border: none\" src=\"https:\/\/i0.wp.com\/acltf.org\/wordpressacltf\/wp-content\/plugins\/social-media-feather\/synved-social\/image\/social\/regular\/96x96\/facebook.png?resize=48%2C48\" data-recalc-dims=\"1\" \/><\/a><a class=\"synved-social-button synved-social-button-follow synved-social-size-48 synved-social-resolution-single synved-social-provider-twitter nolightbox\" data-provider=\"twitter\" target=\"_blank\" rel=\"nofollow\" title=\"Follow us on Twitter\" href=\"https:\/\/twitter.com\/twitter\" style=\"font-size: 0px;width:48px;height:48px;margin:0;margin-bottom:5px;margin-right:5px\"><img alt=\"twitter\" title=\"Follow us on Twitter\" class=\"synved-share-image synved-social-image synved-social-image-follow\" width=\"48\" height=\"48\" style=\"display: inline;width:48px;height:48px;margin: 0;padding: 0;border: none\" src=\"https:\/\/i0.wp.com\/acltf.org\/wordpressacltf\/wp-content\/plugins\/social-media-feather\/synved-social\/image\/social\/regular\/96x96\/twitter.png?resize=48%2C48\" data-recalc-dims=\"1\" \/><\/a><a class=\"synved-social-button synved-social-button-follow synved-social-size-48 synved-social-resolution-single synved-social-provider-linkedin nolightbox\" data-provider=\"linkedin\" target=\"_blank\" rel=\"nofollow\" title=\"Find us on Linkedin\" href=\"https:\/\/www.linkedin.com\/in\/yourid\" style=\"font-size: 0px;width:48px;height:48px;margin:0;margin-bottom:5px;margin-right:5px\"><img alt=\"linkedin\" title=\"Find us on Linkedin\" class=\"synved-share-image synved-social-image synved-social-image-follow\" width=\"48\" height=\"48\" style=\"display: inline;width:48px;height:48px;margin: 0;padding: 0;border: none\" src=\"https:\/\/i0.wp.com\/acltf.org\/wordpressacltf\/wp-content\/plugins\/social-media-feather\/synved-social\/image\/social\/regular\/96x96\/linkedin.png?resize=48%2C48\" data-recalc-dims=\"1\" \/><\/a><a class=\"synved-social-button synved-social-button-follow synved-social-size-48 synved-social-resolution-single synved-social-provider-instagram nolightbox\" data-provider=\"instagram\" target=\"_blank\" rel=\"nofollow\" title=\"Check out our instagram feed\" href=\"https:\/\/instagram.com\/myusername\" style=\"font-size: 0px;width:48px;height:48px;margin:0;margin-bottom:5px;margin-right:5px\"><img alt=\"instagram\" title=\"Check out our instagram feed\" class=\"synved-share-image synved-social-image synved-social-image-follow\" width=\"48\" height=\"48\" style=\"display: inline;width:48px;height:48px;margin: 0;padding: 0;border: none\" src=\"https:\/\/i0.wp.com\/acltf.org\/wordpressacltf\/wp-content\/plugins\/social-media-feather\/synved-social\/image\/social\/regular\/96x96\/instagram.png?resize=48%2C48\" data-recalc-dims=\"1\" \/><\/a><a class=\"synved-social-button synved-social-button-follow synved-social-size-48 synved-social-resolution-single synved-social-provider-flickr nolightbox\" data-provider=\"flickr\" target=\"_blank\" rel=\"nofollow\" title=\"Check out our flickr feed\" href=\"https:\/\/www.flickr.com\/photos\/myusername\/\" style=\"font-size: 0px;width:48px;height:48px;margin:0;margin-bottom:5px;margin-right:5px\"><img alt=\"flickr\" title=\"Check out our flickr feed\" class=\"synved-share-image synved-social-image synved-social-image-follow\" width=\"48\" height=\"48\" style=\"display: inline;width:48px;height:48px;margin: 0;padding: 0;border: none\" src=\"https:\/\/i0.wp.com\/acltf.org\/wordpressacltf\/wp-content\/plugins\/social-media-feather\/synved-social\/image\/social\/regular\/96x96\/flickr.png?resize=48%2C48\" data-recalc-dims=\"1\" \/><\/a><a class=\"synved-social-button synved-social-button-follow synved-social-size-48 synved-social-resolution-single synved-social-provider-foursquare nolightbox\" data-provider=\"foursquare\" target=\"_blank\" rel=\"nofollow\" title=\"Check out our foursquare feed\" href=\"https:\/\/foursquare.com\/myusername\" style=\"font-size: 0px;width:48px;height:48px;margin:0;margin-bottom:5px;margin-right:5px\"><img alt=\"foursquare\" title=\"Check out our foursquare feed\" class=\"synved-share-image synved-social-image synved-social-image-follow\" width=\"48\" height=\"48\" style=\"display: inline;width:48px;height:48px;margin: 0;padding: 0;border: none\" src=\"https:\/\/i0.wp.com\/acltf.org\/wordpressacltf\/wp-content\/plugins\/social-media-feather\/synved-social\/image\/social\/regular\/96x96\/foursquare.png?resize=48%2C48\" data-recalc-dims=\"1\" \/><\/a><a class=\"synved-social-button synved-social-button-follow synved-social-size-48 synved-social-resolution-single synved-social-provider-mail nolightbox\" data-provider=\"mail\" rel=\"nofollow\" title=\"Contact Us\" href=\"mailto:mail@example.com?subject=Contact%20Request\" style=\"font-size: 0px;width:48px;height:48px;margin:0;margin-bottom:5px\"><img alt=\"mail\" title=\"Contact Us\" class=\"synved-share-image synved-social-image synved-social-image-follow\" width=\"48\" height=\"48\" style=\"display: inline;width:48px;height:48px;margin: 0;padding: 0;border: none\" src=\"https:\/\/i0.wp.com\/acltf.org\/wordpressacltf\/wp-content\/plugins\/social-media-feather\/synved-social\/image\/social\/regular\/96x96\/mail.png?resize=48%2C48\" data-recalc-dims=\"1\" \/><\/a>","protected":false},"excerpt":{"rendered":"<p>Conceptualizar y planificar la intervenci\u00f3n familiar con ni\u00f1xs y adolescentes, seleccionar con criterio t\u00e9cnicas coherentes y aplicarlas.<\/p>\n","protected":false},"author":1,"featured_media":796,"comment_status":"open","ping_status":"open","sticky":false,"template":"","format":"standard","meta":{"jetpack_post_was_ever_published":false,"_jetpack_newsletter_access":"","_jetpack_newsletter_tier_id":0,"jetpack_publicize_message":"","jetpack_is_tweetstorm":false,"jetpack_publicize_feature_enabled":true,"jetpack_social_post_already_shared":true,"jetpack_social_options":{"image_generator_settings":{"template":"highway","enabled":false}}},"categories":[6],"tags":[16,13,14,15,17,18],"jetpack_publicize_connections":[],"yoast_head":"<!-- This site is optimized with the Yoast SEO plugin v21.8.1 - https:\/\/yoast.com\/wordpress\/plugins\/seo\/ -->\n<title>Curso online: \u201cDEJAR DE SER ECO PARA SER VOZ\u201d NI\u00d1XS Y ADOLESCENTES EN EL EPICENTRO (REAL) DE LA TERAPIA SIST\u00c9MICA - Asociaci\u00f3n Castellano Leonesa de Terapia Familiar<\/title>\n<meta name=\"description\" content=\"Conceptualizar y planificar la intervenci\u00f3n familiar con ni\u00f1xs y adolescentes, seleccionar con criterio t\u00e9cnicas coherentes y aplicarlas.\" \/>\n<meta name=\"robots\" content=\"index, follow, max-snippet:-1, max-image-preview:large, max-video-preview:-1\" \/>\n<link rel=\"canonical\" href=\"https:\/\/acltf.org\/wordpressacltf\/2023\/02\/12\/curso-online-ninxs-adolescentes\/\" \/>\n<meta property=\"og:locale\" content=\"es_ES\" \/>\n<meta property=\"og:type\" content=\"article\" \/>\n<meta property=\"og:title\" content=\"Curso online: \u201cDEJAR DE SER ECO PARA SER VOZ\u201d NI\u00d1XS Y ADOLESCENTES EN EL EPICENTRO (REAL) DE LA TERAPIA SIST\u00c9MICA - Asociaci\u00f3n Castellano Leonesa de Terapia Familiar\" \/>\n<meta property=\"og:description\" content=\"Conceptualizar y planificar la intervenci\u00f3n familiar con ni\u00f1xs y adolescentes, seleccionar con criterio t\u00e9cnicas coherentes y aplicarlas.\" \/>\n<meta property=\"og:url\" content=\"https:\/\/acltf.org\/wordpressacltf\/2023\/02\/12\/curso-online-ninxs-adolescentes\/\" \/>\n<meta property=\"og:site_name\" content=\"Asociaci\u00f3n Castellano Leonesa de Terapia Familiar\" \/>\n<meta property=\"article:publisher\" content=\"https:\/\/www.facebook.com\/pages\/Asociaci%c3%b3n-Castellano-Leonesa-de-Terapia-Familiar\/820904984647986?fref=ts\" \/>\n<meta property=\"article:published_time\" content=\"2023-02-12T15:41:00+00:00\" \/>\n<meta property=\"article:modified_time\" content=\"2023-02-12T17:58:45+00:00\" \/>\n<meta property=\"og:image\" content=\"https:\/\/i0.wp.com\/acltf.org\/wordpressacltf\/wp-content\/uploads\/2023\/02\/Cartel-curso-Nerea.png?fit=1587%2C2245&ssl=1\" \/>\n\t<meta property=\"og:image:width\" content=\"1587\" \/>\n\t<meta property=\"og:image:height\" content=\"2245\" \/>\n\t<meta property=\"og:image:type\" content=\"image\/png\" \/>\n<meta name=\"author\" content=\"acltf\" \/>\n<meta name=\"twitter:card\" content=\"summary_large_image\" \/>\n<meta name=\"twitter:label1\" content=\"Escrito por\" \/>\n\t<meta name=\"twitter:data1\" content=\"acltf\" \/>\n\t<meta name=\"twitter:label2\" content=\"Tiempo de lectura\" \/>\n\t<meta name=\"twitter:data2\" content=\"3 minutos\" \/>\n<script type=\"application\/ld+json\" class=\"yoast-schema-graph\">{\"@context\":\"https:\/\/schema.org\",\"@graph\":[{\"@type\":\"Article\",\"@id\":\"https:\/\/acltf.org\/wordpressacltf\/2023\/02\/12\/curso-online-ninxs-adolescentes\/#article\",\"isPartOf\":{\"@id\":\"https:\/\/acltf.org\/wordpressacltf\/2023\/02\/12\/curso-online-ninxs-adolescentes\/\"},\"author\":{\"name\":\"acltf\",\"@id\":\"http:\/\/acltf.org\/wordpressacltf\/#\/schema\/person\/b6c564ade2d2bb9314129dcb39e0e683\"},\"headline\":\"Curso online: \u201cDEJAR DE SER ECO PARA SER VOZ\u201d NI\u00d1XS Y ADOLESCENTES EN EL EPICENTRO (REAL) DE LA TERAPIA SIST\u00c9MICA\",\"datePublished\":\"2023-02-12T15:41:00+00:00\",\"dateModified\":\"2023-02-12T17:58:45+00:00\",\"mainEntityOfPage\":{\"@id\":\"https:\/\/acltf.org\/wordpressacltf\/2023\/02\/12\/curso-online-ninxs-adolescentes\/\"},\"wordCount\":572,\"commentCount\":50,\"publisher\":{\"@id\":\"http:\/\/acltf.org\/wordpressacltf\/#organization\"},\"keywords\":[\"adolescentes\",\"curso\",\"formacion\",\"seminario\",\"sistemica\",\"terapia\"],\"articleSection\":[\"Noticias\"],\"inLanguage\":\"es\",\"potentialAction\":[{\"@type\":\"CommentAction\",\"name\":\"Comment\",\"target\":[\"https:\/\/acltf.org\/wordpressacltf\/2023\/02\/12\/curso-online-ninxs-adolescentes\/#respond\"]}]},{\"@type\":\"WebPage\",\"@id\":\"https:\/\/acltf.org\/wordpressacltf\/2023\/02\/12\/curso-online-ninxs-adolescentes\/\",\"url\":\"https:\/\/acltf.org\/wordpressacltf\/2023\/02\/12\/curso-online-ninxs-adolescentes\/\",\"name\":\"Curso online: \u201cDEJAR DE SER ECO PARA SER VOZ\u201d NI\u00d1XS Y ADOLESCENTES EN EL EPICENTRO (REAL) DE LA TERAPIA SIST\u00c9MICA - Asociaci\u00f3n Castellano Leonesa de Terapia Familiar\",\"isPartOf\":{\"@id\":\"http:\/\/acltf.org\/wordpressacltf\/#website\"},\"datePublished\":\"2023-02-12T15:41:00+00:00\",\"dateModified\":\"2023-02-12T17:58:45+00:00\",\"description\":\"Conceptualizar y planificar la intervenci\u00f3n familiar con ni\u00f1xs y adolescentes, seleccionar con criterio t\u00e9cnicas coherentes y aplicarlas.\",\"breadcrumb\":{\"@id\":\"https:\/\/acltf.org\/wordpressacltf\/2023\/02\/12\/curso-online-ninxs-adolescentes\/#breadcrumb\"},\"inLanguage\":\"es\",\"potentialAction\":[{\"@type\":\"ReadAction\",\"target\":[\"https:\/\/acltf.org\/wordpressacltf\/2023\/02\/12\/curso-online-ninxs-adolescentes\/\"]}]},{\"@type\":\"BreadcrumbList\",\"@id\":\"https:\/\/acltf.org\/wordpressacltf\/2023\/02\/12\/curso-online-ninxs-adolescentes\/#breadcrumb\",\"itemListElement\":[{\"@type\":\"ListItem\",\"position\":1,\"name\":\"Portada\",\"item\":\"http:\/\/acltf.org\/wordpressacltf\/\"},{\"@type\":\"ListItem\",\"position\":2,\"name\":\"Curso online: \u201cDEJAR DE SER ECO PARA SER VOZ\u201d NI\u00d1XS Y ADOLESCENTES EN EL EPICENTRO (REAL) DE LA TERAPIA SIST\u00c9MICA\"}]},{\"@type\":\"WebSite\",\"@id\":\"http:\/\/acltf.org\/wordpressacltf\/#website\",\"url\":\"http:\/\/acltf.org\/wordpressacltf\/\",\"name\":\"Asociaci\u00f3n Castellano Leonesa de Terapia Familiar\",\"description\":\"Asociaci\u00f3n de Terapia Familiar\",\"publisher\":{\"@id\":\"http:\/\/acltf.org\/wordpressacltf\/#organization\"},\"potentialAction\":[{\"@type\":\"SearchAction\",\"target\":{\"@type\":\"EntryPoint\",\"urlTemplate\":\"http:\/\/acltf.org\/wordpressacltf\/?s={search_term_string}\"},\"query-input\":\"required name=search_term_string\"}],\"inLanguage\":\"es\"},{\"@type\":\"Organization\",\"@id\":\"http:\/\/acltf.org\/wordpressacltf\/#organization\",\"name\":\"acltf\",\"url\":\"http:\/\/acltf.org\/wordpressacltf\/\",\"logo\":{\"@type\":\"ImageObject\",\"inLanguage\":\"es\",\"@id\":\"http:\/\/acltf.org\/wordpressacltf\/#\/schema\/logo\/image\/\",\"url\":\"http:\/\/acltf.org\/wordpressacltf\/wp-content\/uploads\/2015\/05\/Logo250.png\",\"contentUrl\":\"http:\/\/acltf.org\/wordpressacltf\/wp-content\/uploads\/2015\/05\/Logo250.png\",\"width\":250,\"height\":250,\"caption\":\"acltf\"},\"image\":{\"@id\":\"http:\/\/acltf.org\/wordpressacltf\/#\/schema\/logo\/image\/\"},\"sameAs\":[\"https:\/\/www.facebook.com\/pages\/Asociaci\u00f3n-Castellano-Leonesa-de-Terapia-Familiar\/820904984647986?fref=ts\"]},{\"@type\":\"Person\",\"@id\":\"http:\/\/acltf.org\/wordpressacltf\/#\/schema\/person\/b6c564ade2d2bb9314129dcb39e0e683\",\"name\":\"acltf\",\"image\":{\"@type\":\"ImageObject\",\"inLanguage\":\"es\",\"@id\":\"http:\/\/acltf.org\/wordpressacltf\/#\/schema\/person\/image\/\",\"url\":\"http:\/\/2.gravatar.com\/avatar\/e02eb9fac6bef8ad5fde1db30df7d020?s=96&d=mm&r=g\",\"contentUrl\":\"http:\/\/2.gravatar.com\/avatar\/e02eb9fac6bef8ad5fde1db30df7d020?s=96&d=mm&r=g\",\"caption\":\"acltf\"},\"description\":\"Asociaci\u00f3n de Terapia Familiar de Castilla y Le\u00f3n info@acltf.org\",\"url\":\"http:\/\/acltf.org\/wordpressacltf\/author\/acltf\/\"}]}<\/script>\n<!-- \/ Yoast SEO plugin. -->","yoast_head_json":{"title":"Curso online: \u201cDEJAR DE SER ECO PARA SER VOZ\u201d NI\u00d1XS Y ADOLESCENTES EN EL EPICENTRO (REAL) DE LA TERAPIA SIST\u00c9MICA - Asociaci\u00f3n Castellano Leonesa de Terapia Familiar","description":"Conceptualizar y planificar la intervenci\u00f3n familiar con ni\u00f1xs y adolescentes, seleccionar con criterio t\u00e9cnicas coherentes y aplicarlas.","robots":{"index":"index","follow":"follow","max-snippet":"max-snippet:-1","max-image-preview":"max-image-preview:large","max-video-preview":"max-video-preview:-1"},"canonical":"https:\/\/acltf.org\/wordpressacltf\/2023\/02\/12\/curso-online-ninxs-adolescentes\/","og_locale":"es_ES","og_type":"article","og_title":"Curso online: \u201cDEJAR DE SER ECO PARA SER VOZ\u201d NI\u00d1XS Y ADOLESCENTES EN EL EPICENTRO (REAL) DE LA TERAPIA SIST\u00c9MICA - Asociaci\u00f3n Castellano Leonesa de Terapia Familiar","og_description":"Conceptualizar y planificar la intervenci\u00f3n familiar con ni\u00f1xs y adolescentes, seleccionar con criterio t\u00e9cnicas coherentes y aplicarlas.","og_url":"https:\/\/acltf.org\/wordpressacltf\/2023\/02\/12\/curso-online-ninxs-adolescentes\/","og_site_name":"Asociaci\u00f3n Castellano Leonesa de Terapia Familiar","article_publisher":"https:\/\/www.facebook.com\/pages\/Asociaci%c3%b3n-Castellano-Leonesa-de-Terapia-Familiar\/820904984647986?fref=ts","article_published_time":"2023-02-12T15:41:00+00:00","article_modified_time":"2023-02-12T17:58:45+00:00","og_image":[{"width":1587,"height":2245,"url":"https:\/\/i0.wp.com\/acltf.org\/wordpressacltf\/wp-content\/uploads\/2023\/02\/Cartel-curso-Nerea.png?fit=1587%2C2245&ssl=1","type":"image\/png"}],"author":"acltf","twitter_card":"summary_large_image","twitter_misc":{"Escrito por":"acltf","Tiempo de lectura":"3 minutos"},"schema":{"@context":"https:\/\/schema.org","@graph":[{"@type":"Article","@id":"https:\/\/acltf.org\/wordpressacltf\/2023\/02\/12\/curso-online-ninxs-adolescentes\/#article","isPartOf":{"@id":"https:\/\/acltf.org\/wordpressacltf\/2023\/02\/12\/curso-online-ninxs-adolescentes\/"},"author":{"name":"acltf","@id":"http:\/\/acltf.org\/wordpressacltf\/#\/schema\/person\/b6c564ade2d2bb9314129dcb39e0e683"},"headline":"Curso online: \u201cDEJAR DE SER ECO PARA SER VOZ\u201d NI\u00d1XS Y ADOLESCENTES EN EL EPICENTRO (REAL) DE LA TERAPIA SIST\u00c9MICA","datePublished":"2023-02-12T15:41:00+00:00","dateModified":"2023-02-12T17:58:45+00:00","mainEntityOfPage":{"@id":"https:\/\/acltf.org\/wordpressacltf\/2023\/02\/12\/curso-online-ninxs-adolescentes\/"},"wordCount":572,"commentCount":50,"publisher":{"@id":"http:\/\/acltf.org\/wordpressacltf\/#organization"},"keywords":["adolescentes","curso","formacion","seminario","sistemica","terapia"],"articleSection":["Noticias"],"inLanguage":"es","potentialAction":[{"@type":"CommentAction","name":"Comment","target":["https:\/\/acltf.org\/wordpressacltf\/2023\/02\/12\/curso-online-ninxs-adolescentes\/#respond"]}]},{"@type":"WebPage","@id":"https:\/\/acltf.org\/wordpressacltf\/2023\/02\/12\/curso-online-ninxs-adolescentes\/","url":"https:\/\/acltf.org\/wordpressacltf\/2023\/02\/12\/curso-online-ninxs-adolescentes\/","name":"Curso online: \u201cDEJAR DE SER ECO PARA SER VOZ\u201d NI\u00d1XS Y ADOLESCENTES EN EL EPICENTRO (REAL) DE LA TERAPIA SIST\u00c9MICA - Asociaci\u00f3n Castellano Leonesa de Terapia Familiar","isPartOf":{"@id":"http:\/\/acltf.org\/wordpressacltf\/#website"},"datePublished":"2023-02-12T15:41:00+00:00","dateModified":"2023-02-12T17:58:45+00:00","description":"Conceptualizar y planificar la intervenci\u00f3n familiar con ni\u00f1xs y adolescentes, seleccionar con criterio t\u00e9cnicas coherentes y aplicarlas.","breadcrumb":{"@id":"https:\/\/acltf.org\/wordpressacltf\/2023\/02\/12\/curso-online-ninxs-adolescentes\/#breadcrumb"},"inLanguage":"es","potentialAction":[{"@type":"ReadAction","target":["https:\/\/acltf.org\/wordpressacltf\/2023\/02\/12\/curso-online-ninxs-adolescentes\/"]}]},{"@type":"BreadcrumbList","@id":"https:\/\/acltf.org\/wordpressacltf\/2023\/02\/12\/curso-online-ninxs-adolescentes\/#breadcrumb","itemListElement":[{"@type":"ListItem","position":1,"name":"Portada","item":"http:\/\/acltf.org\/wordpressacltf\/"},{"@type":"ListItem","position":2,"name":"Curso online: \u201cDEJAR DE SER ECO PARA SER VOZ\u201d NI\u00d1XS Y ADOLESCENTES EN EL EPICENTRO (REAL) DE LA TERAPIA SIST\u00c9MICA"}]},{"@type":"WebSite","@id":"http:\/\/acltf.org\/wordpressacltf\/#website","url":"http:\/\/acltf.org\/wordpressacltf\/","name":"Asociaci\u00f3n Castellano Leonesa de Terapia Familiar","description":"Asociaci\u00f3n de Terapia Familiar","publisher":{"@id":"http:\/\/acltf.org\/wordpressacltf\/#organization"},"potentialAction":[{"@type":"SearchAction","target":{"@type":"EntryPoint","urlTemplate":"http:\/\/acltf.org\/wordpressacltf\/?s={search_term_string}"},"query-input":"required name=search_term_string"}],"inLanguage":"es"},{"@type":"Organization","@id":"http:\/\/acltf.org\/wordpressacltf\/#organization","name":"acltf","url":"http:\/\/acltf.org\/wordpressacltf\/","logo":{"@type":"ImageObject","inLanguage":"es","@id":"http:\/\/acltf.org\/wordpressacltf\/#\/schema\/logo\/image\/","url":"http:\/\/acltf.org\/wordpressacltf\/wp-content\/uploads\/2015\/05\/Logo250.png","contentUrl":"http:\/\/acltf.org\/wordpressacltf\/wp-content\/uploads\/2015\/05\/Logo250.png","width":250,"height":250,"caption":"acltf"},"image":{"@id":"http:\/\/acltf.org\/wordpressacltf\/#\/schema\/logo\/image\/"},"sameAs":["https:\/\/www.facebook.com\/pages\/Asociaci\u00f3n-Castellano-Leonesa-de-Terapia-Familiar\/820904984647986?fref=ts"]},{"@type":"Person","@id":"http:\/\/acltf.org\/wordpressacltf\/#\/schema\/person\/b6c564ade2d2bb9314129dcb39e0e683","name":"acltf","image":{"@type":"ImageObject","inLanguage":"es","@id":"http:\/\/acltf.org\/wordpressacltf\/#\/schema\/person\/image\/","url":"http:\/\/2.gravatar.com\/avatar\/e02eb9fac6bef8ad5fde1db30df7d020?s=96&d=mm&r=g","contentUrl":"http:\/\/2.gravatar.com\/avatar\/e02eb9fac6bef8ad5fde1db30df7d020?s=96&d=mm&r=g","caption":"acltf"},"description":"Asociaci\u00f3n de Terapia Familiar de Castilla y Le\u00f3n info@acltf.org","url":"http:\/\/acltf.org\/wordpressacltf\/author\/acltf\/"}]}},"jetpack_featured_media_url":"https:\/\/i0.wp.com\/acltf.org\/wordpressacltf\/wp-content\/uploads\/2023\/02\/Cartel-curso-Nerea.png?fit=1587%2C2245","jetpack_sharing_enabled":true,"jetpack_shortlink":"https:\/\/wp.me\/p6UE5O-cP","jetpack_likes_enabled":true,"_links":{"self":[{"href":"http:\/\/acltf.org\/wordpressacltf\/wp-json\/wp\/v2\/posts\/795"}],"collection":[{"href":"http:\/\/acltf.org\/wordpressacltf\/wp-json\/wp\/v2\/posts"}],"about":[{"href":"http:\/\/acltf.org\/wordpressacltf\/wp-json\/wp\/v2\/types\/post"}],"author":[{"embeddable":true,"href":"http:\/\/acltf.org\/wordpressacltf\/wp-json\/wp\/v2\/users\/1"}],"replies":[{"embeddable":true,"href":"http:\/\/acltf.org\/wordpressacltf\/wp-json\/wp\/v2\/comments?post=795"}],"version-history":[{"count":3,"href":"http:\/\/acltf.org\/wordpressacltf\/wp-json\/wp\/v2\/posts\/795\/revisions"}],"predecessor-version":[{"id":799,"href":"http:\/\/acltf.org\/wordpressacltf\/wp-json\/wp\/v2\/posts\/795\/revisions\/799"}],"wp:featuredmedia":[{"embeddable":true,"href":"http:\/\/acltf.org\/wordpressacltf\/wp-json\/wp\/v2\/media\/796"}],"wp:attachment":[{"href":"http:\/\/acltf.org\/wordpressacltf\/wp-json\/wp\/v2\/media?parent=795"}],"wp:term":[{"taxonomy":"category","embeddable":true,"href":"http:\/\/acltf.org\/wordpressacltf\/wp-json\/wp\/v2\/categories?post=795"},{"taxonomy":"post_tag","embeddable":true,"href":"http:\/\/acltf.org\/wordpressacltf\/wp-json\/wp\/v2\/tags?post=795"}],"curies":[{"name":"wp","href":"https:\/\/api.w.org\/{rel}","templated":true}]}}