{"id":806,"date":"2023-04-27T13:03:04","date_gmt":"2023-04-27T11:03:04","guid":{"rendered":"http:\/\/acltf.org\/wordpressacltf\/?p=806"},"modified":"2023-04-27T13:06:05","modified_gmt":"2023-04-27T11:06:05","slug":"seminario-online-relacion-herman","status":"publish","type":"post","link":"http:\/\/acltf.org\/wordpressacltf\/2023\/04\/27\/seminario-online-relacion-herman\/","title":{"rendered":"Seminario Online:"},"content":{"rendered":"\n<p><\/p>\n\n\n\n<h2 class=\"wp-block-heading\"><strong>\u201cHermanos: Amigos Temidos, Enemigos Adorados\u201d<\/strong><\/h2>\n\n\n\n<p><\/p>\n\n\n\n<p>En este seminario, Annette Kreuz compartir\u00e1 con nosotros conocimientos, casos pr\u00e1cticos y herramientas \u00fatiles para sacar el m\u00e1ximo partido en terapia al trabajo con la RELACI\u00d3N ENTRE HERMANOS (el laboratorio natural de las relaciones) dentro del Modelo F\u00e1sico, entendi\u00e9ndola como fuente de recursos y fortalezas, muchas veces infrautilizados.<\/p>\n\n\n\n<p><\/p>\n\n\n\n<p><\/p>\n\n\n\n<p><\/p>\n\n\n<div class=\"wp-block-image\">\n<figure class=\"aligncenter size-large\"><a href=\"https:\/\/i0.wp.com\/acltf.org\/wordpressacltf\/wp-content\/uploads\/2023\/04\/Annette-Kreuz-Relacion-entre-hermanos.jpg\"><img decoding=\"async\" loading=\"lazy\" width=\"545\" height=\"771\" src=\"https:\/\/i0.wp.com\/acltf.org\/wordpressacltf\/wp-content\/uploads\/2023\/04\/Annette-Kreuz-Relacion-entre-hermanos.jpg?resize=545%2C771\" alt=\"Annette Kreuz - Relaci\u00f3n entre hermano\" class=\"wp-image-812\" srcset=\"https:\/\/i0.wp.com\/acltf.org\/wordpressacltf\/wp-content\/uploads\/2023\/04\/Annette-Kreuz-Relacion-entre-hermanos.jpg?resize=724%2C1024 724w, https:\/\/i0.wp.com\/acltf.org\/wordpressacltf\/wp-content\/uploads\/2023\/04\/Annette-Kreuz-Relacion-entre-hermanos.jpg?resize=212%2C300 212w, https:\/\/i0.wp.com\/acltf.org\/wordpressacltf\/wp-content\/uploads\/2023\/04\/Annette-Kreuz-Relacion-entre-hermanos.jpg?resize=768%2C1086 768w, https:\/\/i0.wp.com\/acltf.org\/wordpressacltf\/wp-content\/uploads\/2023\/04\/Annette-Kreuz-Relacion-entre-hermanos.jpg?resize=1086%2C1536 1086w, https:\/\/i0.wp.com\/acltf.org\/wordpressacltf\/wp-content\/uploads\/2023\/04\/Annette-Kreuz-Relacion-entre-hermanos.jpg?resize=220%2C311 220w, https:\/\/i0.wp.com\/acltf.org\/wordpressacltf\/wp-content\/uploads\/2023\/04\/Annette-Kreuz-Relacion-entre-hermanos.jpg?resize=187%2C265 187w, https:\/\/i0.wp.com\/acltf.org\/wordpressacltf\/wp-content\/uploads\/2023\/04\/Annette-Kreuz-Relacion-entre-hermanos.jpg?resize=453%2C641 453w, https:\/\/i0.wp.com\/acltf.org\/wordpressacltf\/wp-content\/uploads\/2023\/04\/Annette-Kreuz-Relacion-entre-hermanos.jpg?w=1131 1131w\" sizes=\"(max-width: 545px) 100vw, 545px\" data-recalc-dims=\"1\" \/><\/a><\/figure><\/div>\n\n\n<div style=\"height:100px\" aria-hidden=\"true\" class=\"wp-block-spacer\"><\/div>\n\n\n\n<ul>\n<li><strong>Ponente: Annette Kreuz. <\/strong>Psic\u00f3loga Cl\u00ednica. Psicoterapeuta. Terapeuta Individual, de Parejas y de Familias acreditada por la FEATF. Directora del Centro de Terapia Familiar \u201cFase 2\u201d de Valencia.<strong><\/strong><\/li>\n<\/ul>\n\n\n\n<ul>\n<li><strong>Fecha y hora<\/strong>: S\u00e1bado 27 de mayo de 2023. 9:30- 13:30h<strong><\/strong><\/li>\n<\/ul>\n\n\n\n<ul>\n<li><strong>Formato<\/strong>: La formaci\u00f3n se impartir\u00e1 a trav\u00e9s de la plataforma online de videoconferencia&nbsp;<strong>Zoom<\/strong>.<strong><\/strong><\/li>\n<\/ul>\n\n\n\n<ul>\n<li><strong>Dirigido a<\/strong>: Psic\u00f3logos\/as, psiquiatras, psicoterapeutas, trabajadores\/as y educadores\/as sociales y otros profesionales del \u00e1mbito de la salud.<strong><\/strong><\/li>\n<\/ul>\n\n\n\n<p><strong>Inscripci\u00f3n Online<\/strong><\/p>\n\n\n\n<ul>\n<li><strong>Forma de pago:<\/strong>&nbsp;Transferencia bancaria.N\u00ba de Cuenta: Unicaja Banco&nbsp;ES94 2103 4660 1100 3000 0545<\/li>\n\n\n\n<li><strong>Precios<\/strong><\/li>\n\n\n\n<li>Inscripci\u00f3n para socios de la FEATF: 15 \u20ac.<\/li>\n\n\n\n<li>Otros profesionales: 30 \u20ac.<\/li>\n<\/ul>\n\n\n\n<p>Para realizar la inscripci\u00f3n al seminario, tan solo&nbsp;hay que enviarnos un mail a&nbsp;<a href=\"mailto:info@acltf.org\" target=\"_blank\" rel=\"noreferrer noopener\">info@acltf.org<\/a>&nbsp;con vuestro:<\/p>\n\n\n\n<ul>\n<li>Nombre y apellido<\/li>\n\n\n\n<li>Tel\u00e9fono<\/li>\n\n\n\n<li>Profesi\u00f3n<\/li>\n\n\n\n<li>Indicarnos si sois de la ACLTF, FEATF o ninguna de ellas.<\/li>\n\n\n\n<li>Justificante de pago en Unicaja Banco ES94 2103 4660 1100 3000 0545<\/li>\n\n\n\n<li>Si necesitas factura, ind\u00edcanoslo en el email y a\u00f1ade DNI\/CIF y direcci\u00f3n fiscal.<\/li>\n<\/ul>\n\n\n\n<p><\/p>\n<a class=\"synved-social-button synved-social-button-follow synved-social-size-48 synved-social-resolution-single synved-social-provider-facebook nolightbox\" data-provider=\"facebook\" target=\"_blank\" rel=\"nofollow\" title=\"Follow us on Facebook\" href=\"https:\/\/www.facebook.com\/facebook\" style=\"font-size: 0px;width:48px;height:48px;margin:0;margin-bottom:5px;margin-right:5px\"><img alt=\"Facebook\" title=\"Follow us on Facebook\" class=\"synved-share-image synved-social-image synved-social-image-follow\" width=\"48\" height=\"48\" style=\"display: inline;width:48px;height:48px;margin: 0;padding: 0;border: none\" src=\"https:\/\/i0.wp.com\/acltf.org\/wordpressacltf\/wp-content\/plugins\/social-media-feather\/synved-social\/image\/social\/regular\/96x96\/facebook.png?resize=48%2C48\" data-recalc-dims=\"1\" \/><\/a><a class=\"synved-social-button synved-social-button-follow synved-social-size-48 synved-social-resolution-single synved-social-provider-twitter nolightbox\" data-provider=\"twitter\" target=\"_blank\" rel=\"nofollow\" title=\"Follow us on Twitter\" href=\"https:\/\/twitter.com\/twitter\" style=\"font-size: 0px;width:48px;height:48px;margin:0;margin-bottom:5px;margin-right:5px\"><img alt=\"twitter\" title=\"Follow us on Twitter\" class=\"synved-share-image synved-social-image synved-social-image-follow\" width=\"48\" height=\"48\" style=\"display: inline;width:48px;height:48px;margin: 0;padding: 0;border: none\" src=\"https:\/\/i0.wp.com\/acltf.org\/wordpressacltf\/wp-content\/plugins\/social-media-feather\/synved-social\/image\/social\/regular\/96x96\/twitter.png?resize=48%2C48\" data-recalc-dims=\"1\" \/><\/a><a class=\"synved-social-button synved-social-button-follow synved-social-size-48 synved-social-resolution-single synved-social-provider-linkedin nolightbox\" data-provider=\"linkedin\" target=\"_blank\" rel=\"nofollow\" title=\"Find us on Linkedin\" href=\"https:\/\/www.linkedin.com\/in\/yourid\" style=\"font-size: 0px;width:48px;height:48px;margin:0;margin-bottom:5px;margin-right:5px\"><img alt=\"linkedin\" title=\"Find us on Linkedin\" class=\"synved-share-image synved-social-image synved-social-image-follow\" width=\"48\" height=\"48\" style=\"display: inline;width:48px;height:48px;margin: 0;padding: 0;border: none\" src=\"https:\/\/i0.wp.com\/acltf.org\/wordpressacltf\/wp-content\/plugins\/social-media-feather\/synved-social\/image\/social\/regular\/96x96\/linkedin.png?resize=48%2C48\" data-recalc-dims=\"1\" \/><\/a><a class=\"synved-social-button synved-social-button-follow synved-social-size-48 synved-social-resolution-single synved-social-provider-instagram nolightbox\" data-provider=\"instagram\" target=\"_blank\" rel=\"nofollow\" title=\"Check out our instagram feed\" href=\"https:\/\/instagram.com\/myusername\" style=\"font-size: 0px;width:48px;height:48px;margin:0;margin-bottom:5px;margin-right:5px\"><img alt=\"instagram\" title=\"Check out our instagram feed\" class=\"synved-share-image synved-social-image synved-social-image-follow\" width=\"48\" height=\"48\" style=\"display: inline;width:48px;height:48px;margin: 0;padding: 0;border: none\" src=\"https:\/\/i0.wp.com\/acltf.org\/wordpressacltf\/wp-content\/plugins\/social-media-feather\/synved-social\/image\/social\/regular\/96x96\/instagram.png?resize=48%2C48\" data-recalc-dims=\"1\" \/><\/a><a class=\"synved-social-button synved-social-button-follow synved-social-size-48 synved-social-resolution-single synved-social-provider-flickr nolightbox\" data-provider=\"flickr\" target=\"_blank\" rel=\"nofollow\" title=\"Check out our flickr feed\" href=\"https:\/\/www.flickr.com\/photos\/myusername\/\" style=\"font-size: 0px;width:48px;height:48px;margin:0;margin-bottom:5px;margin-right:5px\"><img alt=\"flickr\" title=\"Check out our flickr feed\" class=\"synved-share-image synved-social-image synved-social-image-follow\" width=\"48\" height=\"48\" style=\"display: inline;width:48px;height:48px;margin: 0;padding: 0;border: none\" src=\"https:\/\/i0.wp.com\/acltf.org\/wordpressacltf\/wp-content\/plugins\/social-media-feather\/synved-social\/image\/social\/regular\/96x96\/flickr.png?resize=48%2C48\" data-recalc-dims=\"1\" \/><\/a><a class=\"synved-social-button synved-social-button-follow synved-social-size-48 synved-social-resolution-single synved-social-provider-foursquare nolightbox\" data-provider=\"foursquare\" target=\"_blank\" rel=\"nofollow\" title=\"Check out our foursquare feed\" href=\"https:\/\/foursquare.com\/myusername\" style=\"font-size: 0px;width:48px;height:48px;margin:0;margin-bottom:5px;margin-right:5px\"><img alt=\"foursquare\" title=\"Check out our foursquare feed\" class=\"synved-share-image synved-social-image synved-social-image-follow\" width=\"48\" height=\"48\" style=\"display: inline;width:48px;height:48px;margin: 0;padding: 0;border: none\" src=\"https:\/\/i0.wp.com\/acltf.org\/wordpressacltf\/wp-content\/plugins\/social-media-feather\/synved-social\/image\/social\/regular\/96x96\/foursquare.png?resize=48%2C48\" data-recalc-dims=\"1\" \/><\/a><a class=\"synved-social-button synved-social-button-follow synved-social-size-48 synved-social-resolution-single synved-social-provider-mail nolightbox\" data-provider=\"mail\" rel=\"nofollow\" title=\"Contact Us\" href=\"mailto:mail@example.com?subject=Contact%20Request\" style=\"font-size: 0px;width:48px;height:48px;margin:0;margin-bottom:5px\"><img alt=\"mail\" title=\"Contact Us\" class=\"synved-share-image synved-social-image synved-social-image-follow\" width=\"48\" height=\"48\" style=\"display: inline;width:48px;height:48px;margin: 0;padding: 0;border: none\" src=\"https:\/\/i0.wp.com\/acltf.org\/wordpressacltf\/wp-content\/plugins\/social-media-feather\/synved-social\/image\/social\/regular\/96x96\/mail.png?resize=48%2C48\" data-recalc-dims=\"1\" \/><\/a>","protected":false},"excerpt":{"rendered":"<p>\u201cHermanos: Amigos Temidos, Enemigos Adorados\u201d En este seminario, Annette Kreuz compartir\u00e1 con nosotros conocimientos, casos pr\u00e1cticos y herramientas \u00fatiles para sacar el m\u00e1ximo partido en terapia al trabajo con la RELACI\u00d3N ENTRE HERMANOS (el laboratorio natural de las relaciones) dentro del Modelo F\u00e1sico, entendi\u00e9ndola como fuente de recursos y fortalezas, muchas veces infrautilizados. Inscripci\u00f3n Online [&hellip;]<\/p>\n","protected":false},"author":1,"featured_media":812,"comment_status":"open","ping_status":"open","sticky":false,"template":"","format":"standard","meta":{"jetpack_post_was_ever_published":false,"_jetpack_newsletter_access":"","_jetpack_newsletter_tier_id":0,"jetpack_publicize_message":"","jetpack_is_tweetstorm":false,"jetpack_publicize_feature_enabled":false,"jetpack_social_post_already_shared":false,"jetpack_social_options":{"image_generator_settings":{"template":"highway","enabled":false}}},"categories":[6,19],"tags":[11,14,15,7],"jetpack_publicize_connections":[],"yoast_head":"<!-- This site is optimized with the Yoast SEO plugin v21.8.1 - https:\/\/yoast.com\/wordpress\/plugins\/seo\/ -->\n<title>Seminario Online: - Asociaci\u00f3n Castellano Leonesa de Terapia Familiar<\/title>\n<meta name=\"description\" content=\"Seminario en el que Annette Kreuz compartir\u00e1 con nosotros conocimientos acerca de la RELACI\u00d3N ENTRE HERMANOS.\" \/>\n<meta name=\"robots\" content=\"index, follow, max-snippet:-1, max-image-preview:large, max-video-preview:-1\" \/>\n<link rel=\"canonical\" href=\"https:\/\/acltf.org\/wordpressacltf\/2023\/04\/27\/seminario-online-relacion-herman\/\" \/>\n<meta property=\"og:locale\" content=\"es_ES\" \/>\n<meta property=\"og:type\" content=\"article\" \/>\n<meta property=\"og:title\" content=\"Seminario Online: - Asociaci\u00f3n Castellano Leonesa de Terapia Familiar\" \/>\n<meta property=\"og:description\" content=\"Seminario en el que Annette Kreuz compartir\u00e1 con nosotros conocimientos acerca de la RELACI\u00d3N ENTRE HERMANOS.\" \/>\n<meta property=\"og:url\" content=\"https:\/\/acltf.org\/wordpressacltf\/2023\/04\/27\/seminario-online-relacion-herman\/\" \/>\n<meta property=\"og:site_name\" content=\"Asociaci\u00f3n Castellano Leonesa de Terapia Familiar\" \/>\n<meta property=\"article:publisher\" content=\"https:\/\/www.facebook.com\/pages\/Asociaci%c3%b3n-Castellano-Leonesa-de-Terapia-Familiar\/820904984647986?fref=ts\" \/>\n<meta property=\"article:published_time\" content=\"2023-04-27T11:03:04+00:00\" \/>\n<meta property=\"article:modified_time\" content=\"2023-04-27T11:06:05+00:00\" \/>\n<meta property=\"og:image\" content=\"https:\/\/i0.wp.com\/acltf.org\/wordpressacltf\/wp-content\/uploads\/2023\/04\/Annette-Kreuz-Relacion-entre-hermanos.jpg?fit=1131%2C1600&ssl=1\" \/>\n\t<meta property=\"og:image:width\" content=\"1131\" \/>\n\t<meta property=\"og:image:height\" content=\"1600\" \/>\n\t<meta property=\"og:image:type\" content=\"image\/jpeg\" \/>\n<meta name=\"author\" content=\"acltf\" \/>\n<meta name=\"twitter:card\" content=\"summary_large_image\" \/>\n<meta name=\"twitter:label1\" content=\"Escrito por\" \/>\n\t<meta name=\"twitter:data1\" content=\"acltf\" \/>\n\t<meta name=\"twitter:label2\" content=\"Tiempo de lectura\" \/>\n\t<meta name=\"twitter:data2\" content=\"2 minutos\" \/>\n<script type=\"application\/ld+json\" class=\"yoast-schema-graph\">{\"@context\":\"https:\/\/schema.org\",\"@graph\":[{\"@type\":\"Article\",\"@id\":\"https:\/\/acltf.org\/wordpressacltf\/2023\/04\/27\/seminario-online-relacion-herman\/#article\",\"isPartOf\":{\"@id\":\"https:\/\/acltf.org\/wordpressacltf\/2023\/04\/27\/seminario-online-relacion-herman\/\"},\"author\":{\"name\":\"acltf\",\"@id\":\"http:\/\/acltf.org\/wordpressacltf\/#\/schema\/person\/b6c564ade2d2bb9314129dcb39e0e683\"},\"headline\":\"Seminario Online:\",\"datePublished\":\"2023-04-27T11:03:04+00:00\",\"dateModified\":\"2023-04-27T11:06:05+00:00\",\"mainEntityOfPage\":{\"@id\":\"https:\/\/acltf.org\/wordpressacltf\/2023\/04\/27\/seminario-online-relacion-herman\/\"},\"wordCount\":227,\"commentCount\":12,\"publisher\":{\"@id\":\"http:\/\/acltf.org\/wordpressacltf\/#organization\"},\"keywords\":[\"castilla y le\u00f3n psicolog\u00eda\",\"formacion\",\"seminario\",\"terapia familiar\"],\"articleSection\":[\"Noticias\",\"Seminarios\"],\"inLanguage\":\"es\",\"potentialAction\":[{\"@type\":\"CommentAction\",\"name\":\"Comment\",\"target\":[\"https:\/\/acltf.org\/wordpressacltf\/2023\/04\/27\/seminario-online-relacion-herman\/#respond\"]}]},{\"@type\":\"WebPage\",\"@id\":\"https:\/\/acltf.org\/wordpressacltf\/2023\/04\/27\/seminario-online-relacion-herman\/\",\"url\":\"https:\/\/acltf.org\/wordpressacltf\/2023\/04\/27\/seminario-online-relacion-herman\/\",\"name\":\"Seminario Online: - Asociaci\u00f3n Castellano Leonesa de Terapia Familiar\",\"isPartOf\":{\"@id\":\"http:\/\/acltf.org\/wordpressacltf\/#website\"},\"datePublished\":\"2023-04-27T11:03:04+00:00\",\"dateModified\":\"2023-04-27T11:06:05+00:00\",\"description\":\"Seminario en el que Annette Kreuz compartir\u00e1 con nosotros conocimientos acerca de la RELACI\u00d3N ENTRE HERMANOS.\",\"breadcrumb\":{\"@id\":\"https:\/\/acltf.org\/wordpressacltf\/2023\/04\/27\/seminario-online-relacion-herman\/#breadcrumb\"},\"inLanguage\":\"es\",\"potentialAction\":[{\"@type\":\"ReadAction\",\"target\":[\"https:\/\/acltf.org\/wordpressacltf\/2023\/04\/27\/seminario-online-relacion-herman\/\"]}]},{\"@type\":\"BreadcrumbList\",\"@id\":\"https:\/\/acltf.org\/wordpressacltf\/2023\/04\/27\/seminario-online-relacion-herman\/#breadcrumb\",\"itemListElement\":[{\"@type\":\"ListItem\",\"position\":1,\"name\":\"Portada\",\"item\":\"http:\/\/acltf.org\/wordpressacltf\/\"},{\"@type\":\"ListItem\",\"position\":2,\"name\":\"Seminario Online:\"}]},{\"@type\":\"WebSite\",\"@id\":\"http:\/\/acltf.org\/wordpressacltf\/#website\",\"url\":\"http:\/\/acltf.org\/wordpressacltf\/\",\"name\":\"Asociaci\u00f3n Castellano Leonesa de Terapia Familiar\",\"description\":\"Asociaci\u00f3n de Terapia Familiar\",\"publisher\":{\"@id\":\"http:\/\/acltf.org\/wordpressacltf\/#organization\"},\"potentialAction\":[{\"@type\":\"SearchAction\",\"target\":{\"@type\":\"EntryPoint\",\"urlTemplate\":\"http:\/\/acltf.org\/wordpressacltf\/?s={search_term_string}\"},\"query-input\":\"required name=search_term_string\"}],\"inLanguage\":\"es\"},{\"@type\":\"Organization\",\"@id\":\"http:\/\/acltf.org\/wordpressacltf\/#organization\",\"name\":\"acltf\",\"url\":\"http:\/\/acltf.org\/wordpressacltf\/\",\"logo\":{\"@type\":\"ImageObject\",\"inLanguage\":\"es\",\"@id\":\"http:\/\/acltf.org\/wordpressacltf\/#\/schema\/logo\/image\/\",\"url\":\"http:\/\/acltf.org\/wordpressacltf\/wp-content\/uploads\/2015\/05\/Logo250.png\",\"contentUrl\":\"http:\/\/acltf.org\/wordpressacltf\/wp-content\/uploads\/2015\/05\/Logo250.png\",\"width\":250,\"height\":250,\"caption\":\"acltf\"},\"image\":{\"@id\":\"http:\/\/acltf.org\/wordpressacltf\/#\/schema\/logo\/image\/\"},\"sameAs\":[\"https:\/\/www.facebook.com\/pages\/Asociaci\u00f3n-Castellano-Leonesa-de-Terapia-Familiar\/820904984647986?fref=ts\"]},{\"@type\":\"Person\",\"@id\":\"http:\/\/acltf.org\/wordpressacltf\/#\/schema\/person\/b6c564ade2d2bb9314129dcb39e0e683\",\"name\":\"acltf\",\"image\":{\"@type\":\"ImageObject\",\"inLanguage\":\"es\",\"@id\":\"http:\/\/acltf.org\/wordpressacltf\/#\/schema\/person\/image\/\",\"url\":\"http:\/\/2.gravatar.com\/avatar\/e02eb9fac6bef8ad5fde1db30df7d020?s=96&d=mm&r=g\",\"contentUrl\":\"http:\/\/2.gravatar.com\/avatar\/e02eb9fac6bef8ad5fde1db30df7d020?s=96&d=mm&r=g\",\"caption\":\"acltf\"},\"description\":\"Asociaci\u00f3n de Terapia Familiar de Castilla y Le\u00f3n info@acltf.org\",\"url\":\"http:\/\/acltf.org\/wordpressacltf\/author\/acltf\/\"}]}<\/script>\n<!-- \/ Yoast SEO plugin. -->","yoast_head_json":{"title":"Seminario Online: - Asociaci\u00f3n Castellano Leonesa de Terapia Familiar","description":"Seminario en el que Annette Kreuz compartir\u00e1 con nosotros conocimientos acerca de la RELACI\u00d3N ENTRE HERMANOS.","robots":{"index":"index","follow":"follow","max-snippet":"max-snippet:-1","max-image-preview":"max-image-preview:large","max-video-preview":"max-video-preview:-1"},"canonical":"https:\/\/acltf.org\/wordpressacltf\/2023\/04\/27\/seminario-online-relacion-herman\/","og_locale":"es_ES","og_type":"article","og_title":"Seminario Online: - Asociaci\u00f3n Castellano Leonesa de Terapia Familiar","og_description":"Seminario en el que Annette Kreuz compartir\u00e1 con nosotros conocimientos acerca de la RELACI\u00d3N ENTRE HERMANOS.","og_url":"https:\/\/acltf.org\/wordpressacltf\/2023\/04\/27\/seminario-online-relacion-herman\/","og_site_name":"Asociaci\u00f3n Castellano Leonesa de Terapia Familiar","article_publisher":"https:\/\/www.facebook.com\/pages\/Asociaci%c3%b3n-Castellano-Leonesa-de-Terapia-Familiar\/820904984647986?fref=ts","article_published_time":"2023-04-27T11:03:04+00:00","article_modified_time":"2023-04-27T11:06:05+00:00","og_image":[{"width":1131,"height":1600,"url":"https:\/\/i0.wp.com\/acltf.org\/wordpressacltf\/wp-content\/uploads\/2023\/04\/Annette-Kreuz-Relacion-entre-hermanos.jpg?fit=1131%2C1600&ssl=1","type":"image\/jpeg"}],"author":"acltf","twitter_card":"summary_large_image","twitter_misc":{"Escrito por":"acltf","Tiempo de lectura":"2 minutos"},"schema":{"@context":"https:\/\/schema.org","@graph":[{"@type":"Article","@id":"https:\/\/acltf.org\/wordpressacltf\/2023\/04\/27\/seminario-online-relacion-herman\/#article","isPartOf":{"@id":"https:\/\/acltf.org\/wordpressacltf\/2023\/04\/27\/seminario-online-relacion-herman\/"},"author":{"name":"acltf","@id":"http:\/\/acltf.org\/wordpressacltf\/#\/schema\/person\/b6c564ade2d2bb9314129dcb39e0e683"},"headline":"Seminario Online:","datePublished":"2023-04-27T11:03:04+00:00","dateModified":"2023-04-27T11:06:05+00:00","mainEntityOfPage":{"@id":"https:\/\/acltf.org\/wordpressacltf\/2023\/04\/27\/seminario-online-relacion-herman\/"},"wordCount":227,"commentCount":12,"publisher":{"@id":"http:\/\/acltf.org\/wordpressacltf\/#organization"},"keywords":["castilla y le\u00f3n psicolog\u00eda","formacion","seminario","terapia familiar"],"articleSection":["Noticias","Seminarios"],"inLanguage":"es","potentialAction":[{"@type":"CommentAction","name":"Comment","target":["https:\/\/acltf.org\/wordpressacltf\/2023\/04\/27\/seminario-online-relacion-herman\/#respond"]}]},{"@type":"WebPage","@id":"https:\/\/acltf.org\/wordpressacltf\/2023\/04\/27\/seminario-online-relacion-herman\/","url":"https:\/\/acltf.org\/wordpressacltf\/2023\/04\/27\/seminario-online-relacion-herman\/","name":"Seminario Online: - Asociaci\u00f3n Castellano Leonesa de Terapia Familiar","isPartOf":{"@id":"http:\/\/acltf.org\/wordpressacltf\/#website"},"datePublished":"2023-04-27T11:03:04+00:00","dateModified":"2023-04-27T11:06:05+00:00","description":"Seminario en el que Annette Kreuz compartir\u00e1 con nosotros conocimientos acerca de la RELACI\u00d3N ENTRE HERMANOS.","breadcrumb":{"@id":"https:\/\/acltf.org\/wordpressacltf\/2023\/04\/27\/seminario-online-relacion-herman\/#breadcrumb"},"inLanguage":"es","potentialAction":[{"@type":"ReadAction","target":["https:\/\/acltf.org\/wordpressacltf\/2023\/04\/27\/seminario-online-relacion-herman\/"]}]},{"@type":"BreadcrumbList","@id":"https:\/\/acltf.org\/wordpressacltf\/2023\/04\/27\/seminario-online-relacion-herman\/#breadcrumb","itemListElement":[{"@type":"ListItem","position":1,"name":"Portada","item":"http:\/\/acltf.org\/wordpressacltf\/"},{"@type":"ListItem","position":2,"name":"Seminario Online:"}]},{"@type":"WebSite","@id":"http:\/\/acltf.org\/wordpressacltf\/#website","url":"http:\/\/acltf.org\/wordpressacltf\/","name":"Asociaci\u00f3n Castellano Leonesa de Terapia Familiar","description":"Asociaci\u00f3n de Terapia Familiar","publisher":{"@id":"http:\/\/acltf.org\/wordpressacltf\/#organization"},"potentialAction":[{"@type":"SearchAction","target":{"@type":"EntryPoint","urlTemplate":"http:\/\/acltf.org\/wordpressacltf\/?s={search_term_string}"},"query-input":"required name=search_term_string"}],"inLanguage":"es"},{"@type":"Organization","@id":"http:\/\/acltf.org\/wordpressacltf\/#organization","name":"acltf","url":"http:\/\/acltf.org\/wordpressacltf\/","logo":{"@type":"ImageObject","inLanguage":"es","@id":"http:\/\/acltf.org\/wordpressacltf\/#\/schema\/logo\/image\/","url":"http:\/\/acltf.org\/wordpressacltf\/wp-content\/uploads\/2015\/05\/Logo250.png","contentUrl":"http:\/\/acltf.org\/wordpressacltf\/wp-content\/uploads\/2015\/05\/Logo250.png","width":250,"height":250,"caption":"acltf"},"image":{"@id":"http:\/\/acltf.org\/wordpressacltf\/#\/schema\/logo\/image\/"},"sameAs":["https:\/\/www.facebook.com\/pages\/Asociaci\u00f3n-Castellano-Leonesa-de-Terapia-Familiar\/820904984647986?fref=ts"]},{"@type":"Person","@id":"http:\/\/acltf.org\/wordpressacltf\/#\/schema\/person\/b6c564ade2d2bb9314129dcb39e0e683","name":"acltf","image":{"@type":"ImageObject","inLanguage":"es","@id":"http:\/\/acltf.org\/wordpressacltf\/#\/schema\/person\/image\/","url":"http:\/\/2.gravatar.com\/avatar\/e02eb9fac6bef8ad5fde1db30df7d020?s=96&d=mm&r=g","contentUrl":"http:\/\/2.gravatar.com\/avatar\/e02eb9fac6bef8ad5fde1db30df7d020?s=96&d=mm&r=g","caption":"acltf"},"description":"Asociaci\u00f3n de Terapia Familiar de Castilla y Le\u00f3n info@acltf.org","url":"http:\/\/acltf.org\/wordpressacltf\/author\/acltf\/"}]}},"jetpack_featured_media_url":"https:\/\/i0.wp.com\/acltf.org\/wordpressacltf\/wp-content\/uploads\/2023\/04\/Annette-Kreuz-Relacion-entre-hermanos.jpg?fit=1131%2C1600","jetpack_sharing_enabled":true,"jetpack_shortlink":"https:\/\/wp.me\/p6UE5O-d0","jetpack_likes_enabled":true,"_links":{"self":[{"href":"http:\/\/acltf.org\/wordpressacltf\/wp-json\/wp\/v2\/posts\/806"}],"collection":[{"href":"http:\/\/acltf.org\/wordpressacltf\/wp-json\/wp\/v2\/posts"}],"about":[{"href":"http:\/\/acltf.org\/wordpressacltf\/wp-json\/wp\/v2\/types\/post"}],"author":[{"embeddable":true,"href":"http:\/\/acltf.org\/wordpressacltf\/wp-json\/wp\/v2\/users\/1"}],"replies":[{"embeddable":true,"href":"http:\/\/acltf.org\/wordpressacltf\/wp-json\/wp\/v2\/comments?post=806"}],"version-history":[{"count":6,"href":"http:\/\/acltf.org\/wordpressacltf\/wp-json\/wp\/v2\/posts\/806\/revisions"}],"predecessor-version":[{"id":818,"href":"http:\/\/acltf.org\/wordpressacltf\/wp-json\/wp\/v2\/posts\/806\/revisions\/818"}],"wp:featuredmedia":[{"embeddable":true,"href":"http:\/\/acltf.org\/wordpressacltf\/wp-json\/wp\/v2\/media\/812"}],"wp:attachment":[{"href":"http:\/\/acltf.org\/wordpressacltf\/wp-json\/wp\/v2\/media?parent=806"}],"wp:term":[{"taxonomy":"category","embeddable":true,"href":"http:\/\/acltf.org\/wordpressacltf\/wp-json\/wp\/v2\/categories?post=806"},{"taxonomy":"post_tag","embeddable":true,"href":"http:\/\/acltf.org\/wordpressacltf\/wp-json\/wp\/v2\/tags?post=806"}],"curies":[{"name":"wp","href":"https:\/\/api.w.org\/{rel}","templated":true}]}}