{"id":820,"date":"2023-11-30T14:04:16","date_gmt":"2023-11-30T13:04:16","guid":{"rendered":"https:\/\/acltf.org\/wordpressacltf\/?p=820"},"modified":"2023-11-30T14:04:20","modified_gmt":"2023-11-30T13:04:20","slug":"curso-online-aplicaciones-sistemicas-teoria-polivagal","status":"publish","type":"post","link":"http:\/\/acltf.org\/wordpressacltf\/2023\/11\/30\/curso-online-aplicaciones-sistemicas-teoria-polivagal\/","title":{"rendered":"Curso Online: \u201cAPLICACIONES SIST\u00c9MICAS DE LA TEOR\u00cdA POLIVAGAL: El sistema nervioso aut\u00f3nomo como aliado, en vez de enemigo\u201d"},"content":{"rendered":"\n<p><strong>PRESENTACI\u00d3N<\/strong><\/p>\n\n\n\n<p>El curso tiene por finalidad conocer y poner en pr\u00e1ctica la teor\u00eda polivagal como referencia para interpretar los s\u00edntomas que pueden padecer las personas, especialmente en la infancia, entendiendo las secuencias circulares de interacci\u00f3n que se producen \u201cdesde las tripas\u201d, a trav\u00e9s de los procesos de neurocepci\u00f3n, as\u00ed como generar inter\u00e9s soluciones alternativas a los problemas complejos que afectan a las personas.<\/p>\n\n\n<div class=\"wp-block-image\">\n<figure class=\"aligncenter size-large\"><a href=\"https:\/\/i0.wp.com\/acltf.org\/wordpressacltf\/wp-content\/uploads\/2023\/11\/Cartel-Polivagal.jpg\"><img decoding=\"async\" loading=\"lazy\" width=\"545\" height=\"771\" src=\"https:\/\/i0.wp.com\/acltf.org\/wordpressacltf\/wp-content\/uploads\/2023\/11\/Cartel-Polivagal.jpg?resize=545%2C771\" alt=\"Aplicaciones sist\u00e9micas del la teor\u00eda polivagal\" class=\"wp-image-822\" srcset=\"https:\/\/i0.wp.com\/acltf.org\/wordpressacltf\/wp-content\/uploads\/2023\/11\/Cartel-Polivagal.jpg?resize=724%2C1024 724w, https:\/\/i0.wp.com\/acltf.org\/wordpressacltf\/wp-content\/uploads\/2023\/11\/Cartel-Polivagal.jpg?resize=212%2C300 212w, https:\/\/i0.wp.com\/acltf.org\/wordpressacltf\/wp-content\/uploads\/2023\/11\/Cartel-Polivagal.jpg?resize=768%2C1086 768w, https:\/\/i0.wp.com\/acltf.org\/wordpressacltf\/wp-content\/uploads\/2023\/11\/Cartel-Polivagal.jpg?resize=1086%2C1536 1086w, https:\/\/i0.wp.com\/acltf.org\/wordpressacltf\/wp-content\/uploads\/2023\/11\/Cartel-Polivagal.jpg?resize=220%2C311 220w, https:\/\/i0.wp.com\/acltf.org\/wordpressacltf\/wp-content\/uploads\/2023\/11\/Cartel-Polivagal.jpg?resize=187%2C265 187w, https:\/\/i0.wp.com\/acltf.org\/wordpressacltf\/wp-content\/uploads\/2023\/11\/Cartel-Polivagal.jpg?resize=453%2C641 453w, https:\/\/i0.wp.com\/acltf.org\/wordpressacltf\/wp-content\/uploads\/2023\/11\/Cartel-Polivagal.jpg?w=1131 1131w\" sizes=\"(max-width: 545px) 100vw, 545px\" data-recalc-dims=\"1\" \/><\/a><figcaption class=\"wp-element-caption\">Aplicaciones sist\u00e9micas del la teor\u00eda polivagal<\/figcaption><\/figure><\/div>\n\n\n<p><\/p>\n\n\n\n<p><strong>Ponente: GORKA SAIT\u00daA<\/strong><\/p>\n\n\n\n<p>Pedagogo de formaci\u00f3n, lleva trabajando 22 a\u00f1os en el contexto de protecci\u00f3n a la infancia (los \u00faltimos a\u00f1os como educador familiar). Basa su trabajo en la teor\u00eda sist\u00e9mica estructural-narrativa, con aplicaciones relacionadas con la teor\u00eda del apego y sobre el trauma, y un enfoque centrado en soluciones. En la actualidad, divulga contenidos relacionados con su trabajo en el blog <a href=\"http:\/\/www.educacion-familiar.com\">www.educacion-familiar.com<\/a>. \u201cSi tuviera que definir nuestro trabajo, dir\u00eda que se trata de unir nuestra propia vulnerabilidad con la de las personas a quienes acompa\u00f1amos, en una historia de esperanza\u201d.<\/p>\n\n\n\n<p><strong>Objetivos<\/strong><\/p>\n\n\n\n<ul>\n<li>Sentir en primera persona los procesos de pendulaci\u00f3n del sistema nervioso aut\u00f3nomo, as\u00ed como disfrutar de estrategias de regulaci\u00f3n emocional de \u201cabajo-arriba\u201d, es decir, que parten de la aceptaci\u00f3n compasiva y curiosa de lo que est\u00e1 ocurriendo en el propio cuerpo.<\/li>\n\n\n\n<li>Acercar los principios b\u00e1sicos de la teor\u00eda polivagal a las y los participantes, de manera que la teor\u00eda se haga comprensible y pr\u00e1ctica en nuestro trabajo.<\/li>\n\n\n\n<li>&nbsp;Poner en pr\u00e1ctica la teor\u00eda polivagal asociada a casos reales, entendiendo las implicaciones que tiene para entender la circularidad relacional.<\/li>\n\n\n\n<li>Ser conscientes del impacto que los propios estados mentales tienen, no s\u00f3lo en la relaci\u00f3n con las personas a quienes acompa\u00f1amos, sino tambi\u00e9n en la interpretaci\u00f3n de los casos y las soluciones en que podemos confiar.<\/li>\n\n\n\n<li>Considerar soluciones alternativas coherentes con los contenidos trabajados.<\/li>\n<\/ul>\n\n\n\n<p><strong>Metodolog\u00eda<\/strong><\/p>\n\n\n\n<p>El curso se organiza como un proceso de pendulaci\u00f3n, en el que partiremos de nuestra propia experiencia som\u00e1tica, para dar sentido a las experiencias que tenemos que acompa\u00f1ar. Porque una actitud mentalizadora pasa, tambi\u00e9n, por ser conscientes de las limitaciones que nos impone nuestro propio estado nervioso. Se trata de un curso pr\u00e1ctico, con contenidos que pueden tener un impacto profundo en nuestra forma de concebir la profesi\u00f3n, sentir, pensar y concebir el mundo relacional.<\/p>\n\n\n\n<h2 class=\"wp-block-heading\"><strong>&nbsp;<\/strong><\/h2>\n\n\n\n<p><strong>Evaluaci\u00f3n<\/strong><\/p>\n\n\n\n<p>Dedicaremos la \u00faltima media hora del curso a dialogar en relaci\u00f3n al impacto que ha tenido el mismo en las y los participantes, rescatando los contenidos principales que se hayan podido incorporar.<\/p>\n\n\n\n<p><strong>Fecha y hora<\/strong><\/p>\n\n\n\n<p>20\/01\/2024 de 09:30 a 13:30<\/p>\n\n\n\n<p><strong>Formato<\/strong><\/p>\n\n\n\n<p>La formaci\u00f3n se impartir\u00e1 a trav\u00e9s de la plataforma online de videoconferencia&nbsp;<strong>Zoom<\/strong>.<\/p>\n\n\n\n<p><strong>Dirigido a\u2026<\/strong><\/p>\n\n\n\n<p>Psic\u00f3logos\/as, psiquiatras, psicoterapeutas, trabajadores\/as,&nbsp; educadores\/as sociales y otros profesionales del \u00e1mbito de la salud.<\/p>\n\n\n\n<p><strong>Inscripci\u00f3n y pago<\/strong><\/p>\n\n\n\n<ul>\n<li>Precio para socios de la FEATF: 15 \u20ac. Otros profesionales: 30 \u20ac.<\/li>\n\n\n\n<li><strong>FORMAS DE PAGO ADMITIDAS: <\/strong><strong>&nbsp;Transferencia bancaria.<\/strong><\/li>\n\n\n\n<li>N\u00ba de Cuenta: Unicaja Banco&nbsp;ES94 2103 4660 1100 3000 0545<\/li>\n\n\n\n<li>Para realizar la inscripci\u00f3n al seminario, tan solo&nbsp;hay enviarnos un mail a&nbsp;<a href=\"mailto:info@acltf.org\" target=\"_blank\" rel=\"noreferrer noopener\">info@acltf.org<\/a>&nbsp;con vuestro:<\/li>\n\n\n\n<li>Nombre y apellido<\/li>\n\n\n\n<li>Tel\u00e9fono<\/li>\n\n\n\n<li>Profesi\u00f3n<\/li>\n\n\n\n<li>Indicarnos si sois de la ACLTF, FEATF o ninguna de ellas<\/li>\n\n\n\n<li>Si necesitas factura, ind\u00edcalo y a\u00f1ade tu NIF o CIF y domicilio fiscal.<\/li>\n\n\n\n<li>Justificante de pago en Unicaja Banco ES94 2103 4660 1100 3000 0545<\/li>\n<\/ul>\n<a class=\"synved-social-button synved-social-button-follow synved-social-size-48 synved-social-resolution-single synved-social-provider-facebook nolightbox\" data-provider=\"facebook\" target=\"_blank\" rel=\"nofollow\" title=\"Follow us on Facebook\" href=\"https:\/\/www.facebook.com\/facebook\" style=\"font-size: 0px;width:48px;height:48px;margin:0;margin-bottom:5px;margin-right:5px\"><img alt=\"Facebook\" title=\"Follow us on Facebook\" class=\"synved-share-image synved-social-image synved-social-image-follow\" width=\"48\" height=\"48\" style=\"display: inline;width:48px;height:48px;margin: 0;padding: 0;border: none\" src=\"https:\/\/i0.wp.com\/acltf.org\/wordpressacltf\/wp-content\/plugins\/social-media-feather\/synved-social\/image\/social\/regular\/96x96\/facebook.png?resize=48%2C48\" data-recalc-dims=\"1\" \/><\/a><a class=\"synved-social-button synved-social-button-follow synved-social-size-48 synved-social-resolution-single synved-social-provider-twitter nolightbox\" data-provider=\"twitter\" target=\"_blank\" rel=\"nofollow\" title=\"Follow us on Twitter\" href=\"https:\/\/twitter.com\/twitter\" style=\"font-size: 0px;width:48px;height:48px;margin:0;margin-bottom:5px;margin-right:5px\"><img alt=\"twitter\" title=\"Follow us on Twitter\" class=\"synved-share-image synved-social-image synved-social-image-follow\" width=\"48\" height=\"48\" style=\"display: inline;width:48px;height:48px;margin: 0;padding: 0;border: none\" src=\"https:\/\/i0.wp.com\/acltf.org\/wordpressacltf\/wp-content\/plugins\/social-media-feather\/synved-social\/image\/social\/regular\/96x96\/twitter.png?resize=48%2C48\" data-recalc-dims=\"1\" \/><\/a><a class=\"synved-social-button synved-social-button-follow synved-social-size-48 synved-social-resolution-single synved-social-provider-linkedin nolightbox\" data-provider=\"linkedin\" target=\"_blank\" rel=\"nofollow\" title=\"Find us on Linkedin\" href=\"https:\/\/www.linkedin.com\/in\/yourid\" style=\"font-size: 0px;width:48px;height:48px;margin:0;margin-bottom:5px;margin-right:5px\"><img alt=\"linkedin\" title=\"Find us on Linkedin\" class=\"synved-share-image synved-social-image synved-social-image-follow\" width=\"48\" height=\"48\" style=\"display: inline;width:48px;height:48px;margin: 0;padding: 0;border: none\" src=\"https:\/\/i0.wp.com\/acltf.org\/wordpressacltf\/wp-content\/plugins\/social-media-feather\/synved-social\/image\/social\/regular\/96x96\/linkedin.png?resize=48%2C48\" data-recalc-dims=\"1\" \/><\/a><a class=\"synved-social-button synved-social-button-follow synved-social-size-48 synved-social-resolution-single synved-social-provider-instagram nolightbox\" data-provider=\"instagram\" target=\"_blank\" rel=\"nofollow\" title=\"Check out our instagram feed\" href=\"https:\/\/instagram.com\/myusername\" style=\"font-size: 0px;width:48px;height:48px;margin:0;margin-bottom:5px;margin-right:5px\"><img alt=\"instagram\" title=\"Check out our instagram feed\" class=\"synved-share-image synved-social-image synved-social-image-follow\" width=\"48\" height=\"48\" style=\"display: inline;width:48px;height:48px;margin: 0;padding: 0;border: none\" src=\"https:\/\/i0.wp.com\/acltf.org\/wordpressacltf\/wp-content\/plugins\/social-media-feather\/synved-social\/image\/social\/regular\/96x96\/instagram.png?resize=48%2C48\" data-recalc-dims=\"1\" \/><\/a><a class=\"synved-social-button synved-social-button-follow synved-social-size-48 synved-social-resolution-single synved-social-provider-flickr nolightbox\" data-provider=\"flickr\" target=\"_blank\" rel=\"nofollow\" title=\"Check out our flickr feed\" href=\"https:\/\/www.flickr.com\/photos\/myusername\/\" style=\"font-size: 0px;width:48px;height:48px;margin:0;margin-bottom:5px;margin-right:5px\"><img alt=\"flickr\" title=\"Check out our flickr feed\" class=\"synved-share-image synved-social-image synved-social-image-follow\" width=\"48\" height=\"48\" style=\"display: inline;width:48px;height:48px;margin: 0;padding: 0;border: none\" src=\"https:\/\/i0.wp.com\/acltf.org\/wordpressacltf\/wp-content\/plugins\/social-media-feather\/synved-social\/image\/social\/regular\/96x96\/flickr.png?resize=48%2C48\" data-recalc-dims=\"1\" \/><\/a><a class=\"synved-social-button synved-social-button-follow synved-social-size-48 synved-social-resolution-single synved-social-provider-foursquare nolightbox\" data-provider=\"foursquare\" target=\"_blank\" rel=\"nofollow\" title=\"Check out our foursquare feed\" href=\"https:\/\/foursquare.com\/myusername\" style=\"font-size: 0px;width:48px;height:48px;margin:0;margin-bottom:5px;margin-right:5px\"><img alt=\"foursquare\" title=\"Check out our foursquare feed\" class=\"synved-share-image synved-social-image synved-social-image-follow\" width=\"48\" height=\"48\" style=\"display: inline;width:48px;height:48px;margin: 0;padding: 0;border: none\" src=\"https:\/\/i0.wp.com\/acltf.org\/wordpressacltf\/wp-content\/plugins\/social-media-feather\/synved-social\/image\/social\/regular\/96x96\/foursquare.png?resize=48%2C48\" data-recalc-dims=\"1\" \/><\/a><a class=\"synved-social-button synved-social-button-follow synved-social-size-48 synved-social-resolution-single synved-social-provider-mail nolightbox\" data-provider=\"mail\" rel=\"nofollow\" title=\"Contact Us\" href=\"mailto:mail@example.com?subject=Contact%20Request\" style=\"font-size: 0px;width:48px;height:48px;margin:0;margin-bottom:5px\"><img alt=\"mail\" title=\"Contact Us\" class=\"synved-share-image synved-social-image synved-social-image-follow\" width=\"48\" height=\"48\" style=\"display: inline;width:48px;height:48px;margin: 0;padding: 0;border: none\" src=\"https:\/\/i0.wp.com\/acltf.org\/wordpressacltf\/wp-content\/plugins\/social-media-feather\/synved-social\/image\/social\/regular\/96x96\/mail.png?resize=48%2C48\" data-recalc-dims=\"1\" \/><\/a>","protected":false},"excerpt":{"rendered":"<p>PRESENTACI\u00d3N El curso tiene por finalidad conocer y poner en pr\u00e1ctica la teor\u00eda polivagal como referencia para interpretar los s\u00edntomas que pueden padecer las personas, especialmente en la infancia, entendiendo las secuencias circulares de interacci\u00f3n que se producen \u201cdesde las tripas\u201d, a trav\u00e9s de los procesos de neurocepci\u00f3n, as\u00ed como generar inter\u00e9s soluciones alternativas a [&hellip;]<\/p>\n","protected":false},"author":1,"featured_media":822,"comment_status":"open","ping_status":"open","sticky":false,"template":"","format":"standard","meta":{"jetpack_post_was_ever_published":false,"_jetpack_newsletter_access":"","_jetpack_newsletter_tier_id":0,"jetpack_publicize_message":"","jetpack_is_tweetstorm":false,"jetpack_publicize_feature_enabled":true,"jetpack_social_post_already_shared":true,"jetpack_social_options":{"image_generator_settings":{"template":"highway","enabled":false}}},"categories":[20,6],"tags":[13,14],"jetpack_publicize_connections":[],"yoast_head":"<!-- This site is optimized with the Yoast SEO plugin v21.8.1 - https:\/\/yoast.com\/wordpress\/plugins\/seo\/ -->\n<title>Curso Online: \u201cAPLICACIONES SIST\u00c9MICAS DE LA TEOR\u00cdA POLIVAGAL: El sistema nervioso aut\u00f3nomo como aliado, en vez de enemigo\u201d - Asociaci\u00f3n Castellano Leonesa de Terapia Familiar<\/title>\n<meta name=\"description\" content=\"Curso Online: \u201cAPLICACIONES SIST\u00c9MICAS DE LA TEOR\u00cdA POLIVAGAL: El sistema nervioso aut\u00f3nomo como aliado, en vez de enemigo\u201d\" \/>\n<meta name=\"robots\" content=\"index, follow, max-snippet:-1, max-image-preview:large, max-video-preview:-1\" \/>\n<link rel=\"canonical\" href=\"https:\/\/acltf.org\/wordpressacltf\/2023\/11\/30\/curso-online-aplicaciones-sistemicas-teoria-polivagal\/\" \/>\n<meta property=\"og:locale\" content=\"es_ES\" \/>\n<meta property=\"og:type\" content=\"article\" \/>\n<meta property=\"og:title\" content=\"Curso Online: \u201cAPLICACIONES SIST\u00c9MICAS DE LA TEOR\u00cdA POLIVAGAL: El sistema nervioso aut\u00f3nomo como aliado, en vez de enemigo\u201d - Asociaci\u00f3n Castellano Leonesa de Terapia Familiar\" \/>\n<meta property=\"og:description\" content=\"Curso Online: \u201cAPLICACIONES SIST\u00c9MICAS DE LA TEOR\u00cdA POLIVAGAL: El sistema nervioso aut\u00f3nomo como aliado, en vez de enemigo\u201d\" \/>\n<meta property=\"og:url\" content=\"https:\/\/acltf.org\/wordpressacltf\/2023\/11\/30\/curso-online-aplicaciones-sistemicas-teoria-polivagal\/\" \/>\n<meta property=\"og:site_name\" content=\"Asociaci\u00f3n Castellano Leonesa de Terapia Familiar\" \/>\n<meta property=\"article:publisher\" content=\"https:\/\/www.facebook.com\/pages\/Asociaci%c3%b3n-Castellano-Leonesa-de-Terapia-Familiar\/820904984647986?fref=ts\" \/>\n<meta property=\"article:published_time\" content=\"2023-11-30T13:04:16+00:00\" \/>\n<meta property=\"article:modified_time\" content=\"2023-11-30T13:04:20+00:00\" \/>\n<meta property=\"og:image\" content=\"https:\/\/i0.wp.com\/acltf.org\/wordpressacltf\/wp-content\/uploads\/2023\/11\/Cartel-Polivagal.jpg?fit=1131%2C1600&ssl=1\" \/>\n\t<meta property=\"og:image:width\" content=\"1131\" \/>\n\t<meta property=\"og:image:height\" content=\"1600\" \/>\n\t<meta property=\"og:image:type\" content=\"image\/jpeg\" \/>\n<meta name=\"author\" content=\"acltf\" \/>\n<meta name=\"twitter:card\" content=\"summary_large_image\" \/>\n<meta name=\"twitter:label1\" content=\"Escrito por\" \/>\n\t<meta name=\"twitter:data1\" content=\"acltf\" \/>\n\t<meta name=\"twitter:label2\" content=\"Tiempo de lectura\" \/>\n\t<meta name=\"twitter:data2\" content=\"3 minutos\" \/>\n<script type=\"application\/ld+json\" class=\"yoast-schema-graph\">{\"@context\":\"https:\/\/schema.org\",\"@graph\":[{\"@type\":\"Article\",\"@id\":\"https:\/\/acltf.org\/wordpressacltf\/2023\/11\/30\/curso-online-aplicaciones-sistemicas-teoria-polivagal\/#article\",\"isPartOf\":{\"@id\":\"https:\/\/acltf.org\/wordpressacltf\/2023\/11\/30\/curso-online-aplicaciones-sistemicas-teoria-polivagal\/\"},\"author\":{\"name\":\"acltf\",\"@id\":\"http:\/\/acltf.org\/wordpressacltf\/#\/schema\/person\/b6c564ade2d2bb9314129dcb39e0e683\"},\"headline\":\"Curso Online: \u201cAPLICACIONES SIST\u00c9MICAS DE LA TEOR\u00cdA POLIVAGAL: El sistema nervioso aut\u00f3nomo como aliado, en vez de enemigo\u201d\",\"datePublished\":\"2023-11-30T13:04:16+00:00\",\"dateModified\":\"2023-11-30T13:04:20+00:00\",\"mainEntityOfPage\":{\"@id\":\"https:\/\/acltf.org\/wordpressacltf\/2023\/11\/30\/curso-online-aplicaciones-sistemicas-teoria-polivagal\/\"},\"wordCount\":600,\"commentCount\":23,\"publisher\":{\"@id\":\"http:\/\/acltf.org\/wordpressacltf\/#organization\"},\"keywords\":[\"curso\",\"formacion\"],\"articleSection\":[\"Curso\",\"Noticias\"],\"inLanguage\":\"es\",\"potentialAction\":[{\"@type\":\"CommentAction\",\"name\":\"Comment\",\"target\":[\"https:\/\/acltf.org\/wordpressacltf\/2023\/11\/30\/curso-online-aplicaciones-sistemicas-teoria-polivagal\/#respond\"]}]},{\"@type\":\"WebPage\",\"@id\":\"https:\/\/acltf.org\/wordpressacltf\/2023\/11\/30\/curso-online-aplicaciones-sistemicas-teoria-polivagal\/\",\"url\":\"https:\/\/acltf.org\/wordpressacltf\/2023\/11\/30\/curso-online-aplicaciones-sistemicas-teoria-polivagal\/\",\"name\":\"Curso Online: \u201cAPLICACIONES SIST\u00c9MICAS DE LA TEOR\u00cdA POLIVAGAL: El sistema nervioso aut\u00f3nomo como aliado, en vez de enemigo\u201d - Asociaci\u00f3n Castellano Leonesa de Terapia Familiar\",\"isPartOf\":{\"@id\":\"http:\/\/acltf.org\/wordpressacltf\/#website\"},\"datePublished\":\"2023-11-30T13:04:16+00:00\",\"dateModified\":\"2023-11-30T13:04:20+00:00\",\"description\":\"Curso Online: \u201cAPLICACIONES SIST\u00c9MICAS DE LA TEOR\u00cdA POLIVAGAL: El sistema nervioso aut\u00f3nomo como aliado, en vez de enemigo\u201d\",\"breadcrumb\":{\"@id\":\"https:\/\/acltf.org\/wordpressacltf\/2023\/11\/30\/curso-online-aplicaciones-sistemicas-teoria-polivagal\/#breadcrumb\"},\"inLanguage\":\"es\",\"potentialAction\":[{\"@type\":\"ReadAction\",\"target\":[\"https:\/\/acltf.org\/wordpressacltf\/2023\/11\/30\/curso-online-aplicaciones-sistemicas-teoria-polivagal\/\"]}]},{\"@type\":\"BreadcrumbList\",\"@id\":\"https:\/\/acltf.org\/wordpressacltf\/2023\/11\/30\/curso-online-aplicaciones-sistemicas-teoria-polivagal\/#breadcrumb\",\"itemListElement\":[{\"@type\":\"ListItem\",\"position\":1,\"name\":\"Portada\",\"item\":\"http:\/\/acltf.org\/wordpressacltf\/\"},{\"@type\":\"ListItem\",\"position\":2,\"name\":\"Curso Online: \u201cAPLICACIONES SIST\u00c9MICAS DE LA TEOR\u00cdA POLIVAGAL: El sistema nervioso aut\u00f3nomo como aliado, en vez de enemigo\u201d\"}]},{\"@type\":\"WebSite\",\"@id\":\"http:\/\/acltf.org\/wordpressacltf\/#website\",\"url\":\"http:\/\/acltf.org\/wordpressacltf\/\",\"name\":\"Asociaci\u00f3n Castellano Leonesa de Terapia Familiar\",\"description\":\"Asociaci\u00f3n de Terapia Familiar\",\"publisher\":{\"@id\":\"http:\/\/acltf.org\/wordpressacltf\/#organization\"},\"potentialAction\":[{\"@type\":\"SearchAction\",\"target\":{\"@type\":\"EntryPoint\",\"urlTemplate\":\"http:\/\/acltf.org\/wordpressacltf\/?s={search_term_string}\"},\"query-input\":\"required name=search_term_string\"}],\"inLanguage\":\"es\"},{\"@type\":\"Organization\",\"@id\":\"http:\/\/acltf.org\/wordpressacltf\/#organization\",\"name\":\"acltf\",\"url\":\"http:\/\/acltf.org\/wordpressacltf\/\",\"logo\":{\"@type\":\"ImageObject\",\"inLanguage\":\"es\",\"@id\":\"http:\/\/acltf.org\/wordpressacltf\/#\/schema\/logo\/image\/\",\"url\":\"http:\/\/acltf.org\/wordpressacltf\/wp-content\/uploads\/2015\/05\/Logo250.png\",\"contentUrl\":\"http:\/\/acltf.org\/wordpressacltf\/wp-content\/uploads\/2015\/05\/Logo250.png\",\"width\":250,\"height\":250,\"caption\":\"acltf\"},\"image\":{\"@id\":\"http:\/\/acltf.org\/wordpressacltf\/#\/schema\/logo\/image\/\"},\"sameAs\":[\"https:\/\/www.facebook.com\/pages\/Asociaci\u00f3n-Castellano-Leonesa-de-Terapia-Familiar\/820904984647986?fref=ts\"]},{\"@type\":\"Person\",\"@id\":\"http:\/\/acltf.org\/wordpressacltf\/#\/schema\/person\/b6c564ade2d2bb9314129dcb39e0e683\",\"name\":\"acltf\",\"image\":{\"@type\":\"ImageObject\",\"inLanguage\":\"es\",\"@id\":\"http:\/\/acltf.org\/wordpressacltf\/#\/schema\/person\/image\/\",\"url\":\"http:\/\/2.gravatar.com\/avatar\/e02eb9fac6bef8ad5fde1db30df7d020?s=96&d=mm&r=g\",\"contentUrl\":\"http:\/\/2.gravatar.com\/avatar\/e02eb9fac6bef8ad5fde1db30df7d020?s=96&d=mm&r=g\",\"caption\":\"acltf\"},\"description\":\"Asociaci\u00f3n de Terapia Familiar de Castilla y Le\u00f3n info@acltf.org\",\"url\":\"http:\/\/acltf.org\/wordpressacltf\/author\/acltf\/\"}]}<\/script>\n<!-- \/ Yoast SEO plugin. -->","yoast_head_json":{"title":"Curso Online: \u201cAPLICACIONES SIST\u00c9MICAS DE LA TEOR\u00cdA POLIVAGAL: El sistema nervioso aut\u00f3nomo como aliado, en vez de enemigo\u201d - Asociaci\u00f3n Castellano Leonesa de Terapia Familiar","description":"Curso Online: \u201cAPLICACIONES SIST\u00c9MICAS DE LA TEOR\u00cdA POLIVAGAL: El sistema nervioso aut\u00f3nomo como aliado, en vez de enemigo\u201d","robots":{"index":"index","follow":"follow","max-snippet":"max-snippet:-1","max-image-preview":"max-image-preview:large","max-video-preview":"max-video-preview:-1"},"canonical":"https:\/\/acltf.org\/wordpressacltf\/2023\/11\/30\/curso-online-aplicaciones-sistemicas-teoria-polivagal\/","og_locale":"es_ES","og_type":"article","og_title":"Curso Online: \u201cAPLICACIONES SIST\u00c9MICAS DE LA TEOR\u00cdA POLIVAGAL: El sistema nervioso aut\u00f3nomo como aliado, en vez de enemigo\u201d - Asociaci\u00f3n Castellano Leonesa de Terapia Familiar","og_description":"Curso Online: \u201cAPLICACIONES SIST\u00c9MICAS DE LA TEOR\u00cdA POLIVAGAL: El sistema nervioso aut\u00f3nomo como aliado, en vez de enemigo\u201d","og_url":"https:\/\/acltf.org\/wordpressacltf\/2023\/11\/30\/curso-online-aplicaciones-sistemicas-teoria-polivagal\/","og_site_name":"Asociaci\u00f3n Castellano Leonesa de Terapia Familiar","article_publisher":"https:\/\/www.facebook.com\/pages\/Asociaci%c3%b3n-Castellano-Leonesa-de-Terapia-Familiar\/820904984647986?fref=ts","article_published_time":"2023-11-30T13:04:16+00:00","article_modified_time":"2023-11-30T13:04:20+00:00","og_image":[{"width":1131,"height":1600,"url":"https:\/\/i0.wp.com\/acltf.org\/wordpressacltf\/wp-content\/uploads\/2023\/11\/Cartel-Polivagal.jpg?fit=1131%2C1600&ssl=1","type":"image\/jpeg"}],"author":"acltf","twitter_card":"summary_large_image","twitter_misc":{"Escrito por":"acltf","Tiempo de lectura":"3 minutos"},"schema":{"@context":"https:\/\/schema.org","@graph":[{"@type":"Article","@id":"https:\/\/acltf.org\/wordpressacltf\/2023\/11\/30\/curso-online-aplicaciones-sistemicas-teoria-polivagal\/#article","isPartOf":{"@id":"https:\/\/acltf.org\/wordpressacltf\/2023\/11\/30\/curso-online-aplicaciones-sistemicas-teoria-polivagal\/"},"author":{"name":"acltf","@id":"http:\/\/acltf.org\/wordpressacltf\/#\/schema\/person\/b6c564ade2d2bb9314129dcb39e0e683"},"headline":"Curso Online: \u201cAPLICACIONES SIST\u00c9MICAS DE LA TEOR\u00cdA POLIVAGAL: El sistema nervioso aut\u00f3nomo como aliado, en vez de enemigo\u201d","datePublished":"2023-11-30T13:04:16+00:00","dateModified":"2023-11-30T13:04:20+00:00","mainEntityOfPage":{"@id":"https:\/\/acltf.org\/wordpressacltf\/2023\/11\/30\/curso-online-aplicaciones-sistemicas-teoria-polivagal\/"},"wordCount":600,"commentCount":23,"publisher":{"@id":"http:\/\/acltf.org\/wordpressacltf\/#organization"},"keywords":["curso","formacion"],"articleSection":["Curso","Noticias"],"inLanguage":"es","potentialAction":[{"@type":"CommentAction","name":"Comment","target":["https:\/\/acltf.org\/wordpressacltf\/2023\/11\/30\/curso-online-aplicaciones-sistemicas-teoria-polivagal\/#respond"]}]},{"@type":"WebPage","@id":"https:\/\/acltf.org\/wordpressacltf\/2023\/11\/30\/curso-online-aplicaciones-sistemicas-teoria-polivagal\/","url":"https:\/\/acltf.org\/wordpressacltf\/2023\/11\/30\/curso-online-aplicaciones-sistemicas-teoria-polivagal\/","name":"Curso Online: \u201cAPLICACIONES SIST\u00c9MICAS DE LA TEOR\u00cdA POLIVAGAL: El sistema nervioso aut\u00f3nomo como aliado, en vez de enemigo\u201d - Asociaci\u00f3n Castellano Leonesa de Terapia Familiar","isPartOf":{"@id":"http:\/\/acltf.org\/wordpressacltf\/#website"},"datePublished":"2023-11-30T13:04:16+00:00","dateModified":"2023-11-30T13:04:20+00:00","description":"Curso Online: \u201cAPLICACIONES SIST\u00c9MICAS DE LA TEOR\u00cdA POLIVAGAL: El sistema nervioso aut\u00f3nomo como aliado, en vez de enemigo\u201d","breadcrumb":{"@id":"https:\/\/acltf.org\/wordpressacltf\/2023\/11\/30\/curso-online-aplicaciones-sistemicas-teoria-polivagal\/#breadcrumb"},"inLanguage":"es","potentialAction":[{"@type":"ReadAction","target":["https:\/\/acltf.org\/wordpressacltf\/2023\/11\/30\/curso-online-aplicaciones-sistemicas-teoria-polivagal\/"]}]},{"@type":"BreadcrumbList","@id":"https:\/\/acltf.org\/wordpressacltf\/2023\/11\/30\/curso-online-aplicaciones-sistemicas-teoria-polivagal\/#breadcrumb","itemListElement":[{"@type":"ListItem","position":1,"name":"Portada","item":"http:\/\/acltf.org\/wordpressacltf\/"},{"@type":"ListItem","position":2,"name":"Curso Online: \u201cAPLICACIONES SIST\u00c9MICAS DE LA TEOR\u00cdA POLIVAGAL: El sistema nervioso aut\u00f3nomo como aliado, en vez de enemigo\u201d"}]},{"@type":"WebSite","@id":"http:\/\/acltf.org\/wordpressacltf\/#website","url":"http:\/\/acltf.org\/wordpressacltf\/","name":"Asociaci\u00f3n Castellano Leonesa de Terapia Familiar","description":"Asociaci\u00f3n de Terapia Familiar","publisher":{"@id":"http:\/\/acltf.org\/wordpressacltf\/#organization"},"potentialAction":[{"@type":"SearchAction","target":{"@type":"EntryPoint","urlTemplate":"http:\/\/acltf.org\/wordpressacltf\/?s={search_term_string}"},"query-input":"required name=search_term_string"}],"inLanguage":"es"},{"@type":"Organization","@id":"http:\/\/acltf.org\/wordpressacltf\/#organization","name":"acltf","url":"http:\/\/acltf.org\/wordpressacltf\/","logo":{"@type":"ImageObject","inLanguage":"es","@id":"http:\/\/acltf.org\/wordpressacltf\/#\/schema\/logo\/image\/","url":"http:\/\/acltf.org\/wordpressacltf\/wp-content\/uploads\/2015\/05\/Logo250.png","contentUrl":"http:\/\/acltf.org\/wordpressacltf\/wp-content\/uploads\/2015\/05\/Logo250.png","width":250,"height":250,"caption":"acltf"},"image":{"@id":"http:\/\/acltf.org\/wordpressacltf\/#\/schema\/logo\/image\/"},"sameAs":["https:\/\/www.facebook.com\/pages\/Asociaci\u00f3n-Castellano-Leonesa-de-Terapia-Familiar\/820904984647986?fref=ts"]},{"@type":"Person","@id":"http:\/\/acltf.org\/wordpressacltf\/#\/schema\/person\/b6c564ade2d2bb9314129dcb39e0e683","name":"acltf","image":{"@type":"ImageObject","inLanguage":"es","@id":"http:\/\/acltf.org\/wordpressacltf\/#\/schema\/person\/image\/","url":"http:\/\/2.gravatar.com\/avatar\/e02eb9fac6bef8ad5fde1db30df7d020?s=96&d=mm&r=g","contentUrl":"http:\/\/2.gravatar.com\/avatar\/e02eb9fac6bef8ad5fde1db30df7d020?s=96&d=mm&r=g","caption":"acltf"},"description":"Asociaci\u00f3n de Terapia Familiar de Castilla y Le\u00f3n info@acltf.org","url":"http:\/\/acltf.org\/wordpressacltf\/author\/acltf\/"}]}},"jetpack_featured_media_url":"https:\/\/i0.wp.com\/acltf.org\/wordpressacltf\/wp-content\/uploads\/2023\/11\/Cartel-Polivagal.jpg?fit=1131%2C1600","jetpack_sharing_enabled":true,"jetpack_shortlink":"https:\/\/wp.me\/p6UE5O-de","jetpack_likes_enabled":true,"_links":{"self":[{"href":"http:\/\/acltf.org\/wordpressacltf\/wp-json\/wp\/v2\/posts\/820"}],"collection":[{"href":"http:\/\/acltf.org\/wordpressacltf\/wp-json\/wp\/v2\/posts"}],"about":[{"href":"http:\/\/acltf.org\/wordpressacltf\/wp-json\/wp\/v2\/types\/post"}],"author":[{"embeddable":true,"href":"http:\/\/acltf.org\/wordpressacltf\/wp-json\/wp\/v2\/users\/1"}],"replies":[{"embeddable":true,"href":"http:\/\/acltf.org\/wordpressacltf\/wp-json\/wp\/v2\/comments?post=820"}],"version-history":[{"count":1,"href":"http:\/\/acltf.org\/wordpressacltf\/wp-json\/wp\/v2\/posts\/820\/revisions"}],"predecessor-version":[{"id":823,"href":"http:\/\/acltf.org\/wordpressacltf\/wp-json\/wp\/v2\/posts\/820\/revisions\/823"}],"wp:featuredmedia":[{"embeddable":true,"href":"http:\/\/acltf.org\/wordpressacltf\/wp-json\/wp\/v2\/media\/822"}],"wp:attachment":[{"href":"http:\/\/acltf.org\/wordpressacltf\/wp-json\/wp\/v2\/media?parent=820"}],"wp:term":[{"taxonomy":"category","embeddable":true,"href":"http:\/\/acltf.org\/wordpressacltf\/wp-json\/wp\/v2\/categories?post=820"},{"taxonomy":"post_tag","embeddable":true,"href":"http:\/\/acltf.org\/wordpressacltf\/wp-json\/wp\/v2\/tags?post=820"}],"curies":[{"name":"wp","href":"https:\/\/api.w.org\/{rel}","templated":true}]}}