{"id":825,"date":"2024-07-19T10:44:30","date_gmt":"2024-07-19T08:44:30","guid":{"rendered":"http:\/\/acltf.org\/wordpressacltf\/?p=825"},"modified":"2024-07-25T14:20:35","modified_gmt":"2024-07-25T12:20:35","slug":"formacion-caja-arena-valladolid","status":"publish","type":"post","link":"http:\/\/acltf.org\/wordpressacltf\/2024\/07\/19\/formacion-caja-arena-valladolid\/","title":{"rendered":"Formaci\u00f3n en la t\u00e9cnica &#8220;Caja de Arena&#8221;, por Jos\u00e9 Luis Gonzalo\u00a0Marrod\u00e1n"},"content":{"rendered":"\n<p><strong>Presentaci\u00f3n<\/strong><\/p>\n\n\n\n<p>Esta t\u00e9cnica permite trabajar cuando resulta dif\u00edcil la verbalizaci\u00f3n de los contenidos ps\u00edquicos; y esto es especialmente importante cuando el paciente tiene dificultades en ponerlos en palabras, como ocurre habitualmente en los ni\u00f1os. Cuando el origen del problema es un trauma infantil, recordar y explicar es una fuente adicional de sufrimiento. Utilizar la caja de arena permite la distancia emocional necesaria para ir elaborando la experiencia traum\u00e1tica sin tanto dolor. Adem\u00e1s, el juego es el lenguaje natural del ni\u00f1o y le permite una narrativa que le permite liberar, expresar y simbolizar, desarrollando sentimientos de control, lo que sucede y lo que vive en su interior. El modelo te\u00f3rico en el que insertamos la aplicaci\u00f3n de la t\u00e9cnica se basa, pues, en las aplicaciones del trauma, el apego y la resiliencia.<\/p>\n\n\n\n<figure class=\"wp-block-image size-large is-resized\"><a href=\"https:\/\/i0.wp.com\/acltf.org\/wordpressacltf\/wp-content\/uploads\/2024\/07\/Cartel_caja_arena.jpg\"><img decoding=\"async\" loading=\"lazy\" src=\"https:\/\/i0.wp.com\/acltf.org\/wordpressacltf\/wp-content\/uploads\/2024\/07\/Cartel_caja_arena.jpg?resize=545%2C771\" alt=\"Cartel_caja_arena\" class=\"wp-image-826\" width=\"545\" height=\"771\" srcset=\"https:\/\/i0.wp.com\/acltf.org\/wordpressacltf\/wp-content\/uploads\/2024\/07\/Cartel_caja_arena.jpg?resize=724%2C1024 724w, https:\/\/i0.wp.com\/acltf.org\/wordpressacltf\/wp-content\/uploads\/2024\/07\/Cartel_caja_arena.jpg?resize=212%2C300 212w, https:\/\/i0.wp.com\/acltf.org\/wordpressacltf\/wp-content\/uploads\/2024\/07\/Cartel_caja_arena.jpg?resize=768%2C1086 768w, https:\/\/i0.wp.com\/acltf.org\/wordpressacltf\/wp-content\/uploads\/2024\/07\/Cartel_caja_arena.jpg?resize=1086%2C1536 1086w, https:\/\/i0.wp.com\/acltf.org\/wordpressacltf\/wp-content\/uploads\/2024\/07\/Cartel_caja_arena.jpg?resize=220%2C311 220w, https:\/\/i0.wp.com\/acltf.org\/wordpressacltf\/wp-content\/uploads\/2024\/07\/Cartel_caja_arena.jpg?resize=187%2C265 187w, https:\/\/i0.wp.com\/acltf.org\/wordpressacltf\/wp-content\/uploads\/2024\/07\/Cartel_caja_arena.jpg?resize=453%2C641 453w, https:\/\/i0.wp.com\/acltf.org\/wordpressacltf\/wp-content\/uploads\/2024\/07\/Cartel_caja_arena.jpg?w=1131 1131w\" sizes=\"(max-width: 545px) 100vw, 545px\" data-recalc-dims=\"1\" \/><\/a><\/figure>\n\n\n\n<hr class=\"wp-block-separator has-alpha-channel-opacity\"\/>\n\n\n\n<p><strong>Docente<\/strong><\/p>\n\n\n\n<p>Jos\u00e9 Luis Gonzalo Marrod\u00e1n. San Sebasti\u00e1n-Donostia. Psic\u00f3logo Especialista en Psicolog\u00eda Cl\u00ednica. Psicoterapeuta por la EFPA. Postgrado en traumaterapia sist\u00e9mica-infantil por el IFIV de Barcelona. Cl\u00ednico EMDR en adultos y EMDR en ni\u00f1os y adolescentes (nivel II). Trabaja en su consulta privada realizando tratamiento psicoterap\u00e9utico a ni\u00f1os, adolescentes y adultos. Desde 1999 su campo de inter\u00e9s profesional se centra en la psicoterapia basada en el apego y en la traumaterapia con ni\u00f1os y j\u00f3venes adoptados y acogidos. Combina su actividad como psicoterapeuta con la de formador de profesionales y familias. Dirige el blog: <a href=\"http:\/\/www.buenostratos.com\">www.buenostratos.com<\/a><\/p>\n\n\n\n<hr class=\"wp-block-separator has-alpha-channel-opacity\"\/>\n\n\n\n<p><strong>CURSO B\u00c1SICO. <\/strong>T\u00c9CNICA DE LA CAJA DE ARENA.C\u00d3MO CONDUCIR UNA SESI\u00d3N CON NI\u00d1OS Y ADULTOS<\/p>\n\n\n\n<p>En este curso b\u00e1sico pretendemos que los alumnos\/as puedan sentir la experiencia de hacer una caja de arena aplicando correctamente los pasos que deben de seguir para llevar adelante una sesi\u00f3n con la caja de arena en sus tres fases: preparaci\u00f3n, creaci\u00f3n y postcreaci\u00f3n, tanto desde el rol del paciente como del psicoterapeuta.<\/p>\n\n\n\n<p>Aprenderemos los or\u00edgenes de la t\u00e9cnica, los materiales que necesitamos y d\u00f3nde adquirirlos, las consignas que deben darse al paciente, los aspectos que deben de respetarse, alcances y limitaciones de la t\u00e9cnica, la actitud del terapeuta y las precauciones con determinados pacientes.<\/p>\n\n\n\n<p>Lo m\u00e1s importante de todo es la vivencia de realizar la caja de arena con un terapeuta conectado emocionalmente y receptivo emp\u00e1ticamente. Por ello, la mayor parte del tiempo del taller la dedicaremos a la pr\u00e1ctica, a que todos\/as los\/as alumnos\/as hagan su caja de arena y puedan ensayar el rol del psicoterapeuta.<\/p>\n\n\n\n<p><strong>Contenidos<\/strong><\/p>\n\n\n\n<ul>\n<li>Los or\u00edgenes de la t\u00e9cnica, hacer un poco de historia.<\/li>\n\n\n\n<li>Para qui\u00e9nes est\u00e1 indicada esta t\u00e9cnica.<\/li>\n\n\n\n<li>Los pasos en la conducci\u00f3n de una sesi\u00f3n con la t\u00e9cnica de la caja de arena.<\/li>\n\n\n\n<li>La actitud del terapeuta: qu\u00e9 observar y a qu\u00e9 prestar atenci\u00f3n.<\/li>\n\n\n\n<li>Alcances y l\u00edmites de la t\u00e9cnica.<\/li>\n\n\n\n<li>An\u00e1lisis e interpretaci\u00f3n de las cajas de arena: cu\u00e1ndo y c\u00f3mo.<\/li>\n\n\n\n<li>La caja de arena, una t\u00e9cnica basada en la evidencia: datos de investigaciones.<\/li>\n<\/ul>\n\n\n\n<hr class=\"wp-block-separator has-alpha-channel-opacity\"\/>\n\n\n\n<p><strong>CURSO DE ESPECIALIZACI\u00d3N:<\/strong> LA T\u00c9CNICA DE LA CAJA DE ARENA EN EL TRATAMIENTO DEL TRAUMA EN EL DESARROLLO INFANTIL Y EN EL TRAUMA COMPLEJO ADULTO*<\/p>\n\n\n\n<p>*Para poder realizar este curso es obligatorio haber realizado el curso b\u00e1sico<\/p>\n\n\n\n<p><strong>Contenidos<\/strong><strong><\/strong><\/p>\n\n\n\n<ul>\n<li>Conceptos importantes en trauma: trauma simple, trauma complejo, ventana de tolerancia a las emociones, caracter\u00edsticas de los ni\u00f1os\/as con trauma desarrollo y desorganizaci\u00f3n del apego.<\/li>\n\n\n\n<li>El modelo de traumaterapia sist\u00e9mica y la caja de arena.<\/li>\n\n\n\n<li>Previo al trabajo con el ni\u00f1o\/a en la caja de arena: aprendizaje de recursos de regulaci\u00f3n emocional. El terapeuta como regulador interpersonal.&nbsp;<\/li>\n\n\n\n<li>Indicadores de trauma y de abuso sexual en las cajas de arena de los ni\u00f1os\/as.<\/li>\n\n\n\n<li>Papel de los padres\/madres o cuidadores de la persona menor de edad<\/li>\n\n\n\n<li>Caja de arena y desarrollo.&nbsp;<\/li>\n\n\n\n<li>La caja de arena en el tratamiento del trauma en el desarrollo: conexi\u00f3n emocional con el ni\u00f1o, con el mundo en la arena y entre los tres.&nbsp;<\/li>\n\n\n\n<li>Metodolog\u00edas de trabajo con la caja de arena: no directiva y directiva. \u00bfCu\u00e1l? \u00bfC\u00f3mo? \u00bfCu\u00e1ndo?<\/li>\n\n\n\n<li>La caja de arena para el trabajo de la regulaci\u00f3n de las emociones.<\/li>\n\n\n\n<li>La caja de arena para empoderar al paciente: potenciaci\u00f3n de recursos y fortalezas.<\/li>\n\n\n\n<li>La caja de arena para procesar contenidos traum\u00e1ticos.&nbsp;<\/li>\n<\/ul>\n\n\n\n<hr class=\"wp-block-separator has-alpha-channel-opacity\"\/>\n\n\n\n<p><strong>Metodolog\u00eda<\/strong><strong><\/strong><\/p>\n\n\n\n<ul>\n<li>Los alumnos deber\u00e1n visionar los d\u00edas previos a la fecha del curso dos v\u00eddeos que les ser\u00e1n enviados al confirmar su inscripci\u00f3n.<\/li>\n\n\n\n<li>Elaboraci\u00f3n de cajas de arena por parte de los alumnos, aprendiendo los pasos en la aplicaci\u00f3n y conducci\u00f3n de una sesi\u00f3n.<\/li>\n\n\n\n<li>Breves exposiciones te\u00f3ricas.<\/li>\n\n\n\n<li>Visionado de v\u00eddeos con casos pr\u00e1cticos reales.<\/li>\n<\/ul>\n\n\n\n<hr class=\"wp-block-separator has-alpha-channel-opacity\"\/>\n\n\n\n<p><strong>Lugar de realizaci\u00f3n<\/strong><\/p>\n\n\n\n<p><strong>Centro Antheo<\/strong><\/p>\n\n\n\n<p><strong>&nbsp;<\/strong><a href=\"https:\/\/www.google.com\/maps\/place\/data=!4m2!3m1!1s0xd476d4d5f2c5389:0x55b74c091a414fc0?sa=X&amp;ved=1t:8290&amp;ictx=111\">C. Pasi\u00f3n, 13, 4\u00b0 Derecha<\/a><\/p>\n\n\n\n<p>Valladolid<\/p>\n\n\n\n<hr class=\"wp-block-separator has-alpha-channel-opacity\"\/>\n\n\n\n<p><strong>Fechas y horario<\/strong><\/p>\n\n\n\n<ul>\n<li>Curso b\u00e1sico: s\u00e1bado 21 de septiembre de 2024. De 10 a 14h y de 16 a 19h.<\/li>\n\n\n\n<li>Curso especializaci\u00f3n: domingo 22 de septiembre. De 10 a 14 h.<\/li>\n<\/ul>\n\n\n\n<hr class=\"wp-block-separator has-alpha-channel-opacity\"\/>\n\n\n\n<p><strong>Precio<\/strong><\/p>\n\n\n\n<ul>\n<li>Socios de ACLTF y FEATF: 75\u20ac por cada nivel. 125\u20ac apunt\u00e1ndose a los dos.<\/li>\n\n\n\n<li>Resto de profesionales: 95\u20ac por cada nivel. 175\u20ac apunt\u00e1ndose a los dos.<\/li>\n<\/ul>\n\n\n\n<p>Transferencia bancaria.<br>N\u00ba de Cuenta: Unicaja Banco&nbsp;ES94 2103 4660 1100 3000 0545<\/p>\n\n\n\n<hr class=\"wp-block-separator has-alpha-channel-opacity\"\/>\n\n\n\n<h2 class=\"wp-block-heading\"><strong>Inscripci\u00f3n<\/strong><\/h2>\n\n\n\n<p>Enviar un email a&nbsp;<a href=\"mailto:info@acltf.org\" target=\"_blank\" rel=\"noreferrer noopener\">info@acltf.org<\/a>&nbsp;indicando:<\/p>\n\n\n\n<ul>\n<li>Nombre y apellido<\/li>\n\n\n\n<li>Tel\u00e9fono<\/li>\n\n\n\n<li>Profesi\u00f3n<\/li>\n\n\n\n<li>Indicarnos si sois de la ACLTF, FEATF o ninguna de ellas<\/li>\n\n\n\n<li>Si necesitas factura: DNI y direcci\u00f3n fiscal<\/li>\n\n\n\n<li>Justificante de pago en Unicaja Banco ES94 2103 4660 1100 3000 0545<strong><\/strong><\/li>\n<\/ul>\n\n\n\n<hr class=\"wp-block-separator has-alpha-channel-opacity\"\/>\n\n\n\n<h2 class=\"wp-block-heading\"><strong>Pol\u00edtica de cancelaci\u00f3n<\/strong><\/h2>\n\n\n\n<p>Las cancelaciones anteriores al d\u00eda 9 de septiembre ser\u00e1n 100% reembolsables. A partir de esa fecha, se reembolsar\u00e1 el 70% de la inscripci\u00f3n por gastos organizativos y de gesti\u00f3n.<\/p>\n\n\n\n<p><\/p>\n\n\n\n<p><\/p>\n\n\n\n<p><\/p>\n<a class=\"synved-social-button synved-social-button-follow synved-social-size-48 synved-social-resolution-single synved-social-provider-facebook nolightbox\" data-provider=\"facebook\" target=\"_blank\" rel=\"nofollow\" title=\"Follow us on Facebook\" href=\"https:\/\/www.facebook.com\/facebook\" style=\"font-size: 0px;width:48px;height:48px;margin:0;margin-bottom:5px;margin-right:5px\"><img alt=\"Facebook\" title=\"Follow us on Facebook\" class=\"synved-share-image synved-social-image synved-social-image-follow\" width=\"48\" height=\"48\" style=\"display: inline;width:48px;height:48px;margin: 0;padding: 0;border: none\" src=\"https:\/\/i0.wp.com\/acltf.org\/wordpressacltf\/wp-content\/plugins\/social-media-feather\/synved-social\/image\/social\/regular\/96x96\/facebook.png?resize=48%2C48\" data-recalc-dims=\"1\" \/><\/a><a class=\"synved-social-button synved-social-button-follow synved-social-size-48 synved-social-resolution-single synved-social-provider-twitter nolightbox\" data-provider=\"twitter\" target=\"_blank\" rel=\"nofollow\" title=\"Follow us on Twitter\" href=\"https:\/\/twitter.com\/twitter\" style=\"font-size: 0px;width:48px;height:48px;margin:0;margin-bottom:5px;margin-right:5px\"><img alt=\"twitter\" title=\"Follow us on Twitter\" class=\"synved-share-image synved-social-image synved-social-image-follow\" width=\"48\" height=\"48\" style=\"display: inline;width:48px;height:48px;margin: 0;padding: 0;border: none\" src=\"https:\/\/i0.wp.com\/acltf.org\/wordpressacltf\/wp-content\/plugins\/social-media-feather\/synved-social\/image\/social\/regular\/96x96\/twitter.png?resize=48%2C48\" data-recalc-dims=\"1\" \/><\/a><a class=\"synved-social-button synved-social-button-follow synved-social-size-48 synved-social-resolution-single synved-social-provider-linkedin nolightbox\" data-provider=\"linkedin\" target=\"_blank\" rel=\"nofollow\" title=\"Find us on Linkedin\" href=\"https:\/\/www.linkedin.com\/in\/yourid\" style=\"font-size: 0px;width:48px;height:48px;margin:0;margin-bottom:5px;margin-right:5px\"><img alt=\"linkedin\" title=\"Find us on Linkedin\" class=\"synved-share-image synved-social-image synved-social-image-follow\" width=\"48\" height=\"48\" style=\"display: inline;width:48px;height:48px;margin: 0;padding: 0;border: none\" src=\"https:\/\/i0.wp.com\/acltf.org\/wordpressacltf\/wp-content\/plugins\/social-media-feather\/synved-social\/image\/social\/regular\/96x96\/linkedin.png?resize=48%2C48\" data-recalc-dims=\"1\" \/><\/a><a class=\"synved-social-button synved-social-button-follow synved-social-size-48 synved-social-resolution-single synved-social-provider-instagram nolightbox\" data-provider=\"instagram\" target=\"_blank\" rel=\"nofollow\" title=\"Check out our instagram feed\" href=\"https:\/\/instagram.com\/myusername\" style=\"font-size: 0px;width:48px;height:48px;margin:0;margin-bottom:5px;margin-right:5px\"><img alt=\"instagram\" title=\"Check out our instagram feed\" class=\"synved-share-image synved-social-image synved-social-image-follow\" width=\"48\" height=\"48\" style=\"display: inline;width:48px;height:48px;margin: 0;padding: 0;border: none\" src=\"https:\/\/i0.wp.com\/acltf.org\/wordpressacltf\/wp-content\/plugins\/social-media-feather\/synved-social\/image\/social\/regular\/96x96\/instagram.png?resize=48%2C48\" data-recalc-dims=\"1\" \/><\/a><a class=\"synved-social-button synved-social-button-follow synved-social-size-48 synved-social-resolution-single synved-social-provider-flickr nolightbox\" data-provider=\"flickr\" target=\"_blank\" rel=\"nofollow\" title=\"Check out our flickr feed\" href=\"https:\/\/www.flickr.com\/photos\/myusername\/\" style=\"font-size: 0px;width:48px;height:48px;margin:0;margin-bottom:5px;margin-right:5px\"><img alt=\"flickr\" title=\"Check out our flickr feed\" class=\"synved-share-image synved-social-image synved-social-image-follow\" width=\"48\" height=\"48\" style=\"display: inline;width:48px;height:48px;margin: 0;padding: 0;border: none\" src=\"https:\/\/i0.wp.com\/acltf.org\/wordpressacltf\/wp-content\/plugins\/social-media-feather\/synved-social\/image\/social\/regular\/96x96\/flickr.png?resize=48%2C48\" data-recalc-dims=\"1\" \/><\/a><a class=\"synved-social-button synved-social-button-follow synved-social-size-48 synved-social-resolution-single synved-social-provider-foursquare nolightbox\" data-provider=\"foursquare\" target=\"_blank\" rel=\"nofollow\" title=\"Check out our foursquare feed\" href=\"https:\/\/foursquare.com\/myusername\" style=\"font-size: 0px;width:48px;height:48px;margin:0;margin-bottom:5px;margin-right:5px\"><img alt=\"foursquare\" title=\"Check out our foursquare feed\" class=\"synved-share-image synved-social-image synved-social-image-follow\" width=\"48\" height=\"48\" style=\"display: inline;width:48px;height:48px;margin: 0;padding: 0;border: none\" src=\"https:\/\/i0.wp.com\/acltf.org\/wordpressacltf\/wp-content\/plugins\/social-media-feather\/synved-social\/image\/social\/regular\/96x96\/foursquare.png?resize=48%2C48\" data-recalc-dims=\"1\" \/><\/a><a class=\"synved-social-button synved-social-button-follow synved-social-size-48 synved-social-resolution-single synved-social-provider-mail nolightbox\" data-provider=\"mail\" rel=\"nofollow\" title=\"Contact Us\" href=\"mailto:mail@example.com?subject=Contact%20Request\" style=\"font-size: 0px;width:48px;height:48px;margin:0;margin-bottom:5px\"><img alt=\"mail\" title=\"Contact Us\" class=\"synved-share-image synved-social-image synved-social-image-follow\" width=\"48\" height=\"48\" style=\"display: inline;width:48px;height:48px;margin: 0;padding: 0;border: none\" src=\"https:\/\/i0.wp.com\/acltf.org\/wordpressacltf\/wp-content\/plugins\/social-media-feather\/synved-social\/image\/social\/regular\/96x96\/mail.png?resize=48%2C48\" data-recalc-dims=\"1\" \/><\/a>","protected":false},"excerpt":{"rendered":"<p>Presentaci\u00f3n Esta t\u00e9cnica permite trabajar cuando resulta dif\u00edcil la verbalizaci\u00f3n de los contenidos ps\u00edquicos; y esto es especialmente importante cuando el paciente tiene dificultades en ponerlos en palabras, como ocurre habitualmente en los ni\u00f1os. Cuando el origen del problema es un trauma infantil, recordar y explicar es una fuente adicional de sufrimiento. Utilizar la caja [&hellip;]<\/p>\n","protected":false},"author":1,"featured_media":826,"comment_status":"open","ping_status":"open","sticky":false,"template":"","format":"standard","meta":{"jetpack_post_was_ever_published":false,"_jetpack_newsletter_access":"","_jetpack_newsletter_tier_id":0,"jetpack_publicize_message":"","jetpack_is_tweetstorm":false,"jetpack_publicize_feature_enabled":true,"jetpack_social_post_already_shared":true,"jetpack_social_options":{"image_generator_settings":{"template":"highway","enabled":false}}},"categories":[20,6],"tags":[11,13,14],"jetpack_publicize_connections":[],"yoast_head":"<!-- This site is optimized with the Yoast SEO plugin v21.8.1 - https:\/\/yoast.com\/wordpress\/plugins\/seo\/ -->\n<title>Formaci\u00f3n en la t\u00e9cnica &quot;Caja de Arena&quot;, por Jos\u00e9 Luis Gonzalo\u00a0Marrod\u00e1n - Asociaci\u00f3n Castellano Leonesa de Terapia Familiar<\/title>\n<meta name=\"description\" content=\"Formaci\u00f3n en la t\u00e9cnica &quot;Caja de Arena&quot;, por Jos\u00e9 Luis Gonzalo\u00a0Marrod\u00e1n. Curso que se realizar\u00e1 en Valladolid en septiembre.\" \/>\n<meta name=\"robots\" content=\"index, follow, max-snippet:-1, max-image-preview:large, max-video-preview:-1\" \/>\n<link rel=\"canonical\" href=\"https:\/\/acltf.org\/wordpressacltf\/2024\/07\/19\/formacion-caja-arena-valladolid\/\" \/>\n<meta property=\"og:locale\" content=\"es_ES\" \/>\n<meta property=\"og:type\" content=\"article\" \/>\n<meta property=\"og:title\" content=\"Formaci\u00f3n en la t\u00e9cnica &quot;Caja de Arena&quot;, por Jos\u00e9 Luis Gonzalo\u00a0Marrod\u00e1n - Asociaci\u00f3n Castellano Leonesa de Terapia Familiar\" \/>\n<meta property=\"og:description\" content=\"Formaci\u00f3n en la t\u00e9cnica &quot;Caja de Arena&quot;, por Jos\u00e9 Luis Gonzalo\u00a0Marrod\u00e1n. Curso que se realizar\u00e1 en Valladolid en septiembre.\" \/>\n<meta property=\"og:url\" content=\"https:\/\/acltf.org\/wordpressacltf\/2024\/07\/19\/formacion-caja-arena-valladolid\/\" \/>\n<meta property=\"og:site_name\" content=\"Asociaci\u00f3n Castellano Leonesa de Terapia Familiar\" \/>\n<meta property=\"article:publisher\" content=\"https:\/\/www.facebook.com\/pages\/Asociaci%c3%b3n-Castellano-Leonesa-de-Terapia-Familiar\/820904984647986?fref=ts\" \/>\n<meta property=\"article:published_time\" content=\"2024-07-19T08:44:30+00:00\" \/>\n<meta property=\"article:modified_time\" content=\"2024-07-25T12:20:35+00:00\" \/>\n<meta property=\"og:image\" content=\"https:\/\/i0.wp.com\/acltf.org\/wordpressacltf\/wp-content\/uploads\/2024\/07\/Cartel_caja_arena.jpg?fit=1131%2C1600&ssl=1\" \/>\n\t<meta property=\"og:image:width\" content=\"1131\" \/>\n\t<meta property=\"og:image:height\" content=\"1600\" \/>\n\t<meta property=\"og:image:type\" content=\"image\/jpeg\" \/>\n<meta name=\"author\" content=\"acltf\" \/>\n<meta name=\"twitter:card\" content=\"summary_large_image\" \/>\n<meta name=\"twitter:label1\" content=\"Escrito por\" \/>\n\t<meta name=\"twitter:data1\" content=\"acltf\" \/>\n\t<meta name=\"twitter:label2\" content=\"Tiempo de lectura\" \/>\n\t<meta name=\"twitter:data2\" content=\"5 minutos\" \/>\n<script type=\"application\/ld+json\" class=\"yoast-schema-graph\">{\"@context\":\"https:\/\/schema.org\",\"@graph\":[{\"@type\":\"Article\",\"@id\":\"https:\/\/acltf.org\/wordpressacltf\/2024\/07\/19\/formacion-caja-arena-valladolid\/#article\",\"isPartOf\":{\"@id\":\"https:\/\/acltf.org\/wordpressacltf\/2024\/07\/19\/formacion-caja-arena-valladolid\/\"},\"author\":{\"name\":\"acltf\",\"@id\":\"http:\/\/acltf.org\/wordpressacltf\/#\/schema\/person\/b6c564ade2d2bb9314129dcb39e0e683\"},\"headline\":\"Formaci\u00f3n en la t\u00e9cnica &#8220;Caja de Arena&#8221;, por Jos\u00e9 Luis Gonzalo\u00a0Marrod\u00e1n\",\"datePublished\":\"2024-07-19T08:44:30+00:00\",\"dateModified\":\"2024-07-25T12:20:35+00:00\",\"mainEntityOfPage\":{\"@id\":\"https:\/\/acltf.org\/wordpressacltf\/2024\/07\/19\/formacion-caja-arena-valladolid\/\"},\"wordCount\":990,\"commentCount\":64,\"publisher\":{\"@id\":\"http:\/\/acltf.org\/wordpressacltf\/#organization\"},\"keywords\":[\"castilla y le\u00f3n psicolog\u00eda\",\"curso\",\"formacion\"],\"articleSection\":[\"Curso\",\"Noticias\"],\"inLanguage\":\"es\",\"potentialAction\":[{\"@type\":\"CommentAction\",\"name\":\"Comment\",\"target\":[\"https:\/\/acltf.org\/wordpressacltf\/2024\/07\/19\/formacion-caja-arena-valladolid\/#respond\"]}]},{\"@type\":\"WebPage\",\"@id\":\"https:\/\/acltf.org\/wordpressacltf\/2024\/07\/19\/formacion-caja-arena-valladolid\/\",\"url\":\"https:\/\/acltf.org\/wordpressacltf\/2024\/07\/19\/formacion-caja-arena-valladolid\/\",\"name\":\"Formaci\u00f3n en la t\u00e9cnica \\\"Caja de Arena\\\", por Jos\u00e9 Luis Gonzalo\u00a0Marrod\u00e1n - Asociaci\u00f3n Castellano Leonesa de Terapia Familiar\",\"isPartOf\":{\"@id\":\"http:\/\/acltf.org\/wordpressacltf\/#website\"},\"datePublished\":\"2024-07-19T08:44:30+00:00\",\"dateModified\":\"2024-07-25T12:20:35+00:00\",\"description\":\"Formaci\u00f3n en la t\u00e9cnica \\\"Caja de Arena\\\", por Jos\u00e9 Luis Gonzalo\u00a0Marrod\u00e1n. Curso que se realizar\u00e1 en Valladolid en septiembre.\",\"breadcrumb\":{\"@id\":\"https:\/\/acltf.org\/wordpressacltf\/2024\/07\/19\/formacion-caja-arena-valladolid\/#breadcrumb\"},\"inLanguage\":\"es\",\"potentialAction\":[{\"@type\":\"ReadAction\",\"target\":[\"https:\/\/acltf.org\/wordpressacltf\/2024\/07\/19\/formacion-caja-arena-valladolid\/\"]}]},{\"@type\":\"BreadcrumbList\",\"@id\":\"https:\/\/acltf.org\/wordpressacltf\/2024\/07\/19\/formacion-caja-arena-valladolid\/#breadcrumb\",\"itemListElement\":[{\"@type\":\"ListItem\",\"position\":1,\"name\":\"Portada\",\"item\":\"http:\/\/acltf.org\/wordpressacltf\/\"},{\"@type\":\"ListItem\",\"position\":2,\"name\":\"Formaci\u00f3n en la t\u00e9cnica &#8220;Caja de Arena&#8221;, por Jos\u00e9 Luis Gonzalo\u00a0Marrod\u00e1n\"}]},{\"@type\":\"WebSite\",\"@id\":\"http:\/\/acltf.org\/wordpressacltf\/#website\",\"url\":\"http:\/\/acltf.org\/wordpressacltf\/\",\"name\":\"Asociaci\u00f3n Castellano Leonesa de Terapia Familiar\",\"description\":\"Asociaci\u00f3n de Terapia Familiar\",\"publisher\":{\"@id\":\"http:\/\/acltf.org\/wordpressacltf\/#organization\"},\"potentialAction\":[{\"@type\":\"SearchAction\",\"target\":{\"@type\":\"EntryPoint\",\"urlTemplate\":\"http:\/\/acltf.org\/wordpressacltf\/?s={search_term_string}\"},\"query-input\":\"required name=search_term_string\"}],\"inLanguage\":\"es\"},{\"@type\":\"Organization\",\"@id\":\"http:\/\/acltf.org\/wordpressacltf\/#organization\",\"name\":\"acltf\",\"url\":\"http:\/\/acltf.org\/wordpressacltf\/\",\"logo\":{\"@type\":\"ImageObject\",\"inLanguage\":\"es\",\"@id\":\"http:\/\/acltf.org\/wordpressacltf\/#\/schema\/logo\/image\/\",\"url\":\"http:\/\/acltf.org\/wordpressacltf\/wp-content\/uploads\/2015\/05\/Logo250.png\",\"contentUrl\":\"http:\/\/acltf.org\/wordpressacltf\/wp-content\/uploads\/2015\/05\/Logo250.png\",\"width\":250,\"height\":250,\"caption\":\"acltf\"},\"image\":{\"@id\":\"http:\/\/acltf.org\/wordpressacltf\/#\/schema\/logo\/image\/\"},\"sameAs\":[\"https:\/\/www.facebook.com\/pages\/Asociaci\u00f3n-Castellano-Leonesa-de-Terapia-Familiar\/820904984647986?fref=ts\"]},{\"@type\":\"Person\",\"@id\":\"http:\/\/acltf.org\/wordpressacltf\/#\/schema\/person\/b6c564ade2d2bb9314129dcb39e0e683\",\"name\":\"acltf\",\"image\":{\"@type\":\"ImageObject\",\"inLanguage\":\"es\",\"@id\":\"http:\/\/acltf.org\/wordpressacltf\/#\/schema\/person\/image\/\",\"url\":\"http:\/\/2.gravatar.com\/avatar\/e02eb9fac6bef8ad5fde1db30df7d020?s=96&d=mm&r=g\",\"contentUrl\":\"http:\/\/2.gravatar.com\/avatar\/e02eb9fac6bef8ad5fde1db30df7d020?s=96&d=mm&r=g\",\"caption\":\"acltf\"},\"description\":\"Asociaci\u00f3n de Terapia Familiar de Castilla y Le\u00f3n info@acltf.org\",\"url\":\"http:\/\/acltf.org\/wordpressacltf\/author\/acltf\/\"}]}<\/script>\n<!-- \/ Yoast SEO plugin. -->","yoast_head_json":{"title":"Formaci\u00f3n en la t\u00e9cnica \"Caja de Arena\", por Jos\u00e9 Luis Gonzalo\u00a0Marrod\u00e1n - Asociaci\u00f3n Castellano Leonesa de Terapia Familiar","description":"Formaci\u00f3n en la t\u00e9cnica \"Caja de Arena\", por Jos\u00e9 Luis Gonzalo\u00a0Marrod\u00e1n. Curso que se realizar\u00e1 en Valladolid en septiembre.","robots":{"index":"index","follow":"follow","max-snippet":"max-snippet:-1","max-image-preview":"max-image-preview:large","max-video-preview":"max-video-preview:-1"},"canonical":"https:\/\/acltf.org\/wordpressacltf\/2024\/07\/19\/formacion-caja-arena-valladolid\/","og_locale":"es_ES","og_type":"article","og_title":"Formaci\u00f3n en la t\u00e9cnica \"Caja de Arena\", por Jos\u00e9 Luis Gonzalo\u00a0Marrod\u00e1n - Asociaci\u00f3n Castellano Leonesa de Terapia Familiar","og_description":"Formaci\u00f3n en la t\u00e9cnica \"Caja de Arena\", por Jos\u00e9 Luis Gonzalo\u00a0Marrod\u00e1n. Curso que se realizar\u00e1 en Valladolid en septiembre.","og_url":"https:\/\/acltf.org\/wordpressacltf\/2024\/07\/19\/formacion-caja-arena-valladolid\/","og_site_name":"Asociaci\u00f3n Castellano Leonesa de Terapia Familiar","article_publisher":"https:\/\/www.facebook.com\/pages\/Asociaci%c3%b3n-Castellano-Leonesa-de-Terapia-Familiar\/820904984647986?fref=ts","article_published_time":"2024-07-19T08:44:30+00:00","article_modified_time":"2024-07-25T12:20:35+00:00","og_image":[{"width":1131,"height":1600,"url":"https:\/\/i0.wp.com\/acltf.org\/wordpressacltf\/wp-content\/uploads\/2024\/07\/Cartel_caja_arena.jpg?fit=1131%2C1600&ssl=1","type":"image\/jpeg"}],"author":"acltf","twitter_card":"summary_large_image","twitter_misc":{"Escrito por":"acltf","Tiempo de lectura":"5 minutos"},"schema":{"@context":"https:\/\/schema.org","@graph":[{"@type":"Article","@id":"https:\/\/acltf.org\/wordpressacltf\/2024\/07\/19\/formacion-caja-arena-valladolid\/#article","isPartOf":{"@id":"https:\/\/acltf.org\/wordpressacltf\/2024\/07\/19\/formacion-caja-arena-valladolid\/"},"author":{"name":"acltf","@id":"http:\/\/acltf.org\/wordpressacltf\/#\/schema\/person\/b6c564ade2d2bb9314129dcb39e0e683"},"headline":"Formaci\u00f3n en la t\u00e9cnica &#8220;Caja de Arena&#8221;, por Jos\u00e9 Luis Gonzalo\u00a0Marrod\u00e1n","datePublished":"2024-07-19T08:44:30+00:00","dateModified":"2024-07-25T12:20:35+00:00","mainEntityOfPage":{"@id":"https:\/\/acltf.org\/wordpressacltf\/2024\/07\/19\/formacion-caja-arena-valladolid\/"},"wordCount":990,"commentCount":64,"publisher":{"@id":"http:\/\/acltf.org\/wordpressacltf\/#organization"},"keywords":["castilla y le\u00f3n psicolog\u00eda","curso","formacion"],"articleSection":["Curso","Noticias"],"inLanguage":"es","potentialAction":[{"@type":"CommentAction","name":"Comment","target":["https:\/\/acltf.org\/wordpressacltf\/2024\/07\/19\/formacion-caja-arena-valladolid\/#respond"]}]},{"@type":"WebPage","@id":"https:\/\/acltf.org\/wordpressacltf\/2024\/07\/19\/formacion-caja-arena-valladolid\/","url":"https:\/\/acltf.org\/wordpressacltf\/2024\/07\/19\/formacion-caja-arena-valladolid\/","name":"Formaci\u00f3n en la t\u00e9cnica \"Caja de Arena\", por Jos\u00e9 Luis Gonzalo\u00a0Marrod\u00e1n - Asociaci\u00f3n Castellano Leonesa de Terapia Familiar","isPartOf":{"@id":"http:\/\/acltf.org\/wordpressacltf\/#website"},"datePublished":"2024-07-19T08:44:30+00:00","dateModified":"2024-07-25T12:20:35+00:00","description":"Formaci\u00f3n en la t\u00e9cnica \"Caja de Arena\", por Jos\u00e9 Luis Gonzalo\u00a0Marrod\u00e1n. Curso que se realizar\u00e1 en Valladolid en septiembre.","breadcrumb":{"@id":"https:\/\/acltf.org\/wordpressacltf\/2024\/07\/19\/formacion-caja-arena-valladolid\/#breadcrumb"},"inLanguage":"es","potentialAction":[{"@type":"ReadAction","target":["https:\/\/acltf.org\/wordpressacltf\/2024\/07\/19\/formacion-caja-arena-valladolid\/"]}]},{"@type":"BreadcrumbList","@id":"https:\/\/acltf.org\/wordpressacltf\/2024\/07\/19\/formacion-caja-arena-valladolid\/#breadcrumb","itemListElement":[{"@type":"ListItem","position":1,"name":"Portada","item":"http:\/\/acltf.org\/wordpressacltf\/"},{"@type":"ListItem","position":2,"name":"Formaci\u00f3n en la t\u00e9cnica &#8220;Caja de Arena&#8221;, por Jos\u00e9 Luis Gonzalo\u00a0Marrod\u00e1n"}]},{"@type":"WebSite","@id":"http:\/\/acltf.org\/wordpressacltf\/#website","url":"http:\/\/acltf.org\/wordpressacltf\/","name":"Asociaci\u00f3n Castellano Leonesa de Terapia Familiar","description":"Asociaci\u00f3n de Terapia Familiar","publisher":{"@id":"http:\/\/acltf.org\/wordpressacltf\/#organization"},"potentialAction":[{"@type":"SearchAction","target":{"@type":"EntryPoint","urlTemplate":"http:\/\/acltf.org\/wordpressacltf\/?s={search_term_string}"},"query-input":"required name=search_term_string"}],"inLanguage":"es"},{"@type":"Organization","@id":"http:\/\/acltf.org\/wordpressacltf\/#organization","name":"acltf","url":"http:\/\/acltf.org\/wordpressacltf\/","logo":{"@type":"ImageObject","inLanguage":"es","@id":"http:\/\/acltf.org\/wordpressacltf\/#\/schema\/logo\/image\/","url":"http:\/\/acltf.org\/wordpressacltf\/wp-content\/uploads\/2015\/05\/Logo250.png","contentUrl":"http:\/\/acltf.org\/wordpressacltf\/wp-content\/uploads\/2015\/05\/Logo250.png","width":250,"height":250,"caption":"acltf"},"image":{"@id":"http:\/\/acltf.org\/wordpressacltf\/#\/schema\/logo\/image\/"},"sameAs":["https:\/\/www.facebook.com\/pages\/Asociaci\u00f3n-Castellano-Leonesa-de-Terapia-Familiar\/820904984647986?fref=ts"]},{"@type":"Person","@id":"http:\/\/acltf.org\/wordpressacltf\/#\/schema\/person\/b6c564ade2d2bb9314129dcb39e0e683","name":"acltf","image":{"@type":"ImageObject","inLanguage":"es","@id":"http:\/\/acltf.org\/wordpressacltf\/#\/schema\/person\/image\/","url":"http:\/\/2.gravatar.com\/avatar\/e02eb9fac6bef8ad5fde1db30df7d020?s=96&d=mm&r=g","contentUrl":"http:\/\/2.gravatar.com\/avatar\/e02eb9fac6bef8ad5fde1db30df7d020?s=96&d=mm&r=g","caption":"acltf"},"description":"Asociaci\u00f3n de Terapia Familiar de Castilla y Le\u00f3n info@acltf.org","url":"http:\/\/acltf.org\/wordpressacltf\/author\/acltf\/"}]}},"jetpack_featured_media_url":"https:\/\/i0.wp.com\/acltf.org\/wordpressacltf\/wp-content\/uploads\/2024\/07\/Cartel_caja_arena.jpg?fit=1131%2C1600","jetpack_sharing_enabled":true,"jetpack_shortlink":"https:\/\/wp.me\/p6UE5O-dj","jetpack_likes_enabled":true,"_links":{"self":[{"href":"http:\/\/acltf.org\/wordpressacltf\/wp-json\/wp\/v2\/posts\/825"}],"collection":[{"href":"http:\/\/acltf.org\/wordpressacltf\/wp-json\/wp\/v2\/posts"}],"about":[{"href":"http:\/\/acltf.org\/wordpressacltf\/wp-json\/wp\/v2\/types\/post"}],"author":[{"embeddable":true,"href":"http:\/\/acltf.org\/wordpressacltf\/wp-json\/wp\/v2\/users\/1"}],"replies":[{"embeddable":true,"href":"http:\/\/acltf.org\/wordpressacltf\/wp-json\/wp\/v2\/comments?post=825"}],"version-history":[{"count":4,"href":"http:\/\/acltf.org\/wordpressacltf\/wp-json\/wp\/v2\/posts\/825\/revisions"}],"predecessor-version":[{"id":830,"href":"http:\/\/acltf.org\/wordpressacltf\/wp-json\/wp\/v2\/posts\/825\/revisions\/830"}],"wp:featuredmedia":[{"embeddable":true,"href":"http:\/\/acltf.org\/wordpressacltf\/wp-json\/wp\/v2\/media\/826"}],"wp:attachment":[{"href":"http:\/\/acltf.org\/wordpressacltf\/wp-json\/wp\/v2\/media?parent=825"}],"wp:term":[{"taxonomy":"category","embeddable":true,"href":"http:\/\/acltf.org\/wordpressacltf\/wp-json\/wp\/v2\/categories?post=825"},{"taxonomy":"post_tag","embeddable":true,"href":"http:\/\/acltf.org\/wordpressacltf\/wp-json\/wp\/v2\/tags?post=825"}],"curies":[{"name":"wp","href":"https:\/\/api.w.org\/{rel}","templated":true}]}}